{"id":52581,"date":"2024-12-17T00:43:55","date_gmt":"2024-12-17T06:43:55","guid":{"rendered":"https:\/\/politicosaldesnudo.com.mx\/?p=52581"},"modified":"2024-12-17T00:43:55","modified_gmt":"2024-12-17T06:43:55","slug":"santander-concreta-alianza-con-volvo-car-mexico","status":"publish","type":"post","link":"https:\/\/politicosaldesnudo.com.mx\/index.php\/2024\/12\/17\/santander-concreta-alianza-con-volvo-car-mexico\/","title":{"rendered":"Santander concreta alianza con Volvo Car M\u00e9xico"},"content":{"rendered":"<p>Santander M\u00e9xico concret\u00f3 una alianza con Volvo Car M\u00e9xico, con la cual el banco se convertir\u00e1 en su brazo financiero al menudeo.<\/p>\n<p>\u201cDesde el 4 de diciembre, Volvo Car M\u00e9xico anunci\u00f3 la incorporaci\u00f3n de Santander como su nuevo socio estrat\u00e9gico para la operaci\u00f3n de sus servicios financieros en el pa\u00eds. La alianza est\u00e1 dise\u00f1ada para impulsar el desarrollo y crecimiento de la marca al ofrecer una oferta diferenciada de productos financieros que atienden las necesidades de los clientes y distribuidores\u201d, precis\u00f3 el banco.<\/p>\n<p>El banco indic\u00f3 que asumir\u00e1 la operaci\u00f3n de plan piso y financiamiento al menudeo, dos soluciones clave que ofrecen ventajas competitivas en la industria automotriz. En el \u00e1rea de financiamiento, desde el inicio de la operaci\u00f3n, los clientes tendr\u00e1n acceso a esquemas de cr\u00e9dito tradicional y arrendamiento, adem\u00e1s del programa Balloon, que ser\u00e1 lanzado durante el primer semestre de 2025.<\/p>\n<p>El programa a anunciarse el pr\u00f3ximo a\u00f1o permitir\u00e1 a los clientes contar con pagos mensuales atractivos y al finalizar su contrato el cliente tendr\u00e1 la posibilidad de elegir entre varias opciones, principalmente renovar su auto o conservarlo.<\/p>\n<p>La oferta de lanzamiento ha sido dise\u00f1ada para competir con tasas desde 9.99 por ciento, plazos disponibles de 12 a 72 meses, programas con enganches desde el 10 por ciento y de cero por ciento por comisi\u00f3n por apertura.<\/p>\n<p>Adem\u00e1s, incluye una oferta de m\u00e1s de una aseguradora con la finalidad de que los clientes cuenten con diversas opciones para proteger su inversi\u00f3n.<\/p>\n<p>\u201cEste acuerdo fortalece una relaci\u00f3n global establecida desde 2009, cuando ambas compa\u00f1\u00edas iniciaron una exitosa colaboraci\u00f3n que ahora se extiende al mercado mexicano\u201d, abund\u00f3 Santander en un comunicado.<\/p>\n","protected":false},"excerpt":{"rendered":"<p>Santander M\u00e9xico concret\u00f3 una alianza con Volvo Car M\u00e9xico, con la cual el banco se convertir\u00e1 en su brazo financiero<\/p>\n","protected":false},"author":4,"featured_media":52582,"comment_status":"closed","ping_status":"closed","sticky":false,"template":"","format":"standard","meta":{"colormag_page_container_layout":"default_layout","colormag_page_sidebar_layout":"default_layout","_jetpack_memberships_contains_paid_content":false,"footnotes":"","jetpack_publicize_message":"","jetpack_publicize_feature_enabled":true,"jetpack_social_post_already_shared":false,"jetpack_social_options":{"image_generator_settings":{"template":"highway","default_image_id":0,"font":"","enabled":false},"version":2}},"categories":[2050],"tags":[],"class_list":["post-52581","post","type-post","status-publish","format-standard","has-post-thumbnail","hentry","category-economia"],"jetpack_publicize_connections":[],"jetpack_featured_media_url":"https:\/\/i0.wp.com\/politicosaldesnudo.com.mx\/wp-content\/uploads\/2024\/12\/AA1vYeJG.jpg?fit=768%2C432&ssl=1","jetpack-related-posts":[],"jetpack_sharing_enabled":true,"_links":{"self":[{"href":"https:\/\/politicosaldesnudo.com.mx\/index.php\/wp-json\/wp\/v2\/posts\/52581","targetHints":{"allow":["GET"]}}],"collection":[{"href":"https:\/\/politicosaldesnudo.com.mx\/index.php\/wp-json\/wp\/v2\/posts"}],"about":[{"href":"https:\/\/politicosaldesnudo.com.mx\/index.php\/wp-json\/wp\/v2\/types\/post"}],"author":[{"embeddable":true,"href":"https:\/\/politicosaldesnudo.com.mx\/index.php\/wp-json\/wp\/v2\/users\/4"}],"replies":[{"embeddable":true,"href":"https:\/\/politicosaldesnudo.com.mx\/index.php\/wp-json\/wp\/v2\/comments?post=52581"}],"version-history":[{"count":0,"href":"https:\/\/politicosaldesnudo.com.mx\/index.php\/wp-json\/wp\/v2\/posts\/52581\/revisions"}],"wp:featuredmedia":[{"embeddable":true,"href":"https:\/\/politicosaldesnudo.com.mx\/index.php\/wp-json\/wp\/v2\/media\/52582"}],"wp:attachment":[{"href":"https:\/\/politicosaldesnudo.com.mx\/index.php\/wp-json\/wp\/v2\/media?parent=52581"}],"wp:term":[{"taxonomy":"category","embeddable":true,"href":"https:\/\/politicosaldesnudo.com.mx\/index.php\/wp-json\/wp\/v2\/categories?post=52581"},{"taxonomy":"post_tag","embeddable":true,"href":"https:\/\/politicosaldesnudo.com.mx\/index.php\/wp-json\/wp\/v2\/tags?post=52581"}],"curies":[{"name":"wp","href":"https:\/\/api.w.org\/{rel}","templated":true}]}}