{"id":52590,"date":"2024-12-17T00:52:34","date_gmt":"2024-12-17T06:52:34","guid":{"rendered":"https:\/\/politicosaldesnudo.com.mx\/?p=52590"},"modified":"2024-12-17T00:52:34","modified_gmt":"2024-12-17T06:52:34","slug":"celebran-comuneros-de-chiapas-16-anos-de-autonomia-del-ejido-de-tila","status":"publish","type":"post","link":"https:\/\/politicosaldesnudo.com.mx\/index.php\/2024\/12\/17\/celebran-comuneros-de-chiapas-16-anos-de-autonomia-del-ejido-de-tila\/","title":{"rendered":"Celebran comuneros de Chiapas 16 a\u00f1os de autonom\u00eda del ejido de Tila"},"content":{"rendered":"<p><em>San Crist\u00f3bal de Las Casas<\/em><\/p>\n<p>Habitantes del ejido Tila, miembro del Congreso Nacional Ind\u00edgena (CNI), marcharon este lunes en la cabecera del municipio del mismo nombre para conmemorar \u201c16 a\u00f1os del ejercicio de la autonom\u00eda\u201d, informaron autoridades ejidales.<\/p>\n<p>\u201cHoy 16 de diciembre de 2024 salimos nuevamente a mostrarnos como ejidatarios reconocidos en el Registro Agrario Nacional (RAN) y como hijos y nietos de los 836 b\u00e1sicos. Desfilamos por nuestras calles conmemorando los 14 a\u00f1os del dictamen de la sentencia de amparo n\u00famero (259\/82) que comprende las 5 mil 405 hect\u00e1reas compuestas por 8 barrios y 12 anexos\u201d, agregaron.<\/p>\n<p>En un documento se\u00f1alaron que \u201cdicho dictamen ampara y protege el derecho de los ejidatarios, sustentado en el art\u00edculo 27 de la Constituci\u00f3n Pol\u00edtica y de la legislaci\u00f3n agraria, por lo que los jueces del primer distrito del estado resolvieron que el n\u00facleo de poblaci\u00f3n de Tila est\u00e1 asentado en su totalidad dentro del territorio ejidal representado por la asamblea como la m\u00e1xima autoridad\u201d.<\/p>\n<p>Integrantes del comisariado ejidal explicaron que la marcha, en la que seg\u00fan ellos participaron \u201c11 mil\u201d habitantes, se realiz\u00f3 por la ma\u00f1ana de manera pac\u00edfica por las calles del pueblo y finaliz\u00f3 en el centro con un acto pol\u00edtico.<\/p>\n<p>\u201cZapata vive, la lucha sigue\u201d, \u201cviva la resistencia\u201d, \u201cviva el ejido Tila\u201d, \u201cvivan las 5 mil 405 hect\u00e1reas\u201d, \u201cvivan los ejidatarios originarios de Tila\u201d, \u201cvivan los que defienden su madre tierra\u201d, corearon los manifestantes durante la marcha.<\/p>\n<p>Al llegar al centro del pueblo las autoridades leyeron un documento en el que expresaron que \u201cla asamblea general ejidal est\u00e1 facultada para gobernar a base de sus usos y costumbres sustent\u00e1ndose en el art\u00edculo 2 facci\u00f3n III de la Carta Magna de la Naci\u00f3n, en el que se menciona tambi\u00e9n que este \u00f3rgano tiene la facultad de hacer y deshacer cualquier acuerdo que afecte o favorezca, seg\u00fan las necesidades\u201d.<\/p>\n","protected":false},"excerpt":{"rendered":"<p>San Crist\u00f3bal de Las Casas Habitantes del ejido Tila, miembro del Congreso Nacional Ind\u00edgena (CNI), marcharon este lunes en la [&hellip;]<\/p>\n","protected":false},"author":4,"featured_media":52591,"comment_status":"closed","ping_status":"closed","sticky":false,"template":"","format":"standard","meta":{"site-sidebar-layout":"default","site-content-layout":"","ast-site-content-layout":"default","site-content-style":"default","site-sidebar-style":"default","ast-global-header-display":"","ast-banner-title-visibility":"","ast-main-header-display":"","ast-hfb-above-header-display":"","ast-hfb-below-header-display":"","ast-hfb-mobile-header-display":"","site-post-title":"","ast-breadcrumbs-content":"","ast-featured-img":"","footer-sml-layout":"","ast-disable-related-posts":"","theme-transparent-header-meta":"","adv-header-id-meta":"","stick-header-meta":"","header-above-stick-meta":"","header-main-stick-meta":"","header-below-stick-meta":"","astra-migrate-meta-layouts":"default","ast-page-background-enabled":"default","ast-page-background-meta":{"desktop":{"background-color":"var(--ast-global-color-5)","background-image":"","background-repeat":"repeat","background-position":"center center","background-size":"auto","background-attachment":"scroll","background-type":"","background-media":"","overlay-type":"","overlay-color":"","overlay-opacity":"","overlay-gradient":""},"tablet":{"background-color":"","background-image":"","background-repeat":"repeat","background-position":"center center","background-size":"auto","background-attachment":"scroll","background-type":"","background-media":"","overlay-type":"","overlay-color":"","overlay-opacity":"","overlay-gradient":""},"mobile":{"background-color":"","background-image":"","background-repeat":"repeat","background-position":"center center","background-size":"auto","background-attachment":"scroll","background-type":"","background-media":"","overlay-type":"","overlay-color":"","overlay-opacity":"","overlay-gradient":""}},"ast-content-background-meta":{"desktop":{"background-color":"var(--ast-global-color-4)","background-image":"","background-repeat":"repeat","background-position":"center center","background-size":"auto","background-attachment":"scroll","background-type":"","background-media":"","overlay-type":"","overlay-color":"","overlay-opacity":"","overlay-gradient":""},"tablet":{"background-color":"var(--ast-global-color-4)","background-image":"","background-repeat":"repeat","background-position":"center center","background-size":"auto","background-attachment":"scroll","background-type":"","background-media":"","overlay-type":"","overlay-color":"","overlay-opacity":"","overlay-gradient":""},"mobile":{"background-color":"var(--ast-global-color-4)","background-image":"","background-repeat":"repeat","background-position":"center center","background-size":"auto","background-attachment":"scroll","background-type":"","background-media":"","overlay-type":"","overlay-color":"","overlay-opacity":"","overlay-gradient":""}},"_jetpack_newsletter_access":"","_jetpack_dont_email_post_to_subs":false,"_jetpack_newsletter_tier_id":0,"_jetpack_memberships_contains_paywalled_content":false,"_jetpack_feature_clip_id":0,"_jetpack_memberships_contains_paid_content":false,"footnotes":"","jetpack_publicize_message":"","jetpack_publicize_feature_enabled":true,"jetpack_social_post_already_shared":false,"jetpack_social_options":{"image_generator_settings":{"template":"highway","default_image_id":0,"font":"","enabled":false},"version":2},"jetpack_post_was_ever_published":false},"categories":[30],"tags":[],"class_list":["post-52590","post","type-post","status-publish","format-standard","has-post-thumbnail","hentry","category-estados"],"yoast_head":"<!-- This site is optimized with the Yoast SEO plugin v28.3 - https:\/\/yoast.com\/product\/yoast-seo-wordpress\/ -->\n<title>Celebran comuneros de Chiapas 16 a\u00f1os de autonom\u00eda del ejido de Tila - Pol\u00edticos al Desnudo<\/title>\n<meta name=\"robots\" content=\"index, follow, max-snippet:-1, max-image-preview:large, max-video-preview:-1\" \/>\n<link rel=\"canonical\" href=\"https:\/\/politicosaldesnudo.com.mx\/index.php\/2024\/12\/17\/celebran-comuneros-de-chiapas-16-anos-de-autonomia-del-ejido-de-tila\/\" \/>\n<meta property=\"og:locale\" content=\"es_ES\" \/>\n<meta property=\"og:type\" content=\"article\" \/>\n<meta property=\"og:title\" content=\"Celebran comuneros de Chiapas 16 a\u00f1os de autonom\u00eda del ejido de Tila - Pol\u00edticos al Desnudo\" \/>\n<meta property=\"og:description\" content=\"San Crist\u00f3bal de Las Casas Habitantes del ejido Tila, miembro del Congreso Nacional Ind\u00edgena (CNI), marcharon este lunes en la [&hellip;]\" \/>\n<meta property=\"og:url\" content=\"https:\/\/politicosaldesnudo.com.mx\/index.php\/2024\/12\/17\/celebran-comuneros-de-chiapas-16-anos-de-autonomia-del-ejido-de-tila\/\" \/>\n<meta property=\"og:site_name\" content=\"Pol\u00edticos al Desnudo\" \/>\n<meta property=\"article:publisher\" content=\"https:\/\/www.facebook.com\/PoliticosAD\" \/>\n<meta property=\"article:published_time\" content=\"2024-12-17T06:52:34+00:00\" \/>\n<meta property=\"og:image\" content=\"https:\/\/i0.wp.com\/politicosaldesnudo.com.mx\/wp-content\/uploads\/2024\/12\/COM-1.jpg?fit=781%2C524&ssl=1\" \/>\n\t<meta property=\"og:image:width\" content=\"781\" \/>\n\t<meta property=\"og:image:height\" content=\"524\" \/>\n\t<meta property=\"og:image:type\" content=\"image\/jpeg\" \/>\n<meta name=\"author\" content=\"Redacci\u00f3n Pol\u00edticos\" \/>\n<meta name=\"twitter:card\" content=\"summary_large_image\" \/>\n<meta name=\"twitter:label1\" content=\"Escrito por\" \/>\n\t<meta name=\"twitter:data1\" content=\"Redacci\u00f3n Pol\u00edticos\" \/>\n\t<meta name=\"twitter:label2\" content=\"Tiempo de lectura\" \/>\n\t<meta name=\"twitter:data2\" content=\"2 minutos\" \/>\n<script type=\"application\/ld+json\" class=\"yoast-schema-graph\">{\"@context\":\"https:\\\/\\\/schema.org\",\"@graph\":[{\"@type\":\"Article\",\"@id\":\"https:\\\/\\\/politicosaldesnudo.com.mx\\\/index.php\\\/2024\\\/12\\\/17\\\/celebran-comuneros-de-chiapas-16-anos-de-autonomia-del-ejido-de-tila\\\/#article\",\"isPartOf\":{\"@id\":\"https:\\\/\\\/politicosaldesnudo.com.mx\\\/index.php\\\/2024\\\/12\\\/17\\\/celebran-comuneros-de-chiapas-16-anos-de-autonomia-del-ejido-de-tila\\\/\"},\"author\":{\"name\":\"Redacci\u00f3n Pol\u00edticos\",\"@id\":\"https:\\\/\\\/politicosaldesnudo.com.mx\\\/#\\\/schema\\\/person\\\/ef3a64e561cc3f3f5dc52fab81adde7e\"},\"headline\":\"Celebran comuneros de Chiapas 16 a\u00f1os de autonom\u00eda del ejido de Tila\",\"datePublished\":\"2024-12-17T06:52:34+00:00\",\"mainEntityOfPage\":{\"@id\":\"https:\\\/\\\/politicosaldesnudo.com.mx\\\/index.php\\\/2024\\\/12\\\/17\\\/celebran-comuneros-de-chiapas-16-anos-de-autonomia-del-ejido-de-tila\\\/\"},\"wordCount\":333,\"publisher\":{\"@id\":\"https:\\\/\\\/politicosaldesnudo.com.mx\\\/#organization\"},\"image\":{\"@id\":\"https:\\\/\\\/politicosaldesnudo.com.mx\\\/index.php\\\/2024\\\/12\\\/17\\\/celebran-comuneros-de-chiapas-16-anos-de-autonomia-del-ejido-de-tila\\\/#primaryimage\"},\"thumbnailUrl\":\"https:\\\/\\\/i0.wp.com\\\/politicosaldesnudo.com.mx\\\/wp-content\\\/uploads\\\/2024\\\/12\\\/COM-1.jpg?fit=781%2C524&ssl=1\",\"articleSection\":[\"ESTADOS\"],\"inLanguage\":\"es\"},{\"@type\":\"WebPage\",\"@id\":\"https:\\\/\\\/politicosaldesnudo.com.mx\\\/index.php\\\/2024\\\/12\\\/17\\\/celebran-comuneros-de-chiapas-16-anos-de-autonomia-del-ejido-de-tila\\\/\",\"url\":\"https:\\\/\\\/politicosaldesnudo.com.mx\\\/index.php\\\/2024\\\/12\\\/17\\\/celebran-comuneros-de-chiapas-16-anos-de-autonomia-del-ejido-de-tila\\\/\",\"name\":\"Celebran comuneros de Chiapas 16 a\u00f1os de autonom\u00eda del ejido de Tila - Pol\u00edticos al Desnudo\",\"isPartOf\":{\"@id\":\"https:\\\/\\\/politicosaldesnudo.com.mx\\\/#website\"},\"primaryImageOfPage\":{\"@id\":\"https:\\\/\\\/politicosaldesnudo.com.mx\\\/index.php\\\/2024\\\/12\\\/17\\\/celebran-comuneros-de-chiapas-16-anos-de-autonomia-del-ejido-de-tila\\\/#primaryimage\"},\"image\":{\"@id\":\"https:\\\/\\\/politicosaldesnudo.com.mx\\\/index.php\\\/2024\\\/12\\\/17\\\/celebran-comuneros-de-chiapas-16-anos-de-autonomia-del-ejido-de-tila\\\/#primaryimage\"},\"thumbnailUrl\":\"https:\\\/\\\/i0.wp.com\\\/politicosaldesnudo.com.mx\\\/wp-content\\\/uploads\\\/2024\\\/12\\\/COM-1.jpg?fit=781%2C524&ssl=1\",\"datePublished\":\"2024-12-17T06:52:34+00:00\",\"breadcrumb\":{\"@id\":\"https:\\\/\\\/politicosaldesnudo.com.mx\\\/index.php\\\/2024\\\/12\\\/17\\\/celebran-comuneros-de-chiapas-16-anos-de-autonomia-del-ejido-de-tila\\\/#breadcrumb\"},\"inLanguage\":\"es\",\"potentialAction\":[{\"@type\":\"ReadAction\",\"target\":[\"https:\\\/\\\/politicosaldesnudo.com.mx\\\/index.php\\\/2024\\\/12\\\/17\\\/celebran-comuneros-de-chiapas-16-anos-de-autonomia-del-ejido-de-tila\\\/\"]}]},{\"@type\":\"ImageObject\",\"inLanguage\":\"es\",\"@id\":\"https:\\\/\\\/politicosaldesnudo.com.mx\\\/index.php\\\/2024\\\/12\\\/17\\\/celebran-comuneros-de-chiapas-16-anos-de-autonomia-del-ejido-de-tila\\\/#primaryimage\",\"url\":\"https:\\\/\\\/i0.wp.com\\\/politicosaldesnudo.com.mx\\\/wp-content\\\/uploads\\\/2024\\\/12\\\/COM-1.jpg?fit=781%2C524&ssl=1\",\"contentUrl\":\"https:\\\/\\\/i0.wp.com\\\/politicosaldesnudo.com.mx\\\/wp-content\\\/uploads\\\/2024\\\/12\\\/COM-1.jpg?fit=781%2C524&ssl=1\",\"width\":781,\"height\":524},{\"@type\":\"BreadcrumbList\",\"@id\":\"https:\\\/\\\/politicosaldesnudo.com.mx\\\/index.php\\\/2024\\\/12\\\/17\\\/celebran-comuneros-de-chiapas-16-anos-de-autonomia-del-ejido-de-tila\\\/#breadcrumb\",\"itemListElement\":[{\"@type\":\"ListItem\",\"position\":1,\"name\":\"Portada\",\"item\":\"https:\\\/\\\/politicosaldesnudo.com.mx\\\/\"},{\"@type\":\"ListItem\",\"position\":2,\"name\":\"Celebran comuneros de Chiapas 16 a\u00f1os de autonom\u00eda del ejido de Tila\"}]},{\"@type\":\"WebSite\",\"@id\":\"https:\\\/\\\/politicosaldesnudo.com.mx\\\/#website\",\"url\":\"https:\\\/\\\/politicosaldesnudo.com.mx\\\/\",\"name\":\"Pol\u00edticos al Desnudo\",\"description\":\"\",\"publisher\":{\"@id\":\"https:\\\/\\\/politicosaldesnudo.com.mx\\\/#organization\"},\"potentialAction\":[{\"@type\":\"SearchAction\",\"target\":{\"@type\":\"EntryPoint\",\"urlTemplate\":\"https:\\\/\\\/politicosaldesnudo.com.mx\\\/?s={search_term_string}\"},\"query-input\":{\"@type\":\"PropertyValueSpecification\",\"valueRequired\":true,\"valueName\":\"search_term_string\"}}],\"inLanguage\":\"es\"},{\"@type\":\"Organization\",\"@id\":\"https:\\\/\\\/politicosaldesnudo.com.mx\\\/#organization\",\"name\":\"Pol\u00edticos al Desnudo\",\"url\":\"https:\\\/\\\/politicosaldesnudo.com.mx\\\/\",\"logo\":{\"@type\":\"ImageObject\",\"inLanguage\":\"es\",\"@id\":\"https:\\\/\\\/politicosaldesnudo.com.mx\\\/#\\\/schema\\\/logo\\\/image\\\/\",\"url\":\"https:\\\/\\\/i0.wp.com\\\/politicosaldesnudo.com.mx\\\/wp-content\\\/uploads\\\/2026\\\/08\\\/cropped-logo.webp?fit=400%2C126&ssl=1\",\"contentUrl\":\"https:\\\/\\\/i0.wp.com\\\/politicosaldesnudo.com.mx\\\/wp-content\\\/uploads\\\/2026\\\/08\\\/cropped-logo.webp?fit=400%2C126&ssl=1\",\"width\":400,\"height\":126,\"caption\":\"Pol\u00edticos al Desnudo\"},\"image\":{\"@id\":\"https:\\\/\\\/politicosaldesnudo.com.mx\\\/#\\\/schema\\\/logo\\\/image\\\/\"},\"sameAs\":[\"https:\\\/\\\/www.facebook.com\\\/PoliticosAD\"]},{\"@type\":\"Person\",\"@id\":\"https:\\\/\\\/politicosaldesnudo.com.mx\\\/#\\\/schema\\\/person\\\/ef3a64e561cc3f3f5dc52fab81adde7e\",\"name\":\"Redacci\u00f3n Pol\u00edticos\",\"url\":\"https:\\\/\\\/politicosaldesnudo.com.mx\\\/index.php\\\/author\\\/redaccion-politicos\\\/\"}]}<\/script>\n<!-- \/ Yoast SEO plugin. -->","yoast_head_json":{"title":"Celebran comuneros de Chiapas 16 a\u00f1os de autonom\u00eda del ejido de Tila - Pol\u00edticos al Desnudo","robots":{"index":"index","follow":"follow","max-snippet":"max-snippet:-1","max-image-preview":"max-image-preview:large","max-video-preview":"max-video-preview:-1"},"canonical":"https:\/\/politicosaldesnudo.com.mx\/index.php\/2024\/12\/17\/celebran-comuneros-de-chiapas-16-anos-de-autonomia-del-ejido-de-tila\/","og_locale":"es_ES","og_type":"article","og_title":"Celebran comuneros de Chiapas 16 a\u00f1os de autonom\u00eda del ejido de Tila - Pol\u00edticos al Desnudo","og_description":"San Crist\u00f3bal de Las Casas Habitantes del ejido Tila, miembro del Congreso Nacional Ind\u00edgena (CNI), marcharon este lunes en la [&hellip;]","og_url":"https:\/\/politicosaldesnudo.com.mx\/index.php\/2024\/12\/17\/celebran-comuneros-de-chiapas-16-anos-de-autonomia-del-ejido-de-tila\/","og_site_name":"Pol\u00edticos al Desnudo","article_publisher":"https:\/\/www.facebook.com\/PoliticosAD","article_published_time":"2024-12-17T06:52:34+00:00","og_image":[{"width":781,"height":524,"url":"https:\/\/i0.wp.com\/politicosaldesnudo.com.mx\/wp-content\/uploads\/2024\/12\/COM-1.jpg?fit=781%2C524&ssl=1","type":"image\/jpeg"}],"author":"Redacci\u00f3n Pol\u00edticos","twitter_card":"summary_large_image","twitter_misc":{"Escrito por":"Redacci\u00f3n Pol\u00edticos","Tiempo de lectura":"2 minutos"},"schema":{"@context":"https:\/\/schema.org","@graph":[{"@type":"Article","@id":"https:\/\/politicosaldesnudo.com.mx\/index.php\/2024\/12\/17\/celebran-comuneros-de-chiapas-16-anos-de-autonomia-del-ejido-de-tila\/#article","isPartOf":{"@id":"https:\/\/politicosaldesnudo.com.mx\/index.php\/2024\/12\/17\/celebran-comuneros-de-chiapas-16-anos-de-autonomia-del-ejido-de-tila\/"},"author":{"name":"Redacci\u00f3n Pol\u00edticos","@id":"https:\/\/politicosaldesnudo.com.mx\/#\/schema\/person\/ef3a64e561cc3f3f5dc52fab81adde7e"},"headline":"Celebran comuneros de Chiapas 16 a\u00f1os de autonom\u00eda del ejido de Tila","datePublished":"2024-12-17T06:52:34+00:00","mainEntityOfPage":{"@id":"https:\/\/politicosaldesnudo.com.mx\/index.php\/2024\/12\/17\/celebran-comuneros-de-chiapas-16-anos-de-autonomia-del-ejido-de-tila\/"},"wordCount":333,"publisher":{"@id":"https:\/\/politicosaldesnudo.com.mx\/#organization"},"image":{"@id":"https:\/\/politicosaldesnudo.com.mx\/index.php\/2024\/12\/17\/celebran-comuneros-de-chiapas-16-anos-de-autonomia-del-ejido-de-tila\/#primaryimage"},"thumbnailUrl":"https:\/\/i0.wp.com\/politicosaldesnudo.com.mx\/wp-content\/uploads\/2024\/12\/COM-1.jpg?fit=781%2C524&ssl=1","articleSection":["ESTADOS"],"inLanguage":"es"},{"@type":"WebPage","@id":"https:\/\/politicosaldesnudo.com.mx\/index.php\/2024\/12\/17\/celebran-comuneros-de-chiapas-16-anos-de-autonomia-del-ejido-de-tila\/","url":"https:\/\/politicosaldesnudo.com.mx\/index.php\/2024\/12\/17\/celebran-comuneros-de-chiapas-16-anos-de-autonomia-del-ejido-de-tila\/","name":"Celebran comuneros de Chiapas 16 a\u00f1os de autonom\u00eda del ejido de Tila - Pol\u00edticos al Desnudo","isPartOf":{"@id":"https:\/\/politicosaldesnudo.com.mx\/#website"},"primaryImageOfPage":{"@id":"https:\/\/politicosaldesnudo.com.mx\/index.php\/2024\/12\/17\/celebran-comuneros-de-chiapas-16-anos-de-autonomia-del-ejido-de-tila\/#primaryimage"},"image":{"@id":"https:\/\/politicosaldesnudo.com.mx\/index.php\/2024\/12\/17\/celebran-comuneros-de-chiapas-16-anos-de-autonomia-del-ejido-de-tila\/#primaryimage"},"thumbnailUrl":"https:\/\/i0.wp.com\/politicosaldesnudo.com.mx\/wp-content\/uploads\/2024\/12\/COM-1.jpg?fit=781%2C524&ssl=1","datePublished":"2024-12-17T06:52:34+00:00","breadcrumb":{"@id":"https:\/\/politicosaldesnudo.com.mx\/index.php\/2024\/12\/17\/celebran-comuneros-de-chiapas-16-anos-de-autonomia-del-ejido-de-tila\/#breadcrumb"},"inLanguage":"es","potentialAction":[{"@type":"ReadAction","target":["https:\/\/politicosaldesnudo.com.mx\/index.php\/2024\/12\/17\/celebran-comuneros-de-chiapas-16-anos-de-autonomia-del-ejido-de-tila\/"]}]},{"@type":"ImageObject","inLanguage":"es","@id":"https:\/\/politicosaldesnudo.com.mx\/index.php\/2024\/12\/17\/celebran-comuneros-de-chiapas-16-anos-de-autonomia-del-ejido-de-tila\/#primaryimage","url":"https:\/\/i0.wp.com\/politicosaldesnudo.com.mx\/wp-content\/uploads\/2024\/12\/COM-1.jpg?fit=781%2C524&ssl=1","contentUrl":"https:\/\/i0.wp.com\/politicosaldesnudo.com.mx\/wp-content\/uploads\/2024\/12\/COM-1.jpg?fit=781%2C524&ssl=1","width":781,"height":524},{"@type":"BreadcrumbList","@id":"https:\/\/politicosaldesnudo.com.mx\/index.php\/2024\/12\/17\/celebran-comuneros-de-chiapas-16-anos-de-autonomia-del-ejido-de-tila\/#breadcrumb","itemListElement":[{"@type":"ListItem","position":1,"name":"Portada","item":"https:\/\/politicosaldesnudo.com.mx\/"},{"@type":"ListItem","position":2,"name":"Celebran comuneros de Chiapas 16 a\u00f1os de autonom\u00eda del ejido de Tila"}]},{"@type":"WebSite","@id":"https:\/\/politicosaldesnudo.com.mx\/#website","url":"https:\/\/politicosaldesnudo.com.mx\/","name":"Pol\u00edticos al Desnudo","description":"","publisher":{"@id":"https:\/\/politicosaldesnudo.com.mx\/#organization"},"potentialAction":[{"@type":"SearchAction","target":{"@type":"EntryPoint","urlTemplate":"https:\/\/politicosaldesnudo.com.mx\/?s={search_term_string}"},"query-input":{"@type":"PropertyValueSpecification","valueRequired":true,"valueName":"search_term_string"}}],"inLanguage":"es"},{"@type":"Organization","@id":"https:\/\/politicosaldesnudo.com.mx\/#organization","name":"Pol\u00edticos al Desnudo","url":"https:\/\/politicosaldesnudo.com.mx\/","logo":{"@type":"ImageObject","inLanguage":"es","@id":"https:\/\/politicosaldesnudo.com.mx\/#\/schema\/logo\/image\/","url":"https:\/\/i0.wp.com\/politicosaldesnudo.com.mx\/wp-content\/uploads\/2026\/08\/cropped-logo.webp?fit=400%2C126&ssl=1","contentUrl":"https:\/\/i0.wp.com\/politicosaldesnudo.com.mx\/wp-content\/uploads\/2026\/08\/cropped-logo.webp?fit=400%2C126&ssl=1","width":400,"height":126,"caption":"Pol\u00edticos al Desnudo"},"image":{"@id":"https:\/\/politicosaldesnudo.com.mx\/#\/schema\/logo\/image\/"},"sameAs":["https:\/\/www.facebook.com\/PoliticosAD"]},{"@type":"Person","@id":"https:\/\/politicosaldesnudo.com.mx\/#\/schema\/person\/ef3a64e561cc3f3f5dc52fab81adde7e","name":"Redacci\u00f3n Pol\u00edticos","url":"https:\/\/politicosaldesnudo.com.mx\/index.php\/author\/redaccion-politicos\/"}]}},"jetpack_publicize_connections":[],"jetpack-related-posts":[{"id":87361,"url":"https:\/\/politicosaldesnudo.com.mx\/index.php\/2026\/07\/31\/se-inaugura-nueva-cancha-de-futbol-5-gracias-a-gestion-realizada-ante-el-gobierno-federal\/","url_meta":{"origin":52590,"position":0},"title":"Se inaugura nueva cancha de f\u00fatbol 5 gracias a gesti\u00f3n realizada ante el Gobierno Federal","author":"Redacci\u00f3n Pol\u00edticos","date":"31 de julio de 2026","format":false,"excerpt":"Como resultado de las gestiones realizadas por el Gobierno Municipal ante el Gobierno de M\u00e9xico, fue inaugurada la nueva cancha de f\u00fatbol 5 ubicada en el campo del Rastro Municipal, una obra impulsada a trav\u00e9s del programa federal \u201cMundial Social\u201d de la Secretar\u00eda de Desarrollo Agrario, Territorial y Urbano (SEDATU).\u2026","rel":"","context":"En \u00abTUXPAN\u00bb","block_context":{"text":"TUXPAN","link":"https:\/\/politicosaldesnudo.com.mx\/index.php\/category\/tuxpan\/"},"img":{"alt_text":"","src":"https:\/\/i0.wp.com\/politicosaldesnudo.com.mx\/wp-content\/uploads\/2026\/07\/WhatsApp-Image-2026-07-29-at-22.31.05-1.jpeg?fit=1200%2C800&ssl=1&resize=350%2C200","width":350,"height":200,"srcset":"https:\/\/i0.wp.com\/politicosaldesnudo.com.mx\/wp-content\/uploads\/2026\/07\/WhatsApp-Image-2026-07-29-at-22.31.05-1.jpeg?fit=1200%2C800&ssl=1&resize=350%2C200 1x, https:\/\/i0.wp.com\/politicosaldesnudo.com.mx\/wp-content\/uploads\/2026\/07\/WhatsApp-Image-2026-07-29-at-22.31.05-1.jpeg?fit=1200%2C800&ssl=1&resize=525%2C300 1.5x, https:\/\/i0.wp.com\/politicosaldesnudo.com.mx\/wp-content\/uploads\/2026\/07\/WhatsApp-Image-2026-07-29-at-22.31.05-1.jpeg?fit=1200%2C800&ssl=1&resize=700%2C400 2x, https:\/\/i0.wp.com\/politicosaldesnudo.com.mx\/wp-content\/uploads\/2026\/07\/WhatsApp-Image-2026-07-29-at-22.31.05-1.jpeg?fit=1200%2C800&ssl=1&resize=1050%2C600 3x"},"classes":[]},{"id":87964,"url":"https:\/\/politicosaldesnudo.com.mx\/index.php\/2026\/08\/22\/veracruz-segundo-lugar-nacional-en-hallazgo-de-fosas-clandestinas-durante-18-anos\/","url_meta":{"origin":52590,"position":1},"title":"Veracruz, segundo lugar nacional en hallazgo de fosas clandestinas durante 18 a\u00f1os","author":"Redacci\u00f3n Pol\u00edticos","date":"22 de agosto de 2026","format":false,"excerpt":"La crisis de desapariciones mantiene a Veracruz entre las entidades m\u00e1s afectadas del pa\u00eds. Una investigaci\u00f3n de la Universidad Iberoamericana document\u00f3 400 fosas clandestinas en territorio veracruzano entre 2006 y 2024, cifra solamente superada por las 416 registradas en Guerrero. El estudio, denominado Trazar la ausencia, caminar la esperanza, fue\u2026","rel":"","context":"En \u00abESTADOS\u00bb","block_context":{"text":"ESTADOS","link":"https:\/\/politicosaldesnudo.com.mx\/index.php\/category\/estados\/"},"img":{"alt_text":"","src":"https:\/\/i0.wp.com\/politicosaldesnudo.com.mx\/wp-content\/uploads\/2026\/08\/1032178c-d889-4e44-a3ee-6e46cf6aeb79.png?fit=1200%2C675&ssl=1&resize=350%2C200","width":350,"height":200,"srcset":"https:\/\/i0.wp.com\/politicosaldesnudo.com.mx\/wp-content\/uploads\/2026\/08\/1032178c-d889-4e44-a3ee-6e46cf6aeb79.png?fit=1200%2C675&ssl=1&resize=350%2C200 1x, https:\/\/i0.wp.com\/politicosaldesnudo.com.mx\/wp-content\/uploads\/2026\/08\/1032178c-d889-4e44-a3ee-6e46cf6aeb79.png?fit=1200%2C675&ssl=1&resize=525%2C300 1.5x, https:\/\/i0.wp.com\/politicosaldesnudo.com.mx\/wp-content\/uploads\/2026\/08\/1032178c-d889-4e44-a3ee-6e46cf6aeb79.png?fit=1200%2C675&ssl=1&resize=700%2C400 2x, https:\/\/i0.wp.com\/politicosaldesnudo.com.mx\/wp-content\/uploads\/2026\/08\/1032178c-d889-4e44-a3ee-6e46cf6aeb79.png?fit=1200%2C675&ssl=1&resize=1050%2C600 3x"},"classes":[]},{"id":28811,"url":"https:\/\/politicosaldesnudo.com.mx\/index.php\/2024\/01\/08\/va-lozoya-por-nuevo-amparo-contra-negativa-a-seguir-juicio-en-libertad\/","url_meta":{"origin":52590,"position":2},"title":"Va Lozoya por nuevo amparo contra negativa a seguir juicio en libertad","author":"Redacci\u00f3n Pol\u00edticos","date":"8 de enero de 2024","format":false,"excerpt":"Emilio Lozoya Austin, ex director de Petr\u00f3leos Mexicanos (Pemex), promovi\u00f3 un nuevo juicio de amparo contra la resoluci\u00f3n de un juez federal que le neg\u00f3 el cambio de medida cautelar para seguir su juicio en libertad por el caso Odebrecht. El ex funcionario inicio el juicio de amparo el pasado\u2026","rel":"","context":"En \u00abNACIONAL\u00bb","block_context":{"text":"NACIONAL","link":"https:\/\/politicosaldesnudo.com.mx\/index.php\/category\/nacional\/"},"img":{"alt_text":"","src":"https:\/\/i0.wp.com\/politicosaldesnudo.com.mx\/wp-content\/uploads\/2024\/01\/emilio-lozoya-2.jpeg?fit=1131%2C645&ssl=1&resize=350%2C200","width":350,"height":200,"srcset":"https:\/\/i0.wp.com\/politicosaldesnudo.com.mx\/wp-content\/uploads\/2024\/01\/emilio-lozoya-2.jpeg?fit=1131%2C645&ssl=1&resize=350%2C200 1x, https:\/\/i0.wp.com\/politicosaldesnudo.com.mx\/wp-content\/uploads\/2024\/01\/emilio-lozoya-2.jpeg?fit=1131%2C645&ssl=1&resize=525%2C300 1.5x, https:\/\/i0.wp.com\/politicosaldesnudo.com.mx\/wp-content\/uploads\/2024\/01\/emilio-lozoya-2.jpeg?fit=1131%2C645&ssl=1&resize=700%2C400 2x, https:\/\/i0.wp.com\/politicosaldesnudo.com.mx\/wp-content\/uploads\/2024\/01\/emilio-lozoya-2.jpeg?fit=1131%2C645&ssl=1&resize=1050%2C600 3x"},"classes":[]},{"id":87316,"url":"https:\/\/politicosaldesnudo.com.mx\/index.php\/2026\/07\/29\/sheinbaum-anuncia-decreto-para-evitar-que-dependencias-reserven-informacion-de-manera-discrecional\/","url_meta":{"origin":52590,"position":3},"title":"Sheinbaum anuncia decreto para evitar que dependencias reserven informaci\u00f3n de manera discrecional","author":"Redacci\u00f3n Pol\u00edticos","date":"29 de julio de 2026","format":false,"excerpt":"La presidenta Claudia Sheinbaum Pardo adelant\u00f3 este martes que emitir\u00e1 un \u201cdecreto para la transparencia\u201d en la administraci\u00f3n p\u00fablica federal, con el objetivo de evitar que las dependencias reserven informaci\u00f3n de manera discrecional y, con ello, combatir la opacidad y la impunidad. Durante su conferencia matutina en Palacio Nacional, explic\u00f3\u2026","rel":"","context":"En \u00abNACIONAL\u00bb","block_context":{"text":"NACIONAL","link":"https:\/\/politicosaldesnudo.com.mx\/index.php\/category\/nacional\/"},"img":{"alt_text":"","src":"https:\/\/i0.wp.com\/politicosaldesnudo.com.mx\/wp-content\/uploads\/2026\/07\/Sin-titulo-1.jpg?fit=1200%2C741&ssl=1&resize=350%2C200","width":350,"height":200,"srcset":"https:\/\/i0.wp.com\/politicosaldesnudo.com.mx\/wp-content\/uploads\/2026\/07\/Sin-titulo-1.jpg?fit=1200%2C741&ssl=1&resize=350%2C200 1x, https:\/\/i0.wp.com\/politicosaldesnudo.com.mx\/wp-content\/uploads\/2026\/07\/Sin-titulo-1.jpg?fit=1200%2C741&ssl=1&resize=525%2C300 1.5x, https:\/\/i0.wp.com\/politicosaldesnudo.com.mx\/wp-content\/uploads\/2026\/07\/Sin-titulo-1.jpg?fit=1200%2C741&ssl=1&resize=700%2C400 2x, https:\/\/i0.wp.com\/politicosaldesnudo.com.mx\/wp-content\/uploads\/2026\/07\/Sin-titulo-1.jpg?fit=1200%2C741&ssl=1&resize=1050%2C600 3x"},"classes":[]},{"id":78395,"url":"https:\/\/politicosaldesnudo.com.mx\/index.php\/2026\/01\/19\/a-cuatro-anos-del-asesinato-del-fotoperiodista-margarito-martinez-sigue-pendiente-castigar-a-autores-intelectuales\/","url_meta":{"origin":52590,"position":4},"title":"A cuatro a\u00f1os del asesinato del fotoperiodista Margarito Mart\u00ednez, sigue pendiente castigar a autores intelectuales","author":"Redacci\u00f3n Pol\u00edticos","date":"19 de enero de 2026","format":false,"excerpt":"Al cumplirse cuatro a\u00f1os del asesinato del fotoperiodista Margarito Mart\u00ednez, su viuda, Mar\u00eda Elena Fraustro, record\u00f3 que hay dos personas sentenciadas por el homicidio material, pero el proceso para castigar a quienes dieron la orden de dispararle est\u00e1 lejos de concluir. Ella y su hija, se quej\u00f3 la viuda, no\u2026","rel":"","context":"En \u00abESTADOS\u00bb","block_context":{"text":"ESTADOS","link":"https:\/\/politicosaldesnudo.com.mx\/index.php\/category\/estados\/"},"img":{"alt_text":"","src":"https:\/\/i0.wp.com\/politicosaldesnudo.com.mx\/wp-content\/uploads\/2026\/01\/peras.jpg?fit=1200%2C675&ssl=1&resize=350%2C200","width":350,"height":200,"srcset":"https:\/\/i0.wp.com\/politicosaldesnudo.com.mx\/wp-content\/uploads\/2026\/01\/peras.jpg?fit=1200%2C675&ssl=1&resize=350%2C200 1x, https:\/\/i0.wp.com\/politicosaldesnudo.com.mx\/wp-content\/uploads\/2026\/01\/peras.jpg?fit=1200%2C675&ssl=1&resize=525%2C300 1.5x, https:\/\/i0.wp.com\/politicosaldesnudo.com.mx\/wp-content\/uploads\/2026\/01\/peras.jpg?fit=1200%2C675&ssl=1&resize=700%2C400 2x, https:\/\/i0.wp.com\/politicosaldesnudo.com.mx\/wp-content\/uploads\/2026\/01\/peras.jpg?fit=1200%2C675&ssl=1&resize=1050%2C600 3x"},"classes":[]},{"id":87967,"url":"https:\/\/politicosaldesnudo.com.mx\/index.php\/2026\/08\/22\/mexico-extradita-a-argentina-a-presunto-lider-de-una-red-de-explotacion-sexual\/","url_meta":{"origin":52590,"position":5},"title":"M\u00e9xico extradita a Argentina a presunto l\u00edder de una red de explotaci\u00f3n sexual","author":"Redacci\u00f3n Pol\u00edticos","date":"22 de agosto de 2026","format":false,"excerpt":"Despu\u00e9s de una prolongada batalla judicial para evitar su traslado, Ra\u00fal \u201cN\u201d fue entregado por autoridades mexicanas a agentes de Argentina, donde es investigado por su presunta participaci\u00f3n en una organizaci\u00f3n dedicada a la trata de personas y al lavado de dinero. La operaci\u00f3n se realiz\u00f3 en el Aeropuerto Internacional\u2026","rel":"","context":"En \u00abINTERNACIONAL\u00bb","block_context":{"text":"INTERNACIONAL","link":"https:\/\/politicosaldesnudo.com.mx\/index.php\/category\/internacional\/"},"img":{"alt_text":"","src":"https:\/\/i0.wp.com\/politicosaldesnudo.com.mx\/wp-content\/uploads\/2026\/08\/fgr-entrega-a-argentina-a-presunto-tratante-de-personas-1200x675-1.webp?fit=1200%2C675&ssl=1&resize=350%2C200","width":350,"height":200,"srcset":"https:\/\/i0.wp.com\/politicosaldesnudo.com.mx\/wp-content\/uploads\/2026\/08\/fgr-entrega-a-argentina-a-presunto-tratante-de-personas-1200x675-1.webp?fit=1200%2C675&ssl=1&resize=350%2C200 1x, https:\/\/i0.wp.com\/politicosaldesnudo.com.mx\/wp-content\/uploads\/2026\/08\/fgr-entrega-a-argentina-a-presunto-tratante-de-personas-1200x675-1.webp?fit=1200%2C675&ssl=1&resize=525%2C300 1.5x, https:\/\/i0.wp.com\/politicosaldesnudo.com.mx\/wp-content\/uploads\/2026\/08\/fgr-entrega-a-argentina-a-presunto-tratante-de-personas-1200x675-1.webp?fit=1200%2C675&ssl=1&resize=700%2C400 2x, https:\/\/i0.wp.com\/politicosaldesnudo.com.mx\/wp-content\/uploads\/2026\/08\/fgr-entrega-a-argentina-a-presunto-tratante-de-personas-1200x675-1.webp?fit=1200%2C675&ssl=1&resize=1050%2C600 3x"},"classes":[]}],"jetpack_sharing_enabled":true,"jetpack_featured_media_url":"https:\/\/i0.wp.com\/politicosaldesnudo.com.mx\/wp-content\/uploads\/2024\/12\/COM-1.jpg?fit=781%2C524&ssl=1","_links":{"self":[{"href":"https:\/\/politicosaldesnudo.com.mx\/index.php\/wp-json\/wp\/v2\/posts\/52590","targetHints":{"allow":["GET"]}}],"collection":[{"href":"https:\/\/politicosaldesnudo.com.mx\/index.php\/wp-json\/wp\/v2\/posts"}],"about":[{"href":"https:\/\/politicosaldesnudo.com.mx\/index.php\/wp-json\/wp\/v2\/types\/post"}],"author":[{"embeddable":true,"href":"https:\/\/politicosaldesnudo.com.mx\/index.php\/wp-json\/wp\/v2\/users\/4"}],"replies":[{"embeddable":true,"href":"https:\/\/politicosaldesnudo.com.mx\/index.php\/wp-json\/wp\/v2\/comments?post=52590"}],"version-history":[{"count":0,"href":"https:\/\/politicosaldesnudo.com.mx\/index.php\/wp-json\/wp\/v2\/posts\/52590\/revisions"}],"wp:featuredmedia":[{"embeddable":true,"href":"https:\/\/politicosaldesnudo.com.mx\/index.php\/wp-json\/wp\/v2\/media\/52591"}],"wp:attachment":[{"href":"https:\/\/politicosaldesnudo.com.mx\/index.php\/wp-json\/wp\/v2\/media?parent=52590"}],"wp:term":[{"taxonomy":"category","embeddable":true,"href":"https:\/\/politicosaldesnudo.com.mx\/index.php\/wp-json\/wp\/v2\/categories?post=52590"},{"taxonomy":"post_tag","embeddable":true,"href":"https:\/\/politicosaldesnudo.com.mx\/index.php\/wp-json\/wp\/v2\/tags?post=52590"}],"curies":[{"name":"wp","href":"https:\/\/api.w.org\/{rel}","templated":true}]}}