{"id":52593,"date":"2024-12-17T00:55:22","date_gmt":"2024-12-17T06:55:22","guid":{"rendered":"https:\/\/politicosaldesnudo.com.mx\/?p=52593"},"modified":"2024-12-17T00:55:22","modified_gmt":"2024-12-17T06:55:22","slug":"congreso-de-morelos-reduce-presupuesto-de-egresos-2025-pero-aumenta-impuestos","status":"publish","type":"post","link":"https:\/\/politicosaldesnudo.com.mx\/index.php\/2024\/12\/17\/congreso-de-morelos-reduce-presupuesto-de-egresos-2025-pero-aumenta-impuestos\/","title":{"rendered":"Congreso de Morelos reduce presupuesto de egresos 2025, pero aumenta impuestos"},"content":{"rendered":"<p><em>Cuernavaca<\/em><\/p>\n<p>Las y los diputados de la 56 legislatura aprobaron por unanimidad el Paquete Econ\u00f3mico del gobierno del estado para el ejercicio fiscal de 2025, por un monto de 38 mil 196 millones de peso; no por 40 mil millones de pesos como lo propuso la gobernadora, Margarita Gonz\u00e1lez Saravia. Pero aunque las y los diputados modificaron la propuesta original, disminuyendo 2 mil millones de pesos, al final, s\u00ed aprobaron cobros de nuevos impuestos e incremento en otros ya establecidos en Morelos.<\/p>\n<p>Andrea Gordillo, diputada del PAN y presidenta de la comisi\u00f3n de Hacienda y Cuenta P\u00fablica, y \u00a0la \u00fanica oradora de las diputadas y diputados \u00a0en esta sesi\u00f3n, sobre la discusi\u00f3n y votaci\u00f3n del presupuesto, detall\u00f3 que \u00a0con este presupuesto de egresos el Poder Ejecutivo ejercer\u00e1 m\u00e1s de 24 mil millones 636 mil pesos, destacando de estas \u00e1reas, el sector Salud al que le tocar\u00e1n 3 mil 765 millones de pesos; el Educativo que ejercer\u00e1 12 mil 846 millones de pesos; y mil 336 millones de pesos para la Universidad Aut\u00f3noma del Estado de Morelos (UAEM).<\/p>\n<p>Este presupuesto tambi\u00e9n destin\u00f3, agreg\u00f3 la legisladora, mil 863 millones de pesos, lo que propon\u00eda para esta \u00e1rea la gobernadora, para la Secretar\u00eda de Seguridad; para Desarrollo Agropecuario se asign\u00f3 197 millones de pesos,\u00a0\u201ccon estas asignaciones se debe garantizar la soluci\u00f3n de aquellas problem\u00e1ticas que nos aquejan a las y los morelenses en materia de educaci\u00f3n, salud y seguridad\u201d.<\/p>\n<p>En tanto, inform\u00f3 que los municipios se les presupuestaron cerca de 8 mil 368 millones de pesos, puntualizando la creaci\u00f3n del Fondo de Aportaciones Estatales para el Fomento Municipal, con m\u00e1s de 552 millones de pesos, \u201ccon este fondo, se atiende el clamor municipal de regresar al 25 por ciento de las participaciones al estado, pero enfoc\u00e1ndose en el campo, la infraestructura, y el pago de laudos que durante a\u00f1os han ahorcado las finanzas municipales\u201d.<\/p>\n<p>En su exposici\u00f3n de cifras sobre el paquete econ\u00f3mico la diputada no refiri\u00f3 cu\u00e1nto le dieron a la Fiscal\u00eda General del Estado que encabeza Uriel Carmona G\u00e1ndara.<\/p>\n<p><strong>Nuevos impuestos e incrementos en otros para el 2025<\/strong><\/p>\n<p>Aunque las y los diputados locales del PAN hab\u00edan prometido que no se permitir\u00e1n nuevos impuestos e incremento en otros, \u00e9stos no cumplieron porque al \u00faltimo, junto con los de Morena y los otros partidos, \u00a0s\u00ed votaron por varios impuestos nuevos e incremento de otros, como por ejemplo el cobro del impuesto sobre n\u00f3mina subi\u00f3 de un 2 por ciento a 2.5 por ciento, pese que la panista dijo que esta medida, (de aumentar s\u00f3lo 0.5, y no el uno por ciento), es \u201cpara favorecer el empleo formal,\u00a0sin afectar de manera excesiva al sector empresarial\u201d.<\/p>\n<p>No quitaron los diputados tampoco el cobro de la tenencia vehicular, pago que \u00a0hab\u00eda quedado \u00a0cancelado en el a\u00f1o 2012; cobrar\u00e1n adem\u00e1s un impuesto por da\u00f1o a la atm\u00f3sfera, en lugar del impuesto que hab\u00eda propuesto el gobierno del estado como \u201cimpuesto ecol\u00f3gico\u201d o por la \u201cbasura\u201d; tampoco quitaron el impuesto de renta \u00a0de inmuebles v\u00eda plataformas digitales, ya que Gordillo reconoci\u00f3 que este \u00a0fue \u201creducido\u201d, \u00a0seg\u00fan ella, \u201cpara equipararse con el resto de los contribuyentes obligados al pago de este impuesto\u201d.<\/p>\n<p>El \u00fanico impuesto que las y los diputados locales lograron \u00a0parar y eliminar del paquete econ\u00f3mico que propuso el gobierno del estado fue el impuesto cedular, que pretend\u00edan cobrarle a las y los profesionistas de Morelos.<\/p>\n","protected":false},"excerpt":{"rendered":"<p>Cuernavaca Las y los diputados de la 56 legislatura aprobaron por unanimidad el Paquete Econ\u00f3mico del gobierno del estado para<\/p>\n","protected":false},"author":4,"featured_media":52594,"comment_status":"closed","ping_status":"closed","sticky":false,"template":"","format":"standard","meta":{"colormag_page_container_layout":"default_layout","colormag_page_sidebar_layout":"default_layout","_jetpack_memberships_contains_paid_content":false,"footnotes":"","jetpack_publicize_message":"","jetpack_publicize_feature_enabled":true,"jetpack_social_post_already_shared":false,"jetpack_social_options":{"image_generator_settings":{"template":"highway","default_image_id":0,"font":"","enabled":false},"version":2}},"categories":[30],"tags":[],"class_list":["post-52593","post","type-post","status-publish","format-standard","has-post-thumbnail","hentry","category-estados"],"jetpack_publicize_connections":[],"jetpack_featured_media_url":"https:\/\/i0.wp.com\/politicosaldesnudo.com.mx\/wp-content\/uploads\/2024\/12\/1-6.jpg?fit=960%2C640&ssl=1","jetpack-related-posts":[],"jetpack_sharing_enabled":true,"_links":{"self":[{"href":"https:\/\/politicosaldesnudo.com.mx\/index.php\/wp-json\/wp\/v2\/posts\/52593","targetHints":{"allow":["GET"]}}],"collection":[{"href":"https:\/\/politicosaldesnudo.com.mx\/index.php\/wp-json\/wp\/v2\/posts"}],"about":[{"href":"https:\/\/politicosaldesnudo.com.mx\/index.php\/wp-json\/wp\/v2\/types\/post"}],"author":[{"embeddable":true,"href":"https:\/\/politicosaldesnudo.com.mx\/index.php\/wp-json\/wp\/v2\/users\/4"}],"replies":[{"embeddable":true,"href":"https:\/\/politicosaldesnudo.com.mx\/index.php\/wp-json\/wp\/v2\/comments?post=52593"}],"version-history":[{"count":0,"href":"https:\/\/politicosaldesnudo.com.mx\/index.php\/wp-json\/wp\/v2\/posts\/52593\/revisions"}],"wp:featuredmedia":[{"embeddable":true,"href":"https:\/\/politicosaldesnudo.com.mx\/index.php\/wp-json\/wp\/v2\/media\/52594"}],"wp:attachment":[{"href":"https:\/\/politicosaldesnudo.com.mx\/index.php\/wp-json\/wp\/v2\/media?parent=52593"}],"wp:term":[{"taxonomy":"category","embeddable":true,"href":"https:\/\/politicosaldesnudo.com.mx\/index.php\/wp-json\/wp\/v2\/categories?post=52593"},{"taxonomy":"post_tag","embeddable":true,"href":"https:\/\/politicosaldesnudo.com.mx\/index.php\/wp-json\/wp\/v2\/tags?post=52593"}],"curies":[{"name":"wp","href":"https:\/\/api.w.org\/{rel}","templated":true}]}}