{"id":52608,"date":"2024-12-17T01:05:28","date_gmt":"2024-12-17T07:05:28","guid":{"rendered":"https:\/\/politicosaldesnudo.com.mx\/?p=52608"},"modified":"2024-12-17T01:05:28","modified_gmt":"2024-12-17T07:05:28","slug":"expertos-advierten-que-mayor-presion-de-trump-contra-cuba-traera-mas-migracion","status":"publish","type":"post","link":"https:\/\/politicosaldesnudo.com.mx\/index.php\/2024\/12\/17\/expertos-advierten-que-mayor-presion-de-trump-contra-cuba-traera-mas-migracion\/","title":{"rendered":"Expertos advierten que mayor presi\u00f3n de Trump contra Cuba traer\u00e1 m\u00e1s migraci\u00f3n"},"content":{"rendered":"<p>La pol\u00edtica de fuerte presi\u00f3n contra Cuba, prevista por el anunciado gabinete del presidente electo de Estados Unidos, Donald Trump, podr\u00eda ser desastrosa para ambos estados, seg\u00fan advirtieron ex diplom\u00e1ticos y expertos de ambos pa\u00edses el lunes.<\/p>\n<p>En su primer mandato Trump ya endureci\u00f3 las sanciones contra la isla y sus advertencias de mantener o profundizar esa pol\u00edtica ahora podr\u00edan golpear m\u00e1s la econom\u00eda de la isla y generar mayor inmigraci\u00f3n.<\/p>\n<p>\u201cDesestabilizar a Cuba ciertamente no es de inter\u00e9s (en relaci\u00f3n con la seguridad nacional) para Estados Unidos\u201d, dijo a un peque\u00f1o grupo de periodistas Peter Kornbluh, director de documentaci\u00f3n sobre Cuba en el Archivo de Seguridad Nacional de la Universidad George Washington.<\/p>\n<p>El nombramiento del senador cubanoestadunidense, Marco Rubio, como secretario de Estado en el pr\u00f3ximo gobierno de Trump es una de las se\u00f1ales de lo que ser\u00eda su pol\u00edtica hacia la isla, cuyas sanciones fueron dram\u00e1ticamente reforzadas en el primer per\u00edodo del republicano (2017-2021). Rubio acus\u00f3 al gobierno isle\u00f1o de ser una dictadura y abog\u00f3 por restringir remesas, cancelar viajes, cerrar cualquier tipo de negocio o acercamiento binacionales.<\/p>\n<p>El incremento de las m\u00e1s de 200 medidas contra la isla que comenzaron con Trump y se mantuvieron con su sucesor, es una de las causas m\u00e1s importantes de la actual crisis econ\u00f3mica en Cuba, que ya ocasion\u00f3 desabastecimiento, inflaci\u00f3n, racionamiento energ\u00e9tico y un boom migratorio en los \u00faltimos cuatro a\u00f1os.<\/p>\n<p>\u201cUna ola masiva de personas que intentan abandonar la isla, violencia en Cuba, inestabilidad en el Caribe, conmoci\u00f3n en toda Am\u00e9rica Latina. Quiero decir, esto va a ser un dolor de cabeza para Estados Unidos. Esto va a crear una crisis regional y hemisf\u00e9rica. Por lo tanto, no es de inter\u00e9s nacional e internacional de Estados Unidos desestabilizar a Cuba\u201d, advirti\u00f3 Kornbluh.<\/p>\n<p>Kornbluh y una veintena de especialistas de ambos pa\u00edses se reunieron en esta capital el lunes para evaluar los 10 a\u00f1os transcurridos desde que en diciembre de 2014 los presidentes Barack Obama y Ra\u00fal Castro hicieran un explosivo anuncio de acercamiento entre ambos pa\u00edses rivales ac\u00e9rrimos a lo largo de seis d\u00e9cadas.<\/p>\n<p>\u201cEs de inter\u00e9s para Estados Unidos ofrecer una coexistencia pac\u00edfica y normalizar la pol\u00edtica (que) como Obama crey\u00f3, tendr\u00eda su propio impacto en la capacidad del pueblo cubano para promover el cambio por s\u00ed mismo\u201d, agreg\u00f3 Kornbluh.<\/p>\n<p>La hist\u00f3rica aproximaci\u00f3n bilateral entre Obama y Castro de 2014 contempl\u00f3 la apertura de embajadas, el intercambio de prisioneros acusados de espionaje de lado y lado, la firma de 22 acuerdos en temas tan variados como medio ambiente o salud; y hasta la autorizaci\u00f3n para que miles de estadounidenses viajaran a la isla, incluso fomentando un florecimiento de la iniciativa privada en Cuba.<\/p>\n<p>Pero la primera llegada de Trump y sus asesores ultraconservadores a la Casa Blanca revirti\u00f3 por completo este acercamiento, endureciendo las sanciones con el objetivo de lograr un cambio radical de modelo pol\u00edtico en la isla asfixiando su econom\u00eda.<\/p>\n<p>Su sucesor, Joe Biden, pese a las promesas de campa\u00f1a, casi no modific\u00f3 las sanciones e incluso dej\u00f3 \u2014como lo hab\u00eda dictaminado Trump\u2014 a la isla en una lista de patrocinadores del terrorismo que pr\u00e1cticamente le impide el comercio exterior.<\/p>\n<p>\u201cEn los 65 a\u00f1os, los momentos en que Estados Unidos m\u00e1s presion\u00f3 del punto de vista econ\u00f3mico para tener consecuencias al interior de Cuba, coinciden con las llamadas crisis migratorias\u201d, dijo a The Associated Press el ex representante de la isla en Washington, Jos\u00e9 Ramon Caba\u00f1as, otro de los participantes del encuentro.<\/p>\n<p>Caba\u00f1as fue el primer embajador de Cuba en Estados Unidos desde 2015 \u2014tras la normalizaci\u00f3n diplom\u00e1tica\u2014 hasta 2020, pero ya era jefe de misi\u00f3n en Washington desde 2012, por lo que su mandato coincidi\u00f3 con los 18 meses de conversaciones secretas entre ambos pa\u00edses que culminaron con el relanzamiento de los nexos en 2014.<\/p>\n<p>\u201cTenemos la expectativa de que el embargo (estadounidense) sea recrudecido\u201d, dijo en el encuentro el polit\u00f3logo de la Universidad Americana de Washington especialista en Cuba, Willam LeoGrande. Considera, adem\u00e1s, que es posible que la isla no sea una prioridad en la administraci\u00f3n Trump pero s\u00ed lo ser\u00e1 la migraci\u00f3n.<\/p>\n<p>Cuba atraviesa una de las peores crisis econ\u00f3micas de su historia derivada de la paralizaci\u00f3n de la pandemia del covid-19, una reforma financiera interna que fall\u00f3 y el mencionado recrudecimiento de las sanciones de Estados Unidos.<\/p>\n<p>Como consecuencia se produjo un escenario de desabastecimiento, inflaci\u00f3n y migraci\u00f3n. Las autoridades fronterizas de Estados Unidos informaron que entre octubre de 2022 y septiembre de 2024 hab\u00edan tenido encuentros con unos 641.000 cubanos y otros miles fueron a Am\u00e9rica Latina y Europa en especial a Espa\u00f1a.<\/p>\n<p>Por su parte Cuba tuvo perjuicios por m\u00e1s de 5.000 millones de d\u00f3lares entre marzo de 2023 y febrero de 2024 debido a las sanciones de Estados Unidos, seg\u00fan revel\u00f3 un informe que el gobierno cubano entreg\u00f3 a la Organizaci\u00f3n de Naciones Unidas.<\/p>\n","protected":false},"excerpt":{"rendered":"<p>La pol\u00edtica de fuerte presi\u00f3n contra Cuba, prevista por el anunciado gabinete del presidente electo de Estados Unidos, Donald Trump,<\/p>\n","protected":false},"author":4,"featured_media":52609,"comment_status":"closed","ping_status":"closed","sticky":false,"template":"","format":"standard","meta":{"colormag_page_container_layout":"default_layout","colormag_page_sidebar_layout":"default_layout","_jetpack_memberships_contains_paid_content":false,"footnotes":"","jetpack_publicize_message":"","jetpack_publicize_feature_enabled":true,"jetpack_social_post_already_shared":false,"jetpack_social_options":{"image_generator_settings":{"template":"highway","default_image_id":0,"font":"","enabled":false},"version":2}},"categories":[28],"tags":[],"class_list":["post-52608","post","type-post","status-publish","format-standard","has-post-thumbnail","hentry","category-internacional"],"jetpack_publicize_connections":[],"jetpack_featured_media_url":"https:\/\/i0.wp.com\/politicosaldesnudo.com.mx\/wp-content\/uploads\/2024\/12\/2de20a36-9207-4680-990f-0aee2b62e05f_16-9-discover-aspect-ratio_default_0.jpg?fit=1200%2C675&ssl=1","jetpack-related-posts":[],"jetpack_sharing_enabled":true,"_links":{"self":[{"href":"https:\/\/politicosaldesnudo.com.mx\/index.php\/wp-json\/wp\/v2\/posts\/52608","targetHints":{"allow":["GET"]}}],"collection":[{"href":"https:\/\/politicosaldesnudo.com.mx\/index.php\/wp-json\/wp\/v2\/posts"}],"about":[{"href":"https:\/\/politicosaldesnudo.com.mx\/index.php\/wp-json\/wp\/v2\/types\/post"}],"author":[{"embeddable":true,"href":"https:\/\/politicosaldesnudo.com.mx\/index.php\/wp-json\/wp\/v2\/users\/4"}],"replies":[{"embeddable":true,"href":"https:\/\/politicosaldesnudo.com.mx\/index.php\/wp-json\/wp\/v2\/comments?post=52608"}],"version-history":[{"count":0,"href":"https:\/\/politicosaldesnudo.com.mx\/index.php\/wp-json\/wp\/v2\/posts\/52608\/revisions"}],"wp:featuredmedia":[{"embeddable":true,"href":"https:\/\/politicosaldesnudo.com.mx\/index.php\/wp-json\/wp\/v2\/media\/52609"}],"wp:attachment":[{"href":"https:\/\/politicosaldesnudo.com.mx\/index.php\/wp-json\/wp\/v2\/media?parent=52608"}],"wp:term":[{"taxonomy":"category","embeddable":true,"href":"https:\/\/politicosaldesnudo.com.mx\/index.php\/wp-json\/wp\/v2\/categories?post=52608"},{"taxonomy":"post_tag","embeddable":true,"href":"https:\/\/politicosaldesnudo.com.mx\/index.php\/wp-json\/wp\/v2\/tags?post=52608"}],"curies":[{"name":"wp","href":"https:\/\/api.w.org\/{rel}","templated":true}]}}