{"id":52642,"date":"2024-12-18T00:19:52","date_gmt":"2024-12-18T06:19:52","guid":{"rendered":"https:\/\/politicosaldesnudo.com.mx\/?p=52642"},"modified":"2024-12-18T00:19:52","modified_gmt":"2024-12-18T06:19:52","slug":"pescaderias-apuestan-a-navidad-y-ano-nuevo","status":"publish","type":"post","link":"https:\/\/politicosaldesnudo.com.mx\/index.php\/2024\/12\/18\/pescaderias-apuestan-a-navidad-y-ano-nuevo\/","title":{"rendered":"Pescader\u00edas apuestan a Navidad y A\u00f1o Nuevo"},"content":{"rendered":"<p>A medida que se acerca la Navidad y el a\u00f1o nuevo, los pescadores y propietarios de pescader\u00edas en Tuxpan esperan un repunte en las ventas de productos del mar.<\/p>\n<p>Seg\u00fan los pescadores locales, la demanda de pescado y mariscos aumenta significativamente durante la temporada navide\u00f1a, ya que muchos de los platos tradicionales de la regi\u00f3n incluyen productos del mar.<\/p>\n<p>\u00abLa Navidad es una de las \u00e9pocas m\u00e1s importantes para nosotros, los pescadores\u00bb, dijo Omar Garc\u00eda, un pescador local. \u00abLa gente busca productos frescos y de alta calidad para sus celebraciones, y nosotros estamos listos para satisfacer esa demanda\u00bb.<\/p>\n<p>Los propietarios de pescader\u00edas tambi\u00e9n esperan un aumento en las ventas durante la temporada navide\u00f1a. \u00abLa Navidad es un momento clave para nuestras ventas\u00bb, dijo Mar\u00eda Rodr\u00edguez, propietaria de una pescader\u00eda local. \u00abNos preparamos para ofrecer los mejores productos y precios para que nuestros clientes puedan disfrutar de una Navidad deliciosa y memorable\u00bb.<\/p>\n<p>Entre los productos m\u00e1s solicitados durante la temporada navide\u00f1a se encuentran el camar\u00f3n y el pescado fresco.<\/p>\n<p>Los entrevistados indicaron que est\u00e1n trabajando arduamente para asegurarse de que haya suficientes productos para satisfacer la demanda.<\/p>\n","protected":false},"excerpt":{"rendered":"<p>A medida que se acerca la Navidad y el a\u00f1o nuevo, los pescadores y propietarios de pescader\u00edas en Tuxpan esperan<\/p>\n","protected":false},"author":4,"featured_media":52643,"comment_status":"closed","ping_status":"closed","sticky":false,"template":"","format":"standard","meta":{"colormag_page_container_layout":"default_layout","colormag_page_sidebar_layout":"default_layout","_jetpack_memberships_contains_paid_content":false,"footnotes":"","jetpack_publicize_message":"","jetpack_publicize_feature_enabled":true,"jetpack_social_post_already_shared":false,"jetpack_social_options":{"image_generator_settings":{"template":"highway","default_image_id":0,"font":"","enabled":false},"version":2}},"categories":[1082],"tags":[],"class_list":["post-52642","post","type-post","status-publish","format-standard","has-post-thumbnail","hentry","category-tuxpan"],"jetpack_publicize_connections":[],"jetpack_featured_media_url":"https:\/\/i0.wp.com\/politicosaldesnudo.com.mx\/wp-content\/uploads\/2024\/12\/4b2.jpg?fit=1600%2C1200&ssl=1","jetpack-related-posts":[],"jetpack_sharing_enabled":true,"_links":{"self":[{"href":"https:\/\/politicosaldesnudo.com.mx\/index.php\/wp-json\/wp\/v2\/posts\/52642","targetHints":{"allow":["GET"]}}],"collection":[{"href":"https:\/\/politicosaldesnudo.com.mx\/index.php\/wp-json\/wp\/v2\/posts"}],"about":[{"href":"https:\/\/politicosaldesnudo.com.mx\/index.php\/wp-json\/wp\/v2\/types\/post"}],"author":[{"embeddable":true,"href":"https:\/\/politicosaldesnudo.com.mx\/index.php\/wp-json\/wp\/v2\/users\/4"}],"replies":[{"embeddable":true,"href":"https:\/\/politicosaldesnudo.com.mx\/index.php\/wp-json\/wp\/v2\/comments?post=52642"}],"version-history":[{"count":0,"href":"https:\/\/politicosaldesnudo.com.mx\/index.php\/wp-json\/wp\/v2\/posts\/52642\/revisions"}],"wp:featuredmedia":[{"embeddable":true,"href":"https:\/\/politicosaldesnudo.com.mx\/index.php\/wp-json\/wp\/v2\/media\/52643"}],"wp:attachment":[{"href":"https:\/\/politicosaldesnudo.com.mx\/index.php\/wp-json\/wp\/v2\/media?parent=52642"}],"wp:term":[{"taxonomy":"category","embeddable":true,"href":"https:\/\/politicosaldesnudo.com.mx\/index.php\/wp-json\/wp\/v2\/categories?post=52642"},{"taxonomy":"post_tag","embeddable":true,"href":"https:\/\/politicosaldesnudo.com.mx\/index.php\/wp-json\/wp\/v2\/tags?post=52642"}],"curies":[{"name":"wp","href":"https:\/\/api.w.org\/{rel}","templated":true}]}}