{"id":52651,"date":"2024-12-18T00:24:59","date_gmt":"2024-12-18T06:24:59","guid":{"rendered":"https:\/\/politicosaldesnudo.com.mx\/?p=52651"},"modified":"2024-12-18T00:24:59","modified_gmt":"2024-12-18T06:24:59","slug":"se-hizo-todo-lo-posible-para-evitar-desaparicion-del-inai-adrian-alcala","status":"publish","type":"post","link":"https:\/\/politicosaldesnudo.com.mx\/index.php\/2024\/12\/18\/se-hizo-todo-lo-posible-para-evitar-desaparicion-del-inai-adrian-alcala\/","title":{"rendered":"Se hizo \u00abtodo lo posible\u00bb para evitar desaparici\u00f3n del INAI: Adri\u00e1n Alcal\u00e1"},"content":{"rendered":"<p class=\"western\">En la \u00faltima sesi\u00f3n ordinaria del a\u00f1o del Pleno del Instituto Nacional de Transparencia y Acceso a la Informaci\u00f3n (INAI), el comisionado presidente Adri\u00e1n Alcal\u00e1 M\u00e9ndez afirm\u00f3 que hicieron \u201ctodo lo posible\u201d para evitar la desaparici\u00f3n de esa instituci\u00f3n, la cual se extinguir\u00e1 junto a seis \u00f3rganos aut\u00f3nomos m\u00e1s por mandato de la reforma constitucional que est\u00e1 en v\u00edsperas de ser promulgada por el Ejecutivo federal.<\/p>\n<p class=\"western\">Afirm\u00f3 que \u201cpara la familia INAI\u2026 ha sido el a\u00f1o m\u00e1s complejo desde la creaci\u00f3n primigenia del Instituto en el a\u00f1o 2003\u201d, pero reconoci\u00f3 que \u201cson tiempos de cambio y de profunda transformaci\u00f3n institucional\u201d y garantiz\u00f3 que esa instituci\u00f3n \u201ccontinuar\u00e1 trabajando hasta el \u00faltimo momento de su existencia\u201d para defender los derechos de la ciudadan\u00eda.<\/p>\n<p class=\"western\">\u201cCon la mirada en alto y respetuosos y conscientes de la nueva realidad social y pol\u00edtica de M\u00e9xico, cerramos este a\u00f1o con la plena convicci\u00f3n de que hicimos todo lo posible por defender a esta instituci\u00f3n\u201d, dijo.<\/p>\n<p class=\"western\">La semana pasada, el Congreso de la Uni\u00f3n hizo la declaratoria de validez constitucional de la reforma que extingui\u00f3 siete \u00f3rganos aut\u00f3nomos: el INAI, el Consejo Nacional de Evaluaci\u00f3n de la Pol\u00edtica de Desarrollo Social (Coneval), el Instituto Federal de Telecomunicaciones (IFT), la Comisi\u00f3n Federal de Competencia Econ\u00f3mica (Cofece), la Comisi\u00f3n Reguladora de Energ\u00eda (CRE), la Comisi\u00f3n Nacional Hidrocarburos (CNH) y la Comisi\u00f3n Nacional para la Mejora Continua de la Educaci\u00f3n (Mejoredu).<\/p>\n<p class=\"western\">\u201cMe atrever\u00eda a decir que fue posiblemente el a\u00f1o m\u00e1s complejo desde la creaci\u00f3n primigenia del Instituto en el a\u00f1o 2003. A pesar de todas las adversidades, esta familia ha demostrado entereza, resiliencia y una profunda vocaci\u00f3n de servicio, trabajando siempre con determinaci\u00f3n en favor de la defensa de los derechos humanos que tutelamos\u201d, dijo Alcal\u00e1.<\/p>\n<p class=\"western\">El comisionado presidente destac\u00f3 que \u201cla confianza inquebrantable de la sociedad mexicana en este \u00f3rgano garante\u201d, y como prueba de su afirmaci\u00f3n se\u00f1al\u00f3 que son \u201clos miles de recursos de revisi\u00f3n o quejas que hemos resuelto desde el mes de enero hasta esta \u00faltima sesi\u00f3n del pleno del INAI\u201d.<\/p>\n","protected":false},"excerpt":{"rendered":"<p>En la \u00faltima sesi\u00f3n ordinaria del a\u00f1o del Pleno del Instituto Nacional de Transparencia y Acceso a la Informaci\u00f3n (INAI),<\/p>\n","protected":false},"author":4,"featured_media":52652,"comment_status":"closed","ping_status":"closed","sticky":false,"template":"","format":"standard","meta":{"colormag_page_container_layout":"default_layout","colormag_page_sidebar_layout":"default_layout","_jetpack_memberships_contains_paid_content":false,"footnotes":"","jetpack_publicize_message":"","jetpack_publicize_feature_enabled":true,"jetpack_social_post_already_shared":false,"jetpack_social_options":{"image_generator_settings":{"template":"highway","default_image_id":0,"font":"","enabled":false},"version":2}},"categories":[33],"tags":[],"class_list":["post-52651","post","type-post","status-publish","format-standard","has-post-thumbnail","hentry","category-nacional"],"jetpack_publicize_connections":[],"jetpack_featured_media_url":"https:\/\/i0.wp.com\/politicosaldesnudo.com.mx\/wp-content\/uploads\/2024\/12\/crop-w809-h675-adrian-alcala-titular-del-inai-de-viaje-en-medio-de-filtraciones-1.jpeg?fit=1256%2C1048&ssl=1","jetpack-related-posts":[],"jetpack_sharing_enabled":true,"_links":{"self":[{"href":"https:\/\/politicosaldesnudo.com.mx\/index.php\/wp-json\/wp\/v2\/posts\/52651","targetHints":{"allow":["GET"]}}],"collection":[{"href":"https:\/\/politicosaldesnudo.com.mx\/index.php\/wp-json\/wp\/v2\/posts"}],"about":[{"href":"https:\/\/politicosaldesnudo.com.mx\/index.php\/wp-json\/wp\/v2\/types\/post"}],"author":[{"embeddable":true,"href":"https:\/\/politicosaldesnudo.com.mx\/index.php\/wp-json\/wp\/v2\/users\/4"}],"replies":[{"embeddable":true,"href":"https:\/\/politicosaldesnudo.com.mx\/index.php\/wp-json\/wp\/v2\/comments?post=52651"}],"version-history":[{"count":0,"href":"https:\/\/politicosaldesnudo.com.mx\/index.php\/wp-json\/wp\/v2\/posts\/52651\/revisions"}],"wp:featuredmedia":[{"embeddable":true,"href":"https:\/\/politicosaldesnudo.com.mx\/index.php\/wp-json\/wp\/v2\/media\/52652"}],"wp:attachment":[{"href":"https:\/\/politicosaldesnudo.com.mx\/index.php\/wp-json\/wp\/v2\/media?parent=52651"}],"wp:term":[{"taxonomy":"category","embeddable":true,"href":"https:\/\/politicosaldesnudo.com.mx\/index.php\/wp-json\/wp\/v2\/categories?post=52651"},{"taxonomy":"post_tag","embeddable":true,"href":"https:\/\/politicosaldesnudo.com.mx\/index.php\/wp-json\/wp\/v2\/tags?post=52651"}],"curies":[{"name":"wp","href":"https:\/\/api.w.org\/{rel}","templated":true}]}}