{"id":52663,"date":"2024-12-18T00:34:19","date_gmt":"2024-12-18T06:34:19","guid":{"rendered":"https:\/\/politicosaldesnudo.com.mx\/?p=52663"},"modified":"2024-12-18T00:34:19","modified_gmt":"2024-12-18T06:34:19","slug":"concanaco-servytur-se-suma-a-los-esfuerzos-para-contener-la-inflacion","status":"publish","type":"post","link":"https:\/\/politicosaldesnudo.com.mx\/index.php\/2024\/12\/18\/concanaco-servytur-se-suma-a-los-esfuerzos-para-contener-la-inflacion\/","title":{"rendered":"Concanaco Servytur se suma a los esfuerzos para contener la inflaci\u00f3n"},"content":{"rendered":"<p dir=\"ltr\">La Confederaci\u00f3n de C\u00e1maras Nacionales de Comercio, Servicios y Turismo (Concanaco Servytur) se comprometi\u00f3 a sumarse a los esfuerzos para contener el aumento de la inflacio\u0301n, inform\u00f3 la Secretar\u00eda de Hacienda y Cr\u00e9dito P\u00fablico (SHCP) en un comunicado.<\/p>\n<p dir=\"ltr\">Expuso que Octavio de la Torre, presidente de la Concanaco Servytur, a instancias de la Presidencia de la Repu\u0301blica, se reunio\u0301 con el secretario de la SHCP, Rogelio Rami\u0301rez de la O,<\/p>\n<p dir=\"ltr\">\u201cEl dirigente empresarial compartio\u0301 la importante noticia que representa el que se unan sector pu\u0301blico y privado a la contencio\u0301n del aumento en el costo de la canasta ba\u0301sica\u201d, menciona el comunicado.<\/p>\n<p dir=\"ltr\">La Concanaco Servytur tiene dos millones de afiliados directos y representa a 4.8 millones de comercios en total. Las empresas y negocios familiares afiliados contribuyeron en 2023 con alrededor de 77 por ciento del total de la captacio\u0301n del IVA y 63 por ciento de los ingresos tributarios del ISR.<\/p>\n<p dir=\"ltr\">El sector comercio, servicios y turismo aporta 66 por ciento del Producto Interno Bruto y es responsable de siete de cada 10 empleos formales en el pai\u0301s<\/p>\n<p dir=\"ltr\">De la Torre hizo entrega de un mapa del territorio nacional en la que los li\u0301deres de las ca\u0301maras afiliadas firman su compromiso de participar en contener la inflaci\u00f3n.<\/p>\n<p dir=\"ltr\">A su vez, reconocio\u0301 el impacto favorable de las medidas del gobierno federal para lograr contener el costo de la canasta b\u00e1sica, entre las que se encuentran instrumentar programas de fortalecimiento a la produccio\u0301n de granos, as\u00ed como coordinar esfuerzos y estrategias de seguridad con la Guardia Nacional para reducir la incidencia de robos.<\/p>\n","protected":false},"excerpt":{"rendered":"<p>La Confederaci\u00f3n de C\u00e1maras Nacionales de Comercio, Servicios y Turismo (Concanaco Servytur) se comprometi\u00f3 a sumarse a los esfuerzos para<\/p>\n","protected":false},"author":4,"featured_media":52664,"comment_status":"closed","ping_status":"closed","sticky":false,"template":"","format":"standard","meta":{"colormag_page_container_layout":"default_layout","colormag_page_sidebar_layout":"default_layout","_jetpack_memberships_contains_paid_content":false,"footnotes":"","jetpack_publicize_message":"","jetpack_publicize_feature_enabled":true,"jetpack_social_post_already_shared":false,"jetpack_social_options":{"image_generator_settings":{"template":"highway","default_image_id":0,"font":"","enabled":false},"version":2}},"categories":[2050],"tags":[],"class_list":["post-52663","post","type-post","status-publish","format-standard","has-post-thumbnail","hentry","category-economia"],"jetpack_publicize_connections":[],"jetpack_featured_media_url":"https:\/\/i0.wp.com\/politicosaldesnudo.com.mx\/wp-content\/uploads\/2024\/12\/0.20220505111306.jpeg?fit=800%2C530&ssl=1","jetpack-related-posts":[],"jetpack_sharing_enabled":true,"_links":{"self":[{"href":"https:\/\/politicosaldesnudo.com.mx\/index.php\/wp-json\/wp\/v2\/posts\/52663","targetHints":{"allow":["GET"]}}],"collection":[{"href":"https:\/\/politicosaldesnudo.com.mx\/index.php\/wp-json\/wp\/v2\/posts"}],"about":[{"href":"https:\/\/politicosaldesnudo.com.mx\/index.php\/wp-json\/wp\/v2\/types\/post"}],"author":[{"embeddable":true,"href":"https:\/\/politicosaldesnudo.com.mx\/index.php\/wp-json\/wp\/v2\/users\/4"}],"replies":[{"embeddable":true,"href":"https:\/\/politicosaldesnudo.com.mx\/index.php\/wp-json\/wp\/v2\/comments?post=52663"}],"version-history":[{"count":0,"href":"https:\/\/politicosaldesnudo.com.mx\/index.php\/wp-json\/wp\/v2\/posts\/52663\/revisions"}],"wp:featuredmedia":[{"embeddable":true,"href":"https:\/\/politicosaldesnudo.com.mx\/index.php\/wp-json\/wp\/v2\/media\/52664"}],"wp:attachment":[{"href":"https:\/\/politicosaldesnudo.com.mx\/index.php\/wp-json\/wp\/v2\/media?parent=52663"}],"wp:term":[{"taxonomy":"category","embeddable":true,"href":"https:\/\/politicosaldesnudo.com.mx\/index.php\/wp-json\/wp\/v2\/categories?post=52663"},{"taxonomy":"post_tag","embeddable":true,"href":"https:\/\/politicosaldesnudo.com.mx\/index.php\/wp-json\/wp\/v2\/tags?post=52663"}],"curies":[{"name":"wp","href":"https:\/\/api.w.org\/{rel}","templated":true}]}}