{"id":52694,"date":"2024-12-18T00:53:18","date_gmt":"2024-12-18T06:53:18","guid":{"rendered":"https:\/\/politicosaldesnudo.com.mx\/?p=52694"},"modified":"2024-12-18T00:53:18","modified_gmt":"2024-12-18T06:53:18","slug":"advierten-sobre-plan-de-trump-para-separar-a-familias-migrantes","status":"publish","type":"post","link":"https:\/\/politicosaldesnudo.com.mx\/index.php\/2024\/12\/18\/advierten-sobre-plan-de-trump-para-separar-a-familias-migrantes\/","title":{"rendered":"Advierten sobre plan de Trump para separar a familias migrantes"},"content":{"rendered":"<p>En preparaci\u00f3n para el retorno de Donald Trump y su equipo antimigrante a la Casa Blanca, defensores de derechos humanos y de inmigrantes advierten del peligro de que algunas de las medidas m\u00e1s crueles podr\u00edan implementarse una vez m\u00e1s incluyendo la separaci\u00f3n forzada de ni\u00f1os de familias inmigrantes -algo calificado como un tipo de tortura por Human Rights Watch- y de detenciones en lugares antes considerados como refugios, entre ellos iglesias, hospitales y escuelas.<\/p>\n<p>Un informe de Human Rights Watch, el Texas Civil Rights Project y de la Lowenstein International Human Rights Clinic de la Universidad de Yale, documenta c\u00f3mo la pol\u00edtica de \u201ctolerancia cero\u201d durante la primera presidencia de Trump separ\u00f3 a m\u00e1s de 4 mil 600 ni\u00f1os de sus padres, y que seis a\u00f1os despu\u00e9s, mil 360 de estos menores de edad no han logrado reencontrarse con sus familias y de hecho siguen en un paradero desconocido.<\/p>\n<p>Para estos expertos, al implementar esa pol\u00edtica, en muchos casos las autoridades rehusaban revelar a los padres el paradero de sus hijos, lo cual constituye el delito bajo la ley internacional de desaparici\u00f3n forzada y, a\u00fan m\u00e1s, con el dolor y consecuencias sicol\u00f3gicas, esa pr\u00e1ctica puede haber constituido tortura. \u201cLas separaciones forzadas de familias podr\u00eda haber resultado en tortura, definida como infligir intencionalmente dolor o sufrimiento severo para un prop\u00f3sito inapropiado por un agente de un estado\u201d, se\u00f1ala el informe.<\/p>\n<p>Los autores del informe se\u00f1alan que estos delitos, resultado de una pol\u00edtica intencional, siguen impunes sin justicia alguna para las v\u00edctimas. \u201cLa crueldad de la administraci\u00f3n Trump con los ni\u00f1os fue deliberada. Estaban castigando a los ni\u00f1os para enviar un mensaje a los padres: no vengan a Estados Unidos, no soliciten asilo en Estados Unidos\u2026 o de lo contrario secuestraremos a sus hijos y abusaremos de ellos\u201d, resume Human Rights Watch. Todo esto, agrega, \u201cexige una rendici\u00f3n de cuentas p\u00fablica, una disculpa, compensaciones y posibles acciones penales\u201d.<\/p>\n<p>Con el informe de 131 p\u00e1ginas, indicaron, desean presentar un reporte exhaustivo de lo que ocurri\u00f3 y se\u00f1alar que \u201cnadie ha rendido cuentas\u201d por los da\u00f1os intencionales contra las familias. \u201cEs escalofriante ver, en documento tras documento, la crueldad calculada que se impuls\u00f3 por la pol\u00edtica de separaci\u00f3n forzada de familias\u201d, coment\u00f3 Michael Garcia Bochenek, abogado de Human Rights Watch y uno de los autores del informe, a Border Report.<\/p>\n<p>El informe tiene la intenci\u00f3n de alertar a pol\u00edticos y funcionarios, como al p\u00fablico, de posibles medidas que podr\u00e1n ser implementadas contra migrantes en el segundo periodo de un gobierno de Trump.<\/p>\n<p>De hecho, dos de los arquitectos de la llamada pol\u00edtica de \u201dtolerancia cero\u201d que incluy\u00f3 la separaci\u00f3n de familias en 2017 a 2021 (la medida de separaci\u00f3n fue suspendida por orden judicial en 2018 pero continu\u00f3 de todas maneras) ya fueron nombrados por Trump para regresar con \u00e9l a la Casa Blanca. Stephen Miller, quien formul\u00f3 esa medida, ser\u00e1 el subjefe del gabinete de Trump, mientras que Tom Homan, quien implement\u00f3 esa medida, ha sido designado como el pr\u00f3ximo \u201czar fronterizo\u201d de Trump encargado de deportaciones masivas.<\/p>\n<p>Mientras tanto, se ha documentado que el gobierno de Joe Biden, a una escala mucho menor y con otras justificaciones, ha separado a ni\u00f1os de sus familias inmigrantes. Solo este a\u00f1o las autoridades migratorias de este gobierno han separado a unos 300 ni\u00f1os de sus familias o guardianes, report\u00f3 ProPublica. En 2023, seg\u00fan un informe oficial del Congreso, 298 ni\u00f1os fueron separados de sus familias. Funcionarios entrevistados por ProPublica insistieron en que las separaciones bajo este gobierno no se parecen a las del gobierno de Trump, ni en car\u00e1cter o escala. Subrayaron que estas separaciones se han realizado solo por preocupaciones sobre la seguridad de los menores de edad, o por razones de seguridad nacional<\/p>\n<p>Por otro lado, el nuevo gobierno de Trump tiene la intenci\u00f3n de descartar de inmediato la pol\u00edtica que proh\u00edbe a las autoridades migratorias federales detener a personas indocumentadas en llamadas \u201c\u00e1reas protegidas\u201d como escuelas, iglesias y hospitales, report\u00f3 NBC News.<\/p>\n<p>Esa pol\u00edtica ha estado vigente desde 2011 para permitir que inmigrantes indocumentados puedan acceder a servicios esenciales para ellos y sus familias sin temor a ser arrestados. Adem\u00e1s, se argumentaba que era para el bien de las comunidades -tanto por razones de salud, bienestar de ni\u00f1os y m\u00e1s- que personas indocumentadas no acudieran a estas instituciones. Pero ahora, seg\u00fan fuentes del equipo de transici\u00f3n de Trump, esta pol\u00edtica humanitaria ser\u00e1 sacrificada como parte de la promesa de Trump de realizar \u201cla operaci\u00f3n de deportaci\u00f3n m\u00e1s grande de la historia estadunidense\u201d. M\u00e1s a\u00fan, ser\u00eda un golpe contra los promotores de \u201csantuarios\u201d para inmigrantes.<\/p>\n<p>Todo esto a una semana de la Navidad que celebra el nacimiento de un ni\u00f1o hijo de refugiados en un santuario en Palestina.<\/p>\n","protected":false},"excerpt":{"rendered":"<p>En preparaci\u00f3n para el retorno de Donald Trump y su equipo antimigrante a la Casa Blanca, defensores de derechos humanos<\/p>\n","protected":false},"author":4,"featured_media":52695,"comment_status":"closed","ping_status":"closed","sticky":false,"template":"","format":"standard","meta":{"colormag_page_container_layout":"default_layout","colormag_page_sidebar_layout":"default_layout","_jetpack_memberships_contains_paid_content":false,"footnotes":"","jetpack_publicize_message":"","jetpack_publicize_feature_enabled":true,"jetpack_social_post_already_shared":false,"jetpack_social_options":{"image_generator_settings":{"template":"highway","default_image_id":0,"font":"","enabled":false},"version":2}},"categories":[28],"tags":[],"class_list":["post-52694","post","type-post","status-publish","format-standard","has-post-thumbnail","hentry","category-internacional"],"jetpack_publicize_connections":[],"jetpack_featured_media_url":"https:\/\/i0.wp.com\/politicosaldesnudo.com.mx\/wp-content\/uploads\/2024\/12\/th-2.jpg?fit=380%2C196&ssl=1","jetpack-related-posts":[],"jetpack_sharing_enabled":true,"_links":{"self":[{"href":"https:\/\/politicosaldesnudo.com.mx\/index.php\/wp-json\/wp\/v2\/posts\/52694","targetHints":{"allow":["GET"]}}],"collection":[{"href":"https:\/\/politicosaldesnudo.com.mx\/index.php\/wp-json\/wp\/v2\/posts"}],"about":[{"href":"https:\/\/politicosaldesnudo.com.mx\/index.php\/wp-json\/wp\/v2\/types\/post"}],"author":[{"embeddable":true,"href":"https:\/\/politicosaldesnudo.com.mx\/index.php\/wp-json\/wp\/v2\/users\/4"}],"replies":[{"embeddable":true,"href":"https:\/\/politicosaldesnudo.com.mx\/index.php\/wp-json\/wp\/v2\/comments?post=52694"}],"version-history":[{"count":0,"href":"https:\/\/politicosaldesnudo.com.mx\/index.php\/wp-json\/wp\/v2\/posts\/52694\/revisions"}],"wp:featuredmedia":[{"embeddable":true,"href":"https:\/\/politicosaldesnudo.com.mx\/index.php\/wp-json\/wp\/v2\/media\/52695"}],"wp:attachment":[{"href":"https:\/\/politicosaldesnudo.com.mx\/index.php\/wp-json\/wp\/v2\/media?parent=52694"}],"wp:term":[{"taxonomy":"category","embeddable":true,"href":"https:\/\/politicosaldesnudo.com.mx\/index.php\/wp-json\/wp\/v2\/categories?post=52694"},{"taxonomy":"post_tag","embeddable":true,"href":"https:\/\/politicosaldesnudo.com.mx\/index.php\/wp-json\/wp\/v2\/tags?post=52694"}],"curies":[{"name":"wp","href":"https:\/\/api.w.org\/{rel}","templated":true}]}}