{"id":5277,"date":"2022-05-13T18:34:34","date_gmt":"2022-05-13T23:34:34","guid":{"rendered":"https:\/\/politicosaldesnudo.com.mx\/?p=5277"},"modified":"2022-05-13T18:36:16","modified_gmt":"2022-05-13T23:36:16","slug":"inicia-en-nl-campana-produccion-para-el-autoconsumo","status":"publish","type":"post","link":"https:\/\/politicosaldesnudo.com.mx\/index.php\/2022\/05\/13\/inicia-en-nl-campana-produccion-para-el-autoconsumo\/","title":{"rendered":"Inicia en NL campa\u00f1a \u201cProducci\u00f3n para el autoconsumo\u201d"},"content":{"rendered":"<p class=\"p2\"><span style=\"font-size: 14pt;\"><em><strong>Guadalupe.<\/strong> <\/em>Con el fin de <strong>impulsar la actividad en el campo<\/strong> que es clave para que las naciones<strong> no padezcan los efectos de la inflaci\u00f3n<\/strong>, el presidente<strong> Andr\u00e9s Manuel L\u00f3pez Obrador<\/strong> encabez\u00f3 el inicio de la campa\u00f1a d<strong>e producci\u00f3n para el autoconsumo.<\/strong><\/span><\/p>\n<p class=\"p2\"><strong><span style=\"font-size: 18pt;\">\u201cTenemos que enfrentar el desaf\u00edo. As\u00ed como nos propusimos la eficiencia energ\u00e9tica, producir en M\u00e9xico las gasolinas para no comprarlas, as\u00ed tenemos que hacerlo con los alimentos, producir en M\u00e9xico lo que consumimos, sobre todo los b\u00e1sicos: ma\u00edz, frijol, arroz, trigo, carne, pollo, leche, huevos, lo que se consume m\u00e1s, lo que tiene que ver con la llamada Canasta B\u00e1sica\u201d, explic\u00f3.<\/span><\/strong><\/p>\n<p>&nbsp;<\/p>\n<p><img data-recalc-dims=\"1\" loading=\"lazy\" decoding=\"async\" class=\"aligncenter wp-image-5282 size-large\" src=\"https:\/\/i0.wp.com\/politicosaldesnudo.com.mx\/wp-content\/uploads\/2022\/05\/13-05-2022-JORNADAS-DE-PRODUCCION-PARA-EL-AUTOCONSUMO-GUADALUPE-NUEVO-LEON-FOTO-010-1024x682.jpeg?resize=800%2C533&#038;ssl=1\" alt=\"\" width=\"800\" height=\"533\" srcset=\"https:\/\/i0.wp.com\/politicosaldesnudo.com.mx\/wp-content\/uploads\/2022\/05\/13-05-2022-JORNADAS-DE-PRODUCCION-PARA-EL-AUTOCONSUMO-GUADALUPE-NUEVO-LEON-FOTO-010.jpeg?resize=1024%2C682&amp;ssl=1 1024w, https:\/\/i0.wp.com\/politicosaldesnudo.com.mx\/wp-content\/uploads\/2022\/05\/13-05-2022-JORNADAS-DE-PRODUCCION-PARA-EL-AUTOCONSUMO-GUADALUPE-NUEVO-LEON-FOTO-010.jpeg?resize=300%2C200&amp;ssl=1 300w, https:\/\/i0.wp.com\/politicosaldesnudo.com.mx\/wp-content\/uploads\/2022\/05\/13-05-2022-JORNADAS-DE-PRODUCCION-PARA-EL-AUTOCONSUMO-GUADALUPE-NUEVO-LEON-FOTO-010.jpeg?resize=768%2C511&amp;ssl=1 768w, https:\/\/i0.wp.com\/politicosaldesnudo.com.mx\/wp-content\/uploads\/2022\/05\/13-05-2022-JORNADAS-DE-PRODUCCION-PARA-EL-AUTOCONSUMO-GUADALUPE-NUEVO-LEON-FOTO-010.jpeg?w=1502&amp;ssl=1 1502w\" sizes=\"auto, (max-width: 800px) 100vw, 800px\" \/><\/p>\n<blockquote>\n<p class=\"p4\"><span style=\"font-size: 14pt;\">A\u00fan cuando se foment\u00f3 la actividad agr\u00edcola y ganadera desde el principio del gobierno \u201cahora es urgente, necesario, porque se est\u00e1 presentando un fen\u00f3meno de inflaci\u00f3n, de carest\u00eda, est\u00e1n subiendo los precios de los alimentos y tenemos que, entre todos, todas y desde abajo, hacerle frente a este desaf\u00edo y lo mejor es la producci\u00f3n\u201d.<\/span><\/p>\n<\/blockquote>\n<p class=\"p4\"><span style=\"font-size: 14pt;\"><strong>La estrategia, expuso el mandatario, consiste principalmente en respaldar a los peque\u00f1os y medianos productores.<\/strong><\/span><\/p>\n<p class=\"p4\"><span style=\"font-size: 14pt;\">Llam\u00f3 a extensionistas, agr\u00f3nomos, beneficiarios de Sembrando Vida y Servidores de la Naci\u00f3n a participar en este esfuerzo conjunto que beneficiar\u00e1 al pueblo de M\u00e9xico.<\/span><\/p>\n<blockquote>\n<p class=\"p4\"><span style=\"font-size: 14pt;\">Que coman los que nos dan de comer. (\u2026) Puede parecer ut\u00f3pico pero es un ideal que podemos convertir en realidad. (\u2026) \u201cTiene que haber resultados. Vamos a lograr la autosuficiencia en alimentos\u201d, expres\u00f3.<\/span><\/p>\n<\/blockquote>\n<p class=\"p4\"><span style=\"font-size: 18pt;\"><strong>Asegur\u00f3<span style=\"font-size: 18pt;\"> Andr\u00e9s Manuel L\u00f3pez Obrador <\/span>que \u201clas naciones no salen adelante si no producen. Ah\u00ed est\u00e1 la clave de todo. En los \u00faltimos tiempos se ha apostado mucho a la especulaci\u00f3n financiera, pero es ficticio. A final de cuentas, lo que vale es lo que se produce y por eso tenemos que redoblar esfuerzos todas, todos\u201d<\/strong><\/span><\/p>\n<p>&nbsp;<\/p>\n<p><img data-recalc-dims=\"1\" loading=\"lazy\" decoding=\"async\" class=\"aligncenter wp-image-5280 size-large\" src=\"https:\/\/i0.wp.com\/politicosaldesnudo.com.mx\/wp-content\/uploads\/2022\/05\/13-05-2022-JORNADAS-DE-PRODUCCION-PARA-EL-AUTOCONSUMO-GUADALUPE-NUEVO-LEON-FOTO-011-1024x682.jpeg?resize=800%2C533&#038;ssl=1\" alt=\"\" width=\"800\" height=\"533\" srcset=\"https:\/\/i0.wp.com\/politicosaldesnudo.com.mx\/wp-content\/uploads\/2022\/05\/13-05-2022-JORNADAS-DE-PRODUCCION-PARA-EL-AUTOCONSUMO-GUADALUPE-NUEVO-LEON-FOTO-011.jpeg?resize=1024%2C682&amp;ssl=1 1024w, https:\/\/i0.wp.com\/politicosaldesnudo.com.mx\/wp-content\/uploads\/2022\/05\/13-05-2022-JORNADAS-DE-PRODUCCION-PARA-EL-AUTOCONSUMO-GUADALUPE-NUEVO-LEON-FOTO-011.jpeg?resize=300%2C200&amp;ssl=1 300w, https:\/\/i0.wp.com\/politicosaldesnudo.com.mx\/wp-content\/uploads\/2022\/05\/13-05-2022-JORNADAS-DE-PRODUCCION-PARA-EL-AUTOCONSUMO-GUADALUPE-NUEVO-LEON-FOTO-011.jpeg?resize=768%2C511&amp;ssl=1 768w, https:\/\/i0.wp.com\/politicosaldesnudo.com.mx\/wp-content\/uploads\/2022\/05\/13-05-2022-JORNADAS-DE-PRODUCCION-PARA-EL-AUTOCONSUMO-GUADALUPE-NUEVO-LEON-FOTO-011.jpeg?w=1502&amp;ssl=1 1502w\" sizes=\"auto, (max-width: 800px) 100vw, 800px\" \/><\/p>\n<p>&nbsp;<\/p>\n<p>&nbsp;<\/p>\n<p><span style=\"font-size: 18pt;\"><strong>LAS CONSECUENCIA DE CONFLICTOS\u00a0<\/strong><\/span><\/p>\n<p class=\"p4\"><span style=\"font-size: 14pt;\">El jefe del Ejecutivo se refiri\u00f3 a las<strong> consecuencias de los conflictos internacionales<\/strong> en las econom\u00edas de los pa\u00edses, como<strong> la afectaci\u00f3n de las cadenas de producci\u00f3n, la reducci\u00f3n de fertilizantes, el aumento de los precios de los alimentos, de la energ\u00eda y del transporte mar\u00edtimo, entre otros.<\/strong><\/span><\/p>\n<p class=\"p4\"><span style=\"font-size: 14pt;\">\u201c\u00bfCu\u00e1l es la lecci\u00f3n que nos deja todo esto? Debemos procurar producir lo que consumimos, no depender del extranjero\u201d, apunt\u00f3.<\/span><\/p>\n<p class=\"p4\"><span style=\"font-size: 14pt;\"><strong>Destac\u00f3 que actualmente es posible ver los resultados positivos de la producci\u00f3n nacional de gasolinas a trav\u00e9s de la rehabilitaci\u00f3n y construcci\u00f3n de refiner\u00edas. Gracias a esta medida, dijo, disminuy\u00f3 en casi 50 por ciento la importaci\u00f3n de combustibles.<\/strong><\/span><\/p>\n<p>&nbsp;<\/p>\n<p><img data-recalc-dims=\"1\" loading=\"lazy\" decoding=\"async\" class=\"aligncenter wp-image-5279 size-large\" src=\"https:\/\/i0.wp.com\/politicosaldesnudo.com.mx\/wp-content\/uploads\/2022\/05\/13-05-2022-JORNADAS-DE-PRODUCCION-PARA-EL-AUTOCONSUMO-GUADALUPE-NUEVO-LEON-FOTO-013-1024x682.jpeg?resize=800%2C533&#038;ssl=1\" alt=\"\" width=\"800\" height=\"533\" srcset=\"https:\/\/i0.wp.com\/politicosaldesnudo.com.mx\/wp-content\/uploads\/2022\/05\/13-05-2022-JORNADAS-DE-PRODUCCION-PARA-EL-AUTOCONSUMO-GUADALUPE-NUEVO-LEON-FOTO-013.jpeg?resize=1024%2C682&amp;ssl=1 1024w, https:\/\/i0.wp.com\/politicosaldesnudo.com.mx\/wp-content\/uploads\/2022\/05\/13-05-2022-JORNADAS-DE-PRODUCCION-PARA-EL-AUTOCONSUMO-GUADALUPE-NUEVO-LEON-FOTO-013.jpeg?resize=300%2C200&amp;ssl=1 300w, https:\/\/i0.wp.com\/politicosaldesnudo.com.mx\/wp-content\/uploads\/2022\/05\/13-05-2022-JORNADAS-DE-PRODUCCION-PARA-EL-AUTOCONSUMO-GUADALUPE-NUEVO-LEON-FOTO-013.jpeg?resize=768%2C511&amp;ssl=1 768w, https:\/\/i0.wp.com\/politicosaldesnudo.com.mx\/wp-content\/uploads\/2022\/05\/13-05-2022-JORNADAS-DE-PRODUCCION-PARA-EL-AUTOCONSUMO-GUADALUPE-NUEVO-LEON-FOTO-013.jpeg?w=1502&amp;ssl=1 1502w\" sizes=\"auto, (max-width: 800px) 100vw, 800px\" \/><\/p>\n<p>&nbsp;<\/p>\n<p class=\"p4\"><span style=\"font-size: 14pt;\"><strong>Andr\u00e9s Manuel L\u00f3pez Obrador <\/strong>Inform\u00f3 que en <strong>M\u00e9xico la inflaci\u00f3n en energ\u00e9ticos es de 0.6 por ciento debido a que, en t\u00e9rminos reales, no han aumentado los precios de los combustibles ni de la electricidad<\/strong> por la aplicaci\u00f3n de la utilidad obtenida de la exportaci\u00f3n de crudo en el Impuesto Especial sobre Producci\u00f3n y Servicios (IEPS).<\/span><\/p>\n<p class=\"p4\"><span style=\"font-size: 14pt;\">Mientras en <strong>Estados Unidos la inflaci\u00f3n por energ\u00e9ticos es de 2.1 del total de 8.3 por ciento que registra, en M\u00e9xico, del 7.7 por ciento en total, 0.6 corresponde a ese rubro<\/strong>. Sin embargo, 3.6 por ciento es por aumento de precios de alimentos, en tanto que la inflaci\u00f3n estadounidense en este sector es del 1.3 por ciento, se\u00f1al\u00f3 el presidente.<\/span><\/p>\n<p class=\"p4\"><span style=\"font-size: 14pt;\">Acompa\u00f1ado del gobernador de Nuevo Le\u00f3n, Samuel Garc\u00eda Sep\u00falveda, resalt\u00f3 que, a pesar de la crisis generada por la pandemia de Covid 19, el gobierno federal reporta una recaudaci\u00f3n superior al 4 por ciento con relaci\u00f3n al 2021.<\/span><\/p>\n<blockquote>\n<p class=\"p4\"><span style=\"font-size: 14pt;\">Si le agregamos el 12 por ciento de inflaci\u00f3n estamos hablando de una recaudaci\u00f3n del 8 por ciento m\u00e1s que el a\u00f1o pasado\u201d, acot\u00f3.<\/span><\/p>\n<p>&nbsp;<\/p><\/blockquote>\n<p class=\"p4\"><strong><span style=\"font-size: 18pt;\">No permitir la corrupci\u00f3n y la austeridad permite ahorrar y utilizar esos recursos en acciones que benefician al pueblo, enfatiz\u00f3.<\/span><\/strong><\/p>\n<p>&nbsp;<\/p>\n<p>&nbsp;<\/p>\n<p>&nbsp;<\/p>\n<p>&nbsp;<\/p>\n<p>&nbsp;<\/p>\n","protected":false},"excerpt":{"rendered":"<p>Guadalupe. Con el fin de impulsar la actividad en el campo que es clave para que las naciones no padezcan<\/p>\n","protected":false},"author":4,"featured_media":5281,"comment_status":"closed","ping_status":"closed","sticky":false,"template":"","format":"standard","meta":{"colormag_page_container_layout":"default_layout","colormag_page_sidebar_layout":"default_layout","_jetpack_memberships_contains_paid_content":false,"footnotes":"","jetpack_publicize_message":"","jetpack_publicize_feature_enabled":true,"jetpack_social_post_already_shared":true,"jetpack_social_options":{"image_generator_settings":{"template":"highway","default_image_id":0,"font":"","enabled":false},"version":2}},"categories":[33],"tags":[95,745,42,66,744],"class_list":["post-5277","post","type-post","status-publish","format-standard","has-post-thumbnail","hentry","category-nacional","tag-andres-manuel-lopez-obrador","tag-autoconsumo","tag-mexico","tag-nuevo-leon","tag-produccion"],"jetpack_publicize_connections":[],"jetpack_featured_media_url":"https:\/\/i0.wp.com\/politicosaldesnudo.com.mx\/wp-content\/uploads\/2022\/05\/13-05-2022-JORNADAS-DE-PRODUCCION-PARA-EL-AUTOCONSUMO-GUADALUPE-NUEVO-LEON-FOTO-02.jpeg?fit=1603%2C1000&ssl=1","jetpack-related-posts":[],"jetpack_sharing_enabled":true,"_links":{"self":[{"href":"https:\/\/politicosaldesnudo.com.mx\/index.php\/wp-json\/wp\/v2\/posts\/5277","targetHints":{"allow":["GET"]}}],"collection":[{"href":"https:\/\/politicosaldesnudo.com.mx\/index.php\/wp-json\/wp\/v2\/posts"}],"about":[{"href":"https:\/\/politicosaldesnudo.com.mx\/index.php\/wp-json\/wp\/v2\/types\/post"}],"author":[{"embeddable":true,"href":"https:\/\/politicosaldesnudo.com.mx\/index.php\/wp-json\/wp\/v2\/users\/4"}],"replies":[{"embeddable":true,"href":"https:\/\/politicosaldesnudo.com.mx\/index.php\/wp-json\/wp\/v2\/comments?post=5277"}],"version-history":[{"count":0,"href":"https:\/\/politicosaldesnudo.com.mx\/index.php\/wp-json\/wp\/v2\/posts\/5277\/revisions"}],"wp:featuredmedia":[{"embeddable":true,"href":"https:\/\/politicosaldesnudo.com.mx\/index.php\/wp-json\/wp\/v2\/media\/5281"}],"wp:attachment":[{"href":"https:\/\/politicosaldesnudo.com.mx\/index.php\/wp-json\/wp\/v2\/media?parent=5277"}],"wp:term":[{"taxonomy":"category","embeddable":true,"href":"https:\/\/politicosaldesnudo.com.mx\/index.php\/wp-json\/wp\/v2\/categories?post=5277"},{"taxonomy":"post_tag","embeddable":true,"href":"https:\/\/politicosaldesnudo.com.mx\/index.php\/wp-json\/wp\/v2\/tags?post=5277"}],"curies":[{"name":"wp","href":"https:\/\/api.w.org\/{rel}","templated":true}]}}