{"id":52785,"date":"2024-12-19T08:53:53","date_gmt":"2024-12-19T14:53:53","guid":{"rendered":"https:\/\/politicosaldesnudo.com.mx\/?p=52785"},"modified":"2024-12-19T08:53:53","modified_gmt":"2024-12-19T14:53:53","slug":"ecuador-descarta-negociar-con-venezuela-la-liberacion-de-jorge-glas","status":"publish","type":"post","link":"https:\/\/politicosaldesnudo.com.mx\/index.php\/2024\/12\/19\/ecuador-descarta-negociar-con-venezuela-la-liberacion-de-jorge-glas\/","title":{"rendered":"Ecuador descarta negociar con Venezuela la liberaci\u00f3n de Jorge Glas"},"content":{"rendered":"<p>El Ministerio de Exteriores de Ecuador\u00a0descart\u00f3\u00a0negociar con Venezuela la liberaci\u00f3n del ex vicepresidente ecuatoriano Jorge Glas a cambio de los seis salvoconductos para los opositores venezolanos que permanecen asilados en la Embajada de Argentina en Caracas.<\/p>\n<p>\u00abEl ciudadano Jorge Glas Espinel, como otros responsables de delitos que han afectado a las familias ecuatorianas, continuar\u00e1 cumpliendo su condena en prisi\u00f3n en estricto apego a lo establecido por la ley\u00bb,\u00a0se\u00f1al\u00f3\u00a0el\u00a0ministerio en un comunicado.<\/p>\n<p>En este sentido,\u00a0recalc\u00f3\u00a0que \u00abeste tipo de &#8216;negociaciones&#8217; jam\u00e1s tendr\u00e1n cabida\u00bb en el\u00a0gobierno del presidente Daniel Noboa, ya que \u00aba diferencia de anteriores administraciones\u00bb en las que \u00abfuncionarios sentenciados\u00bb lograron evadir la justicia, el actual Ejecutivo \u00abrompe esquemas para imposibilitar la impunidad\u00bb.<\/p>\n<p>Esto se produce despu\u00e9s de que el ministro de Exteriores de Colombia, Luis Gilberto Murillo, revel\u00f3\u00a0que Venezuela\u00a0condicion\u00f3\u00a0los salvoconductos a la liberaci\u00f3n de Glas y de \u00abuna persona muy cercana\u00bb al Gobierno del presidente Nicol\u00e1s Maduro.<\/p>\n<p>La\u00a0polic\u00eda de Ecuador irrumpi\u00f3 por la fuerza en la Embajada mexicana en Quito a comienzos de abril para detener al ex vicepresidente Glas (2013-2017), acusado de corrupci\u00f3n y que hab\u00eda alegado temor por su seguridad. M\u00e9xico\u00a0confirm\u00f3\u00a0poco antes de la operaci\u00f3n policial que le brindar\u00eda asilo pol\u00edtico.<\/p>\n<p>Las autoridades de Ecuador acusan al ex vicepresidente de un supuesto delito de malversaci\u00f3n de caudales p\u00fablicos por los trabajos de reconstrucci\u00f3n en la provincia de Manab\u00ed tras el paso de un fuerte terremoto en el a\u00f1o 2016, que dej\u00f3 m\u00e1s de 670 muertos.<\/p>\n","protected":false},"excerpt":{"rendered":"<p>El Ministerio de Exteriores de Ecuador\u00a0descart\u00f3\u00a0negociar con Venezuela la liberaci\u00f3n del ex vicepresidente ecuatoriano Jorge Glas a cambio de los<\/p>\n","protected":false},"author":4,"featured_media":52786,"comment_status":"closed","ping_status":"closed","sticky":false,"template":"","format":"standard","meta":{"colormag_page_container_layout":"default_layout","colormag_page_sidebar_layout":"default_layout","_jetpack_memberships_contains_paid_content":false,"footnotes":"","jetpack_publicize_message":"","jetpack_publicize_feature_enabled":true,"jetpack_social_post_already_shared":false,"jetpack_social_options":{"image_generator_settings":{"template":"highway","default_image_id":0,"font":"","enabled":false},"version":2}},"categories":[28],"tags":[],"class_list":["post-52785","post","type-post","status-publish","format-standard","has-post-thumbnail","hentry","category-internacional"],"jetpack_publicize_connections":[],"jetpack_featured_media_url":"https:\/\/i0.wp.com\/politicosaldesnudo.com.mx\/wp-content\/uploads\/2024\/12\/jorge-glas-capturado-dos-678x381-1.jpg?fit=678%2C381&ssl=1","jetpack-related-posts":[],"jetpack_sharing_enabled":true,"_links":{"self":[{"href":"https:\/\/politicosaldesnudo.com.mx\/index.php\/wp-json\/wp\/v2\/posts\/52785","targetHints":{"allow":["GET"]}}],"collection":[{"href":"https:\/\/politicosaldesnudo.com.mx\/index.php\/wp-json\/wp\/v2\/posts"}],"about":[{"href":"https:\/\/politicosaldesnudo.com.mx\/index.php\/wp-json\/wp\/v2\/types\/post"}],"author":[{"embeddable":true,"href":"https:\/\/politicosaldesnudo.com.mx\/index.php\/wp-json\/wp\/v2\/users\/4"}],"replies":[{"embeddable":true,"href":"https:\/\/politicosaldesnudo.com.mx\/index.php\/wp-json\/wp\/v2\/comments?post=52785"}],"version-history":[{"count":0,"href":"https:\/\/politicosaldesnudo.com.mx\/index.php\/wp-json\/wp\/v2\/posts\/52785\/revisions"}],"wp:featuredmedia":[{"embeddable":true,"href":"https:\/\/politicosaldesnudo.com.mx\/index.php\/wp-json\/wp\/v2\/media\/52786"}],"wp:attachment":[{"href":"https:\/\/politicosaldesnudo.com.mx\/index.php\/wp-json\/wp\/v2\/media?parent=52785"}],"wp:term":[{"taxonomy":"category","embeddable":true,"href":"https:\/\/politicosaldesnudo.com.mx\/index.php\/wp-json\/wp\/v2\/categories?post=52785"},{"taxonomy":"post_tag","embeddable":true,"href":"https:\/\/politicosaldesnudo.com.mx\/index.php\/wp-json\/wp\/v2\/tags?post=52785"}],"curies":[{"name":"wp","href":"https:\/\/api.w.org\/{rel}","templated":true}]}}