{"id":52794,"date":"2024-12-19T18:31:53","date_gmt":"2024-12-20T00:31:53","guid":{"rendered":"https:\/\/politicosaldesnudo.com.mx\/?p=52794"},"modified":"2024-12-19T18:31:53","modified_gmt":"2024-12-20T00:31:53","slug":"con-los-yunes-ni-a-la-esquina","status":"publish","type":"post","link":"https:\/\/politicosaldesnudo.com.mx\/index.php\/2024\/12\/19\/con-los-yunes-ni-a-la-esquina\/","title":{"rendered":"\u201cCon los Yunes ni a la esquina\u201d"},"content":{"rendered":"<p style=\"font-weight: 400;\"><strong>Por: Luis Ram\u00edrez Baqueiro<\/strong><\/p>\n<p style=\"font-weight: 400;\"><em>\u201c\u00bfQuieres tener gran autoridad? M\u00e1ndate a ti mismo.\u201d \u2013 Publio Sirio.<\/em><\/p>\n<p style=\"font-weight: 400;\"><strong>\u00a0<\/strong><strong>Han pasado 19 d\u00edas de su llegada al Gobierno de Veracruz, Norma Roc\u00edo Nahle Garc\u00eda ha dado muestra en apenas pocos d\u00edas de ser una pol\u00edtica de altura, concentrada y dedicada al ejercicio pleno y consciente del poder, ha venido ejecutando acciones que responden al cumplimiento de su palabra, misma que empe\u00f1\u00f3 durante su campa\u00f1a.<\/strong><\/p>\n<p style=\"font-weight: 400;\"><strong>Mujer de convicciones, concentrada en transformar \u201cPor Amor a Veracruz\u201d la mandataria comienza a dar muestras de c\u00f3mo ejerce el poder.<\/strong><\/p>\n<p style=\"font-weight: 400;\"><strong>La reciente declaraci\u00f3n a los periodistas \u00c1lvaro Delgado y Alejandro Paez en su programa \u201cLos Periodistas al Aire\u201d fue categ\u00f3rica y contundente \u201cal rechazar cualquier acercamiento con el exgobernador Miguel \u00c1ngel Yunes Linares y su hijo el senador Miguel \u00c1ngel Yunes M\u00e1rquez asegurando que su postura responde a un compromiso con las mujeres y su firme convicci\u00f3n de no tolerar la violencia pol\u00edtica.\u201d<\/strong><\/p>\n<p style=\"font-weight: 400;\"><strong>Para los desmemoriados, la reciente campa\u00f1a pol\u00edtica que la llev\u00f3 al poder por apabullante margen de victoria \u2013diferencia de casi mill\u00f3n 200 mil votos de diferencia- entre su m\u00e1s cercano competidor estuvo cargada de una gran dosis de misoginia, de violencia pol\u00edtica en raz\u00f3n de g\u00e9nero, de alto contenido de mentiras y calumnias orquestadas precisamente por los integrantes de ese Clan pol\u00edtico que ahora pretende transmutarse para perpetuarse en el ejercicio del poder.<\/strong><\/p>\n<p style=\"font-weight: 400;\"><strong>Los acuerdos que en lo oscurito fueran a construir a la Ciudad de M\u00e9xico con actores pol\u00edticos de dudosa calidad moral, son la confirmaci\u00f3n de que, en nuestro pa\u00eds, existen personajes que, con tal de no ser nunca molestados, mucho menos enjuiciados y sentenciados con penas de car\u00e1cter pecuniario, son capaces de vender a sus madres, import\u00e1ndoles poco trapear con ello la honra y el apellido que ostentan.<\/strong><\/p>\n<p style=\"font-weight: 400;\"><strong>Al ser cuestionada por el periodista \u00c1lvaro Delgado sobre si estar\u00eda dispuesta a reunirse con Yunes Linares para favorecer la estabilidad en el estado, Nahle respondi\u00f3 categ\u00f3ricamente: \u201cNo me voy a sentar [\u2026] porque yo no puedo normalizar la violencia hacia las mujeres en ning\u00fan momento, pero tampoco estar\u00e9 tocando el tema\u201d.<\/strong><\/p>\n<p style=\"font-weight: 400;\"><strong>La mandataria estatal, subray\u00f3, \u201cque su responsabilidad es no solo gobernar para todos, sino ser un referente de respeto y dignidad para las veracruzanas. En ning\u00fan sentido: ni pol\u00edtica, ni f\u00edsica, ni psicol\u00f3gica se puede tolerar ese nivel de violencia\u201d.<\/strong><\/p>\n<p style=\"font-weight: 400;\"><strong>La ex senadora afirm\u00f3: \u201cTengo dos hijas y a mis hijas les tengo que ense\u00f1ar con el ejemplo\u201d, expres\u00f3, reafirmando que su postura ante la necesidad de mantener la congruencia con los principios de igualdad y respeto hacia las mujeres es primordial en su mandato.<\/strong><\/p>\n<p style=\"font-weight: 400;\"><strong>As\u00ed que aquellos que aseguran que los acuerdos con los Yunes son productos de presuntas negociaciones con la presidenta de M\u00e9xico, d\u00e9jenme aclararles que se equivocan.<\/strong><\/p>\n<p style=\"font-weight: 400;\"><strong>Claudia Sheinbaum Pardo, no atentar\u00eda contra una misma correligionaria de partido y mucho menos una traici\u00f3n a los principios e ideales por los que ambas han luchado durante los \u00faltimos 30 a\u00f1os.<\/strong><\/p>\n<p style=\"font-weight: 400;\"><strong>No se equivoquen, Sheinbaum Pardo y Nahle Garc\u00eda no son iguales a los pol\u00edticos machistas tradicionales, y eso queda m\u00e1s que claro tras los diferendos surgidos entre correligionarios \u2013como en el caso Monreal-Ad\u00e1n Augusto o Bautista-Cazar\u00edn- porque en ambos casos el manotazo dado por ambas pol\u00edticas dej\u00f3 muy en claro que no se van a tolerar insubordinaciones de ninguna especie.<\/strong><\/p>\n<p style=\"font-weight: 400;\"><strong>Una de las razones por las que la misma presidenta Claudia Sheinbaum Pardo ha tomado partido por Monreal \u00c1vila en su diferendo con el tabasque\u00f1o L\u00f3pez Hern\u00e1ndez es precisamente su falta de probidad, nexo y acuerdo con los integrantes del Clan Yunes, a los que no perdonan sus insultos, ofensas e injurias en contra del entonces presidente Andr\u00e9s Manuel L\u00f3pez Obrador \u2013al que calificaron de \u201cloco\u201d y \u201cviejo guango\u201d- y ahora pretenden hacer como que no pas\u00f3 nada.<\/strong><\/p>\n<p style=\"font-weight: 400;\"><strong>La insistencia reiterada de la mandataria para aclarar que en Morena Veracruz se reservan el derecho de admisi\u00f3n es clara y contundente, \u201ccon los Yunes ni a la esquina\u201d, el que entendi\u00f3\u2026 entendi\u00f3.<\/strong><\/p>\n<p style=\"font-weight: 400;\"><strong>\u00a0<\/strong><\/p>\n<p style=\"font-weight: 400;\"><strong>Sextante<\/strong><\/p>\n<p style=\"font-weight: 400;\"><strong>Donde se comienza a poner buena la disputa por la probable candidatura a la alcald\u00eda es en el puerto de Veracruz, en donde son tres ya los morenistas que trabajan la plaza con ese af\u00e1n.<\/strong><\/p>\n<p style=\"font-weight: 400;\"><strong>Por un lado, la diputada federal Rosa Mar\u00eda Hern\u00e1ndez Espejo, por el otro Jos\u00e9 \u201cPep\u00edn\u201d Ruiz, legislador local por el mismo instituto pol\u00edtico.<\/strong><\/p>\n<p style=\"font-weight: 400;\"><strong>Solo que en la ecuaci\u00f3n deber\u00e1n agregar a Anil\u00fa Ingram Vallines, quien es la \u00fanica que a diferencia de los mencionados si viene realizando encuentros con la sociedad cara a cara.<\/strong><\/p>\n<p style=\"font-weight: 400;\"><strong>Enfundada con su chaleco guinda, la porte\u00f1a, ex legisladora local y federal es la \u00fanica que a lo largo de los 212 municipios ha comenzado a mantener un encuentro directo con la sociedad, al mero y puro estilo \u201cMorena\u201d.<\/strong><\/p>\n<p style=\"font-weight: 400;\"><strong>As\u00ed que no le pierdan la vista, porque en una de esas la Ingram Vallines se alza con la candidatura y la probable victoria.<\/strong><\/p>\n<p style=\"font-weight: 400;\"><strong>\u00a0<\/strong><strong>Al tiempo.<\/strong><\/p>\n<p>&nbsp;<\/p>\n<p><img data-recalc-dims=\"1\" loading=\"lazy\" decoding=\"async\" class=\"aligncenter size-full wp-image-52410\" src=\"https:\/\/i0.wp.com\/politicosaldesnudo.com.mx\/wp-content\/uploads\/2024\/12\/FIRMA-EDITORIAL-PD-1.jpg?resize=800%2C98&#038;ssl=1\" alt=\"\" width=\"800\" height=\"98\" srcset=\"https:\/\/i0.wp.com\/politicosaldesnudo.com.mx\/wp-content\/uploads\/2024\/12\/FIRMA-EDITORIAL-PD-1.jpg?w=1024&amp;ssl=1 1024w, https:\/\/i0.wp.com\/politicosaldesnudo.com.mx\/wp-content\/uploads\/2024\/12\/FIRMA-EDITORIAL-PD-1.jpg?resize=300%2C37&amp;ssl=1 300w, https:\/\/i0.wp.com\/politicosaldesnudo.com.mx\/wp-content\/uploads\/2024\/12\/FIRMA-EDITORIAL-PD-1.jpg?resize=768%2C94&amp;ssl=1 768w\" sizes=\"auto, (max-width: 800px) 100vw, 800px\" \/><\/p>\n","protected":false},"excerpt":{"rendered":"<p>Por: Luis Ram\u00edrez Baqueiro \u201c\u00bfQuieres tener gran autoridad? M\u00e1ndate a ti mismo.\u201d \u2013 Publio Sirio. \u00a0Han pasado 19 d\u00edas de<\/p>\n","protected":false},"author":4,"featured_media":36965,"comment_status":"closed","ping_status":"closed","sticky":false,"template":"","format":"standard","meta":{"colormag_page_container_layout":"default_layout","colormag_page_sidebar_layout":"default_layout","_jetpack_memberships_contains_paid_content":false,"footnotes":"","jetpack_publicize_message":"","jetpack_publicize_feature_enabled":true,"jetpack_social_post_already_shared":false,"jetpack_social_options":{"image_generator_settings":{"template":"highway","default_image_id":0,"font":"","enabled":false},"version":2}},"categories":[26],"tags":[],"class_list":["post-52794","post","type-post","status-publish","format-standard","has-post-thumbnail","hentry","category-columnistas"],"jetpack_publicize_connections":[],"jetpack_featured_media_url":"https:\/\/i0.wp.com\/politicosaldesnudo.com.mx\/wp-content\/uploads\/2024\/05\/LUIS-RAMIREZ-BAQUEIRO.jpg?fit=800%2C445&ssl=1","jetpack-related-posts":[],"jetpack_sharing_enabled":true,"_links":{"self":[{"href":"https:\/\/politicosaldesnudo.com.mx\/index.php\/wp-json\/wp\/v2\/posts\/52794","targetHints":{"allow":["GET"]}}],"collection":[{"href":"https:\/\/politicosaldesnudo.com.mx\/index.php\/wp-json\/wp\/v2\/posts"}],"about":[{"href":"https:\/\/politicosaldesnudo.com.mx\/index.php\/wp-json\/wp\/v2\/types\/post"}],"author":[{"embeddable":true,"href":"https:\/\/politicosaldesnudo.com.mx\/index.php\/wp-json\/wp\/v2\/users\/4"}],"replies":[{"embeddable":true,"href":"https:\/\/politicosaldesnudo.com.mx\/index.php\/wp-json\/wp\/v2\/comments?post=52794"}],"version-history":[{"count":0,"href":"https:\/\/politicosaldesnudo.com.mx\/index.php\/wp-json\/wp\/v2\/posts\/52794\/revisions"}],"wp:featuredmedia":[{"embeddable":true,"href":"https:\/\/politicosaldesnudo.com.mx\/index.php\/wp-json\/wp\/v2\/media\/36965"}],"wp:attachment":[{"href":"https:\/\/politicosaldesnudo.com.mx\/index.php\/wp-json\/wp\/v2\/media?parent=52794"}],"wp:term":[{"taxonomy":"category","embeddable":true,"href":"https:\/\/politicosaldesnudo.com.mx\/index.php\/wp-json\/wp\/v2\/categories?post=52794"},{"taxonomy":"post_tag","embeddable":true,"href":"https:\/\/politicosaldesnudo.com.mx\/index.php\/wp-json\/wp\/v2\/tags?post=52794"}],"curies":[{"name":"wp","href":"https:\/\/api.w.org\/{rel}","templated":true}]}}