{"id":52810,"date":"2024-12-20T00:15:43","date_gmt":"2024-12-20T06:15:43","guid":{"rendered":"https:\/\/politicosaldesnudo.com.mx\/?p=52810"},"modified":"2024-12-20T00:15:43","modified_gmt":"2024-12-20T06:15:43","slug":"no-habra-recortes-en-ine-pese-a-ajuste-presupuestal-taddei","status":"publish","type":"post","link":"https:\/\/politicosaldesnudo.com.mx\/index.php\/2024\/12\/20\/no-habra-recortes-en-ine-pese-a-ajuste-presupuestal-taddei\/","title":{"rendered":"No habr\u00e1 recortes en INE pese a ajuste presupuestal: Taddei"},"content":{"rendered":"<p class=\"western\">Frente al ajuste presupuestal, la presidenta del Instituto Nacional Electoral (INE), Guadalupe Taddei, dijo que no habr\u00e1 recorte laboral en las estructuras distrital y local del \u00f3rgano.<\/p>\n<p class=\"western\">En una reuni\u00f3n con los delegados de las 300 juntas distritales y de las 32 locales (una por entidad federativa), se\u00f1al\u00f3 que el \u201crecorte fuert\u00edsimo\u201d (de 13 mil millones de pesos, de una petici\u00f3n general de 40 mil millones) se afrontar\u00e1 a trav\u00e9s de una migraci\u00f3n hacia una nueva manera de hacer los comicios, en este caso, para la elecci\u00f3n judicial, no instalar las 172 mil casillas programadas sino \u00abcentros de votaci\u00f3n o casillas unidas\u201d.<\/p>\n<p class=\"western\">Se\u00f1al\u00f3 que si bien \u201cnos duele\u201d la reducci\u00f3n de casillas y por lo tanto bajar el n\u00famero de capacitadores y supervisores electorales (Caes), la elecci\u00f3n extraordinaria, sin precedentes, saldr\u00e1 con niveles de excelencia.<\/p>\n<p class=\"western\">\u201cYo s\u00ed estoy muy optimista\u2026conf\u00edo en que haremos un trabajo de excelencia\u201d, dijo a sus compa\u00f1eros la presidenta del INE.<\/p>\n<p class=\"western\">Una de las alternativas, ante de trabajo contra reloj, es buscar a las personas que ya tienen experiencia como Caes para que participen de nueva cuenta.<\/p>\n<p class=\"western\">Taddei le garantiz\u00f3 a los responsables de las juntas que sus derechos laborales est\u00e1n garantizados y pueden ir con tranquilidad a festejar la Navidad con sus familias.<\/p>\n<p class=\"western\">En estos d\u00edas &#8211; a\u00f1adi\u00f3- tocar\u00e1 seguir trabajando a las oficinas centrales, precisamente en la elaboraci\u00f3n de los proyectos que sustentar\u00e1n la elecci\u00f3n de ministros, magistrados y jueces.<\/p>\n<p class=\"western\">Acorde con asistentes a la reuni\u00f3n matutina, les coment\u00f3 que los integrantes de la Junta General Ejecutiva &#8211; donde est\u00e1n los principales funcionarios del INE- dise\u00f1an esta \u201cmigraci\u00f3n \u201c a modelos distintos, para las elecciones futuras.<\/p>\n<p class=\"western\">Tambi\u00e9n les pidi\u00f3 actuar con serenidad, \u201csin estridencia\u201d, a\u00fan cuando no ser\u00e1 f\u00e1cil enfrentar un recorte de recursos de esa naturaleza.<\/p>\n<p class=\"western\">Reiter\u00f3 que no habr\u00e1 merma en la producci\u00f3n de la credencial para votar y, por tanto, tampoco en los M\u00f3dulos de Atenci\u00f3n Ciudadana.<\/p>\n<p class=\"western\">Por lo pronto, esta tarde continuar\u00e1 la reuni\u00f3n de consejeros e integrantes de la Junta General para ajustar el presupuesto. Como se inform\u00f3 desde ayer, se prev\u00e9 destinar algo m\u00e1s de 6 mil millones para la elecci\u00f3n judicial, poco menos de la mitad de los 13 mil 205 millones solicitados a la C\u00e1mara de Diputados, como parte del Presupuesto 2025.<\/p>\n<p class=\"western\">Al encuentro asistieron consejeros, funcionarios del INE y el nuevo titular del \u00d3rgano Interno de Control del Instituto.<\/p>\n","protected":false},"excerpt":{"rendered":"<p>Frente al ajuste presupuestal, la presidenta del Instituto Nacional Electoral (INE), Guadalupe Taddei, dijo que no habr\u00e1 recorte laboral en<\/p>\n","protected":false},"author":4,"featured_media":52811,"comment_status":"closed","ping_status":"closed","sticky":false,"template":"","format":"standard","meta":{"colormag_page_container_layout":"default_layout","colormag_page_sidebar_layout":"default_layout","_jetpack_memberships_contains_paid_content":false,"footnotes":"","jetpack_publicize_message":"","jetpack_publicize_feature_enabled":true,"jetpack_social_post_already_shared":false,"jetpack_social_options":{"image_generator_settings":{"template":"highway","default_image_id":0,"font":"","enabled":false},"version":2}},"categories":[33],"tags":[],"class_list":["post-52810","post","type-post","status-publish","format-standard","has-post-thumbnail","hentry","category-nacional"],"jetpack_publicize_connections":[],"jetpack_featured_media_url":"https:\/\/i0.wp.com\/politicosaldesnudo.com.mx\/wp-content\/uploads\/2024\/12\/recorte-presupuestal-ine-es-fuerte-consejera-presidenta-guadalupe-taddei-no-hay-riesgo-proceso-electoral-elecciones-2-08112023.jpeg?fit=1368%2C912&ssl=1","jetpack-related-posts":[],"jetpack_sharing_enabled":true,"_links":{"self":[{"href":"https:\/\/politicosaldesnudo.com.mx\/index.php\/wp-json\/wp\/v2\/posts\/52810","targetHints":{"allow":["GET"]}}],"collection":[{"href":"https:\/\/politicosaldesnudo.com.mx\/index.php\/wp-json\/wp\/v2\/posts"}],"about":[{"href":"https:\/\/politicosaldesnudo.com.mx\/index.php\/wp-json\/wp\/v2\/types\/post"}],"author":[{"embeddable":true,"href":"https:\/\/politicosaldesnudo.com.mx\/index.php\/wp-json\/wp\/v2\/users\/4"}],"replies":[{"embeddable":true,"href":"https:\/\/politicosaldesnudo.com.mx\/index.php\/wp-json\/wp\/v2\/comments?post=52810"}],"version-history":[{"count":0,"href":"https:\/\/politicosaldesnudo.com.mx\/index.php\/wp-json\/wp\/v2\/posts\/52810\/revisions"}],"wp:featuredmedia":[{"embeddable":true,"href":"https:\/\/politicosaldesnudo.com.mx\/index.php\/wp-json\/wp\/v2\/media\/52811"}],"wp:attachment":[{"href":"https:\/\/politicosaldesnudo.com.mx\/index.php\/wp-json\/wp\/v2\/media?parent=52810"}],"wp:term":[{"taxonomy":"category","embeddable":true,"href":"https:\/\/politicosaldesnudo.com.mx\/index.php\/wp-json\/wp\/v2\/categories?post=52810"},{"taxonomy":"post_tag","embeddable":true,"href":"https:\/\/politicosaldesnudo.com.mx\/index.php\/wp-json\/wp\/v2\/tags?post=52810"}],"curies":[{"name":"wp","href":"https:\/\/api.w.org\/{rel}","templated":true}]}}