{"id":52840,"date":"2024-12-20T00:34:48","date_gmt":"2024-12-20T06:34:48","guid":{"rendered":"https:\/\/politicosaldesnudo.com.mx\/?p=52840"},"modified":"2024-12-20T00:34:48","modified_gmt":"2024-12-20T06:34:48","slug":"vinculan-a-proceso-a-ex-secretario-de-gobierno-de-veracruz","status":"publish","type":"post","link":"https:\/\/politicosaldesnudo.com.mx\/index.php\/2024\/12\/20\/vinculan-a-proceso-a-ex-secretario-de-gobierno-de-veracruz\/","title":{"rendered":"Vinculan a proceso a ex secretario de gobierno de Veracruz"},"content":{"rendered":"<p><em>Xalapa, Ver.<\/em><\/p>\n<p><em>Rogelio N.,<\/em>\u00a0ex secretario de Gobierno de Veracruz, fue vinculado a proceso como presunto responsable del delito de violencia familiar ejercido en contra de una mujer con la que manten\u00eda una relaci\u00f3n sentimental.<\/p>\n<p>La Fiscal\u00eda General del Estado de Veracruz, a trav\u00e9s de la Fiscal\u00eda Especializada en Investigaci\u00f3n de Delitos de Violencia contra la Familia, Mujeres, Ni\u00f1as y Ni\u00f1os y de Trata de Personas, consigui\u00f3 que un juez diera entrada al proceso jur\u00eddico en contra del ex funcionario.<\/p>\n<p>De acuerdo con las autoridades, los hechos ocurrieron el 11 de abril y el 1 de diciembre del 2016, cuando Rogelio N. habr\u00eda ejercido violencia f\u00edsica y psicol\u00f3gica en contra de su pareja y madre de sus hijas.<\/p>\n<p>Cabe recordar que el que fuera funcionario durante el gobierno de Miguel \u00c1ngel Yunes Linares fue detenido en 2021 y pas\u00f3 casi dos a\u00f1os encarcelado para luego recibir el cambio de medida cautelar a prisi\u00f3n domiciliaria.<\/p>\n<p>Si bien ya se hab\u00eda anunciado la vinculaci\u00f3n a proceso por el mismo delito el pasado mes de septiembre, el ex funcionario interpuso algunos recursos legales que generaron que la fiscal\u00eda repusiera el proceso.<\/p>\n<p>\u201cEl juez ratific\u00f3 la medida cautelar de presentaci\u00f3n peri\u00f3dica, dentro del proceso penal 57\/2021\u201d, indic\u00f3 la FGE.<\/p>\n<p>El grupo pol\u00edtico encabezado por Yunes Linares ha se\u00f1alado en m\u00faltiples ocasiones que todo se trata de una persecuci\u00f3n pol\u00edtica y que no existe ning\u00fan sustento para las acusaciones que hay en contra del ex funcionario.<\/p>\n","protected":false},"excerpt":{"rendered":"<p>Xalapa, Ver. Rogelio N.,\u00a0ex secretario de Gobierno de Veracruz, fue vinculado a proceso como presunto responsable del delito de violencia<\/p>\n","protected":false},"author":4,"featured_media":52841,"comment_status":"closed","ping_status":"closed","sticky":false,"template":"","format":"standard","meta":{"colormag_page_container_layout":"default_layout","colormag_page_sidebar_layout":"default_layout","_jetpack_memberships_contains_paid_content":false,"footnotes":"","jetpack_publicize_message":"","jetpack_publicize_feature_enabled":true,"jetpack_social_post_already_shared":false,"jetpack_social_options":{"image_generator_settings":{"template":"highway","default_image_id":0,"font":"","enabled":false},"version":2}},"categories":[30],"tags":[],"class_list":["post-52840","post","type-post","status-publish","format-standard","has-post-thumbnail","hentry","category-estados"],"jetpack_publicize_connections":[],"jetpack_featured_media_url":"https:\/\/i0.wp.com\/politicosaldesnudo.com.mx\/wp-content\/uploads\/2024\/12\/AA1wbVLW.jpg?fit=709%2C425&ssl=1","jetpack-related-posts":[],"jetpack_sharing_enabled":true,"_links":{"self":[{"href":"https:\/\/politicosaldesnudo.com.mx\/index.php\/wp-json\/wp\/v2\/posts\/52840","targetHints":{"allow":["GET"]}}],"collection":[{"href":"https:\/\/politicosaldesnudo.com.mx\/index.php\/wp-json\/wp\/v2\/posts"}],"about":[{"href":"https:\/\/politicosaldesnudo.com.mx\/index.php\/wp-json\/wp\/v2\/types\/post"}],"author":[{"embeddable":true,"href":"https:\/\/politicosaldesnudo.com.mx\/index.php\/wp-json\/wp\/v2\/users\/4"}],"replies":[{"embeddable":true,"href":"https:\/\/politicosaldesnudo.com.mx\/index.php\/wp-json\/wp\/v2\/comments?post=52840"}],"version-history":[{"count":0,"href":"https:\/\/politicosaldesnudo.com.mx\/index.php\/wp-json\/wp\/v2\/posts\/52840\/revisions"}],"wp:featuredmedia":[{"embeddable":true,"href":"https:\/\/politicosaldesnudo.com.mx\/index.php\/wp-json\/wp\/v2\/media\/52841"}],"wp:attachment":[{"href":"https:\/\/politicosaldesnudo.com.mx\/index.php\/wp-json\/wp\/v2\/media?parent=52840"}],"wp:term":[{"taxonomy":"category","embeddable":true,"href":"https:\/\/politicosaldesnudo.com.mx\/index.php\/wp-json\/wp\/v2\/categories?post=52840"},{"taxonomy":"post_tag","embeddable":true,"href":"https:\/\/politicosaldesnudo.com.mx\/index.php\/wp-json\/wp\/v2\/tags?post=52840"}],"curies":[{"name":"wp","href":"https:\/\/api.w.org\/{rel}","templated":true}]}}