{"id":52863,"date":"2024-12-20T18:05:46","date_gmt":"2024-12-21T00:05:46","guid":{"rendered":"https:\/\/politicosaldesnudo.com.mx\/?p=52863"},"modified":"2024-12-20T18:05:46","modified_gmt":"2024-12-21T00:05:46","slug":"pierde-mexico-disputa-con-eu-sobre-maiz-geneticamente-modificado","status":"publish","type":"post","link":"https:\/\/politicosaldesnudo.com.mx\/index.php\/2024\/12\/20\/pierde-mexico-disputa-con-eu-sobre-maiz-geneticamente-modificado\/","title":{"rendered":"Pierde M\u00e9xico disputa con EU sobre ma\u00edz gen\u00e9ticamente modificado"},"content":{"rendered":"<p>M\u00e9xico perdi\u00f3 la controversia de ma\u00edz transg\u00e9nico que interpuso el gobierno de Estados Unidos en el marco del T-MEC, pues el panel concluy\u00f3 que las medidas que interpuso la autoridad mexicana sobre el grano gen\u00e9ticamente modificado no tienen bases cient\u00edficas.<\/p>\n<p>La resoluci\u00f3n indica que el panel de expertos estuvo de acuerdo con las siete reclamaciones legales de la Uni\u00f3n Americana, por lo que concluy\u00f3 que \u201clas medidas de M\u00e9xico no se basan en la ciencia y socavan el acceso al mercado que M\u00e9xico acord\u00f3 proporcionar en el T-MEC\u201d.<\/p>\n<p>Despu\u00e9s de casi a\u00f1o y medio de que fue solicitado el proceso por le gobierno estadounidense, el panel emiti\u00f3 su informe final este viernes, el cual establece que acuerdo con las reglas del pacto comercial, M\u00e9xico tiene 45 d\u00edas a partir este 20 de diciembre para cumplir con las conclusiones del panel.<\/p>\n<p><strong>\u201cPreocupaciones\u201d de EU sobre pol\u00edtica biotecnol\u00f3gica de M\u00e9xico<\/strong><\/p>\n<p>La Oficina de la Representaci\u00f3n Comercial del Estados Unidos (USTR, por sus siglas en ingl\u00e9s)\u00a0\u00a0record\u00f3 que la importancia de M\u00e9xico para los productores estadunidenses de ma\u00edz se observa en las exportaciones de ese pa\u00eds a territorio mexicano, las cuales ascienden a 4.8 mil millones de d\u00f3lares.<\/p>\n<p>\u201cLa decisi\u00f3n del panel reafirma las preocupaciones de larga data de Estados Unidos sobre las pol\u00edticas biotecnol\u00f3gicas de M\u00e9xico y su impacto perjudicial en las exportaciones agr\u00edcolas estadounidenses\u201d, se\u00f1al\u00f3 Katherine Tai, representante comercial estadunidense.<\/p>\n<p>\u201cSubraya la importancia de las pol\u00edticas comerciales basadas en la ciencia que permiten a los agricultores y productores agr\u00edcolas estadunidenses competir de manera justa y aprovechar su innovaci\u00f3n para abordar el cambio clim\u00e1tico y mejorar la productividad\u201d, agreg\u00f3 antes de reivindicar que buscan seguir colaborando para garantizar la igualdad de condiciones y brindar acceso a productos agr\u00edcolas seguros, asequibles y sostenibles en ambos lados de la frontera.<\/p>\n<p>Secretario de Agricultura, Tom Vilsack consider\u00f3 que el panel confirm\u00f3 que el enfoque de M\u00e9xico hacia la biotecnolog\u00eda \u201cno se bas\u00f3 en principios cient\u00edficos ni en est\u00e1ndares internacionales\u201d.<\/p>\n<p>\u201cLas medidas de M\u00e9xico contradec\u00edan d\u00e9cadas de evidencia que demostraban la seguridad de la biotecnolog\u00eda agr\u00edcola, respaldada por sistemas de revisi\u00f3n regulatoria basados en la ciencia y el riesgo\u201d, indic\u00f3.<\/p>\n<p>\u201cEsta decisi\u00f3n garantiza que los productores y exportadores estadunidenses seguir\u00e1n teniendo acceso pleno y justo al mercado mexicano, y es una victoria para el comercio justo, abierto y basado en la ciencia y en las normas, que sirve como base del T-MEC tal como fue acordado por todas las partes\u201d, agreg\u00f3.<\/p>\n<p>Doug McKalip, jefe negociador agr\u00edcola de Estados Unidos, coment\u00f3 que la determinaci\u00f3n del panel respalda la posici\u00f3n de que las pol\u00edticas comerciales agr\u00edcolas deben basarse en la ciencia y no deben perturbar el comercio de productos agr\u00edcolas.<\/p>\n<p>En marzo de 2023 el gobierno estadunidense solicit\u00f3 consultas debido a la publicaci\u00f3n de un decreto presidencial en febrero de ese a\u00f1o, el cual proh\u00edbe el ma\u00edz gen\u00e9ticamente modificado para usarlo en masa y tortillas, por lo que ordena la sustituci\u00f3n gradual de este grano utilizado para la alimentaci\u00f3n animal.<\/p>\n<p>Al no lograrse nada, la Oficina de Representaci\u00f3n Comercial de Estados Unidos (USTR, por sus siglas en ingl\u00e9s) pidi\u00f3 nuevas consultas en junio del mismo a\u00f1o y el asunto escal\u00f3 al panel de soluci\u00f3n de controversias en agosto de 2023.<\/p>\n<p>M\u00e9xico argumenta que el objetivo es proteger el ma\u00edz nativo, las pr\u00e1cticas agr\u00edcolas, la biodiversidad, las comunidades campesinas, el patrimonio gastron\u00f3mico, la dieta de la poblaci\u00f3n y el medio ambiente.<\/p>\n<p>Estados Unidos asegura que el decreto no tiene base cient\u00edfica, por lo que las medidas violan las obligaciones de M\u00e9xico en el marco del T-MEC y es injusto para los productores y exportadores estadunidenses.<\/p>\n<p>M\u00e9xico es uno de los principales mercados para las exportaciones de grano proveniente de la Uni\u00f3n Americana. En 2023, Estados Unidos export\u00f3 a territorio mexicano alrededor de 18.6 millones de toneladas m\u00e9tricas, equivalentes a 5 mil millones de d\u00f3lares.<\/p>\n<p>La mayor parte del ma\u00edz estadunidense exportado a M\u00e9xico es ma\u00edz amarillo transg\u00e9nico que se utiliza para la alimentaci\u00f3n del ganado, mientras que M\u00e9xico produce principalmente ma\u00edz blanco, que se utiliza para elaborar alimentos a base de ma\u00edz para el consumo humano, como las tortillas.<\/p>\n<p>El pa\u00eds no permite la producci\u00f3n comercial nacional de ma\u00edz transg\u00e9nico tras una decisi\u00f3n de 2013 de un tribunal federal. Adem\u00e1s este cereal es una fuente importante de alimentos para la naci\u00f3n hist\u00f3ricamente y es un producto cultural y pol\u00edticamente sensible.<\/p>\n","protected":false},"excerpt":{"rendered":"<p>M\u00e9xico perdi\u00f3 la controversia de ma\u00edz transg\u00e9nico que interpuso el gobierno de Estados Unidos en el marco del T-MEC, pues<\/p>\n","protected":false},"author":4,"featured_media":52864,"comment_status":"closed","ping_status":"closed","sticky":false,"template":"","format":"standard","meta":{"colormag_page_container_layout":"default_layout","colormag_page_sidebar_layout":"default_layout","_jetpack_memberships_contains_paid_content":false,"footnotes":"","jetpack_publicize_message":"","jetpack_publicize_feature_enabled":true,"jetpack_social_post_already_shared":false,"jetpack_social_options":{"image_generator_settings":{"template":"highway","default_image_id":0,"font":"","enabled":false},"version":2}},"categories":[28],"tags":[],"class_list":["post-52863","post","type-post","status-publish","format-standard","has-post-thumbnail","hentry","category-internacional"],"jetpack_publicize_connections":[],"jetpack_featured_media_url":"https:\/\/i0.wp.com\/politicosaldesnudo.com.mx\/wp-content\/uploads\/2024\/12\/mexico-pierde-disputa-por-maiz-transgenico-contra-eu-579198.jpg?fit=800%2C600&ssl=1","jetpack-related-posts":[],"jetpack_sharing_enabled":true,"_links":{"self":[{"href":"https:\/\/politicosaldesnudo.com.mx\/index.php\/wp-json\/wp\/v2\/posts\/52863","targetHints":{"allow":["GET"]}}],"collection":[{"href":"https:\/\/politicosaldesnudo.com.mx\/index.php\/wp-json\/wp\/v2\/posts"}],"about":[{"href":"https:\/\/politicosaldesnudo.com.mx\/index.php\/wp-json\/wp\/v2\/types\/post"}],"author":[{"embeddable":true,"href":"https:\/\/politicosaldesnudo.com.mx\/index.php\/wp-json\/wp\/v2\/users\/4"}],"replies":[{"embeddable":true,"href":"https:\/\/politicosaldesnudo.com.mx\/index.php\/wp-json\/wp\/v2\/comments?post=52863"}],"version-history":[{"count":0,"href":"https:\/\/politicosaldesnudo.com.mx\/index.php\/wp-json\/wp\/v2\/posts\/52863\/revisions"}],"wp:featuredmedia":[{"embeddable":true,"href":"https:\/\/politicosaldesnudo.com.mx\/index.php\/wp-json\/wp\/v2\/media\/52864"}],"wp:attachment":[{"href":"https:\/\/politicosaldesnudo.com.mx\/index.php\/wp-json\/wp\/v2\/media?parent=52863"}],"wp:term":[{"taxonomy":"category","embeddable":true,"href":"https:\/\/politicosaldesnudo.com.mx\/index.php\/wp-json\/wp\/v2\/categories?post=52863"},{"taxonomy":"post_tag","embeddable":true,"href":"https:\/\/politicosaldesnudo.com.mx\/index.php\/wp-json\/wp\/v2\/tags?post=52863"}],"curies":[{"name":"wp","href":"https:\/\/api.w.org\/{rel}","templated":true}]}}