{"id":52866,"date":"2024-12-20T18:07:35","date_gmt":"2024-12-21T00:07:35","guid":{"rendered":"https:\/\/politicosaldesnudo.com.mx\/?p=52866"},"modified":"2024-12-20T18:07:35","modified_gmt":"2024-12-21T00:07:35","slug":"firma-sheinbaum-dos-decretos-de-propiedad-de-tierras-para-indigenas","status":"publish","type":"post","link":"https:\/\/politicosaldesnudo.com.mx\/index.php\/2024\/12\/20\/firma-sheinbaum-dos-decretos-de-propiedad-de-tierras-para-indigenas\/","title":{"rendered":"Firma Sheinbaum dos decretos de propiedad de tierras para ind\u00edgenas"},"content":{"rendered":"<p>En un hecho hist\u00f3rico, la presidenta Claudia Sheinbaum Pardo firm\u00f3 hoy dos decretos de reconocimiento de propiedad comunidad tradicional de tierras de las comunidades rar\u00e1muris de Guasachique y de Bosques de San El\u00edas Repechique, y evalu\u00f3 el Plan de Justicia para los pueblos originarios de la Sierra Tarahumara.<\/p>\n<p>\u201cHoy estamos haciendo justicia. Es una palabra muy profunda; la justicia social, sobre todo, es la esencia de la cuarta transformaci\u00f3n. Que no se abandone nunca m\u00e1s a los pueblos originarios\u201d, dijo en Mesa de Mogotavo, Urique, Chihuahua.<\/p>\n<p>\u201cQue no se piense que el progreso va por encima de los pueblos originarios. Que no se les despoje nunca m\u00e1s de su tierra, sino todo lo contrario, que se resarza lo que hist\u00f3ricamente se les ha quitado, y que se reconozca el valor de los pueblos originarios, como la esencia, como el M\u00e9xico profundo.<\/p>\n<p>\u201cSobre todo con la dignidad, porque lo que nos ense\u00f1an el pueblo rar\u00e1muri, los pueblos originarios, es que la dignidad profunda del pueblo de M\u00e9xico se encuentra aqu\u00ed, en la sierra Tarahumara, y en cada lugar donde existe un pueblo originario que conserva, que resiste y que nos recuerda que M\u00ebxco es lo que es, gracias a su pueblos originarios. No solo los de antes, sino tambi\u00e9n los de ahora\u201d, afirm\u00f3.<\/p>\n<p>En su mensaje, indic\u00f3 que este viernes \u201ces un d\u00eda hist\u00f3rico, porque estamos regresando tierras, territorio a quien le pertenece\u201d en un momento, adem\u00e1s, de transformaci\u00f3n que inici\u00f3 en 2018, por \u201cvoluntad del pueblo de M\u00e9xico\u201d.<\/p>\n<p>Lo anterior, \u201cdespu\u00e9s de muchos a\u00f1os de despojos, de gobiernos que miraron a unos cuantos, que sirvieron a unos cuantos\u201d. Dijo que con Andr\u00e9s Manuel L\u00f3pez Obrador \u201ccomenz\u00f3 un gobierno del pueblo, para el pueblo y por el pueblo: la cuarta transformaci\u00f3n\u201d.<\/p>\n<p>Indic\u00f3 que \u201cno puede haber avance de un pa\u00eds, si hay millones de mexicanos y mexicanas que viven en la pobreza. Para que un gobierno sirva a su pueblo, hay que pensar primero en aquellos que fueron olvidados por muchos. Empezar primero con los que menos tienen\u201d.<\/p>\n<p>Cuando eso ocurre, a\u00f1adi\u00f3, \u201cno solamente mejoran las condiciones de vida del pueblo de M\u00e9xico, sino que a todo el pa\u00eds le va mejor\u201d.<\/p>\n<p>Indic\u00f3 que el humanismo mexicano tiene dos cimientos, de los cuales \u201cel m\u00e1s fuerte es el reconocimiento de nuestra historia, de los pueblos originarios. M\u00e9xico es lo que es, por los pueblos originarios, que han resistido por cientos de a\u00f1os\u201d.<\/p>\n<p>Subray\u00f3 que hoy el art\u00edculo segundo de la Constituci\u00f3n reconoce a los pueblos originarios con plenos derechos: a su territorio, al agua, a conservar su cultura, sus tradiciones; \u201ctodos los derechos\u201d.<\/p>\n<p>La presidenta dijo que continuar\u00e1n con el Plan de Justicia, y ofreci\u00f3 seguir construyendo caminos y, entre otros, mencion\u00f3 recursos especiales del programa La escuela es nuestra.<\/p>\n<p>A su llegada a Mogotavo, la mandataria particip\u00f3 en una tradicional ceremonia ind\u00edgena, donde hincada, recibi\u00f3 el bast\u00f3n de mando de los rar\u00e1muris.<\/p>\n<p>Estuvo acompa\u00f1ada por gobernadores tradicionales -entre ellos Hortensia Palma, de la comunidad de Guachochi, quien particip\u00f3 en la ceremonia de entrega de bast\u00f3n de mando de las comunidades ind\u00edgenas a la presidenta, el 1 de octubre en el Z\u00f3calo capitalino- y funcionarios de su gabinete.<\/p>\n<p>El gobernador tradicional de Mogotavo, Luis Gonz\u00e1lez Rivas, celebr\u00f3 que llegar\u00e1 hasta su comunidad la presidenta. \u201c\u00a1Qu\u00e9 bueno que s\u00ed trabaja!.. Ya no estamos tan solos, que nadie nos visitaba\u201d, dijo.<\/p>\n<p>Miguel Manuel Parra, secretario de la comunidad, indic\u00f3 que su presencia es de alegr\u00eda y esperanza. \u201cEsperamos que se atiendan de fondo los problemas que aquejan a nuestra gente\u201d.<\/p>\n<p>Entre otros, mencion\u00f3 que como ellos, hay m\u00e1s comunidades que por la escasez de lluvia no cuentan con alimento suficiente y tienen que salir a trabajar en malas condiciones a los campos agr\u00edcolas, dejando a sus familias\u201d.<\/p>\n<p>Indic\u00f3 que la muerte por desnutrici\u00f3n de menores es alta en la regi\u00f3n, \u201cpor lo que le solicitamos un programa de seguridad alimentaria, que nos brinde lo necesario para producir nuestro alimento\u201d.<\/p>\n<p>Asimismo, que los servicios de salud se extiendan a toda la regi\u00f3n y se equipen con todo lo necesario a cl\u00ednicas y unidades m\u00e9dicas, adem\u00e1s que se construyan m\u00e1s en los lugares alejados.<\/p>\n<p>Sobre todo, dijo, \u201cse cuente con m\u00e9dicos y enfermeras que hablen nuestro idioma y conozcan nuestras costumbres\u201d. Solicit\u00f3 un hospital en la comunidad de Baborigame, municipio de Guadalupe y Calvo.<\/p>\n<p>En el marco del Plan de Justicia, las autoridades ind\u00edgenas han solicitado la restituci\u00f3n de tierras tradicionales en 11 casos, nueve de los casos a\u00fan se atienden.<\/p>\n<p>Los dos decretos de propiedad comunidad tradicional hoy firmados reconocen el predio de la comunidad tarahumara de Guasachique, ubicado en el municipio de Balleza, denominado Huasachique -con una superficie de casi mil 500 hect\u00e1reas-; as\u00ed como en Bosques de San El\u00edas Repechique, el predio llamado Aguiza\u00edna -de 693 hect\u00e1reas.<\/p>\n<p>El director del Instituto Nacional de los Pueblos Ind\u00edgenas, Adelfo Regino Montes, detall\u00f3 los apoyos otorgados a las comunidades originarias de la zona y se\u00f1al\u00f3 que hay una inversi\u00f3n de cuatro mil 720 millones de pesos, en el marco del Plan de Justicia.<\/p>\n<p>\u201cEstamos conscientes que hay muchos problemas que est\u00e1n en proceso de atenci\u00f3n, con el objetivo de resarcir las injusticias y los agravios que han padecido los pueblos en esta serran\u00eda\u201d, indic\u00f3.<\/p>\n<p>Por su parte, la secretaria de Desarrollo Agrario, Territorial y Urbano, Edna Rangel, resalt\u00f3 que estos pobladores \u201chan sido un ejemplo de resistencia y lucha ante el arrebato de un hogar. En el pasado fueron desplazados a la fuerza, por proyectos que atentaron contra su territorio, lo cual signific\u00f3 un despojo\u201d.<\/p>\n<p>Subray\u00f3 que el gobierno de la presidenta Sheinbaum \u201creconoce la deuda hist\u00f3rica que tiene con todos ustedes; deuda que implica conocimiento de su riqueza cultural, su sistema de organizaci\u00f3n, de creencias, costumbres, su identidad y la propiedad de su territorio\u201d.<\/p>\n<p>Con la firma de ambos decretos, \u201clas comunidades tendr\u00e1n el leg\u00edtimo reconocimiento de sus tierras, despu\u00e9s de tantos siglos de despojo y de desplazamiento forzados. Esta es una primera etapa\u201d, indic\u00f3.<\/p>\n<p>A este acto tambi\u00e9n acudieron los secretarios de Bienestar, Ariadna Montiel y de Infraestructura, Comunicaciones y Transportes, Jes\u00fas Esteva.<\/p>\n<p>Tambi\u00e9n, la consejera Jur\u00eddica de la Presidencia, Ernestina Godoy Ramos y la gobernadora de Chihuahua, Mar\u00eda Eugenia Campos, entre otros.<\/p>\n","protected":false},"excerpt":{"rendered":"<p>En un hecho hist\u00f3rico, la presidenta Claudia Sheinbaum Pardo firm\u00f3 hoy dos decretos de reconocimiento de propiedad comunidad tradicional de<\/p>\n","protected":false},"author":4,"featured_media":52867,"comment_status":"closed","ping_status":"closed","sticky":false,"template":"","format":"standard","meta":{"colormag_page_container_layout":"default_layout","colormag_page_sidebar_layout":"default_layout","_jetpack_memberships_contains_paid_content":false,"footnotes":"","jetpack_publicize_message":"","jetpack_publicize_feature_enabled":true,"jetpack_social_post_already_shared":false,"jetpack_social_options":{"image_generator_settings":{"template":"highway","default_image_id":0,"font":"","enabled":false},"version":2}},"categories":[33],"tags":[],"class_list":["post-52866","post","type-post","status-publish","format-standard","has-post-thumbnail","hentry","category-nacional"],"jetpack_publicize_connections":[],"jetpack_featured_media_url":"https:\/\/i0.wp.com\/politicosaldesnudo.com.mx\/wp-content\/uploads\/2024\/12\/firma-sheinbaum-dos-decretos-de-propiedad-de-tierras-para-indigenas-323html-sheinbaum-5781html-1b0de1ef-4d6b-4946-bd01-96dd6a151516rawimagetrue.jpg?fit=1024%2C681&ssl=1","jetpack-related-posts":[],"jetpack_sharing_enabled":true,"_links":{"self":[{"href":"https:\/\/politicosaldesnudo.com.mx\/index.php\/wp-json\/wp\/v2\/posts\/52866","targetHints":{"allow":["GET"]}}],"collection":[{"href":"https:\/\/politicosaldesnudo.com.mx\/index.php\/wp-json\/wp\/v2\/posts"}],"about":[{"href":"https:\/\/politicosaldesnudo.com.mx\/index.php\/wp-json\/wp\/v2\/types\/post"}],"author":[{"embeddable":true,"href":"https:\/\/politicosaldesnudo.com.mx\/index.php\/wp-json\/wp\/v2\/users\/4"}],"replies":[{"embeddable":true,"href":"https:\/\/politicosaldesnudo.com.mx\/index.php\/wp-json\/wp\/v2\/comments?post=52866"}],"version-history":[{"count":0,"href":"https:\/\/politicosaldesnudo.com.mx\/index.php\/wp-json\/wp\/v2\/posts\/52866\/revisions"}],"wp:featuredmedia":[{"embeddable":true,"href":"https:\/\/politicosaldesnudo.com.mx\/index.php\/wp-json\/wp\/v2\/media\/52867"}],"wp:attachment":[{"href":"https:\/\/politicosaldesnudo.com.mx\/index.php\/wp-json\/wp\/v2\/media?parent=52866"}],"wp:term":[{"taxonomy":"category","embeddable":true,"href":"https:\/\/politicosaldesnudo.com.mx\/index.php\/wp-json\/wp\/v2\/categories?post=52866"},{"taxonomy":"post_tag","embeddable":true,"href":"https:\/\/politicosaldesnudo.com.mx\/index.php\/wp-json\/wp\/v2\/tags?post=52866"}],"curies":[{"name":"wp","href":"https:\/\/api.w.org\/{rel}","templated":true}]}}