{"id":52887,"date":"2024-12-21T00:06:53","date_gmt":"2024-12-21T06:06:53","guid":{"rendered":"https:\/\/politicosaldesnudo.com.mx\/?p=52887"},"modified":"2024-12-21T00:06:53","modified_gmt":"2024-12-21T06:06:53","slug":"nueva-subgobernadora-del-bdem-sera-nombrada-hasta-2025-afirma-sheinbaum","status":"publish","type":"post","link":"https:\/\/politicosaldesnudo.com.mx\/index.php\/2024\/12\/21\/nueva-subgobernadora-del-bdem-sera-nombrada-hasta-2025-afirma-sheinbaum\/","title":{"rendered":"Nueva subgobernadora del BdeM ser\u00e1 nombrada hasta 2025, afirma Sheinbaum"},"content":{"rendered":"<p>Aunque la subgobernadora del Banco de M\u00e9xico, Irene Espinosa, concluye su periodo en 10 d\u00edas, la presidenta Claudia Sheinbaum Pardo afirm\u00f3 que ser\u00e1 hasta el pr\u00f3ximo a\u00f1o cuando d\u00e9 a conocer el nombre de quien sustituir\u00e1 a la funcionaria. Confi\u00f3 en que pueda designar a una mujer.<\/p>\n<p>\u201cEstamos en esas, esperamos que s\u00ed podamos encontrarla\u201d, pero reconoci\u00f3, \u201ctodav\u00eda no tenemos listo qui\u00e9n pueda estar ah\u00ed. Dijo que debe tratarse de un buen perfil que adem\u00e1s de finanzas, tenga una visi\u00f3n ligada con la autonom\u00eda del Banco de M\u00e9xico y de Desarrollo del pa\u00eds.<\/p>\n<p>Sobre el nombramiento, la mandataria dijo en su conferencia de prensa: \u201cestamos trabajando con el secretario de Hacienda, nos est\u00e1 ayudando y vamos a buscar un buen perfil. Con una visi\u00f3n, claro que conozca de finanzas, pero (tambi\u00e9n) con una visi\u00f3n que tenga que ver con la autonom\u00eda del Banco de M\u00e9xico, y con una visi\u00f3n de desarrollo del pa\u00eds\u201d.<\/p>\n<p>-\u00bfSe buscar\u00eda alguien con carrera en el Banco o proveniente de Hacienda?<\/p>\n<p>&#8211; Ya lo vamos a informar<\/p>\n<p>-\u00bfMandar\u00eda el nombramiento antes del 31 de diciembre?<\/p>\n<p>-No, hasta el pr\u00f3ximo a\u00f1o.<\/p>\n","protected":false},"excerpt":{"rendered":"<p>Aunque la subgobernadora del Banco de M\u00e9xico, Irene Espinosa, concluye su periodo en 10 d\u00edas, la presidenta Claudia Sheinbaum Pardo<\/p>\n","protected":false},"author":4,"featured_media":52888,"comment_status":"closed","ping_status":"closed","sticky":false,"template":"","format":"standard","meta":{"colormag_page_container_layout":"default_layout","colormag_page_sidebar_layout":"default_layout","_jetpack_memberships_contains_paid_content":false,"footnotes":"","jetpack_publicize_message":"","jetpack_publicize_feature_enabled":true,"jetpack_social_post_already_shared":false,"jetpack_social_options":{"image_generator_settings":{"template":"highway","default_image_id":0,"font":"","enabled":false},"version":2}},"categories":[33],"tags":[],"class_list":["post-52887","post","type-post","status-publish","format-standard","has-post-thumbnail","hentry","category-nacional"],"jetpack_publicize_connections":[],"jetpack_featured_media_url":"https:\/\/i0.wp.com\/politicosaldesnudo.com.mx\/wp-content\/uploads\/2024\/12\/Banco-de-Mexico-FLA_9730.jpg?fit=1280%2C720&ssl=1","jetpack-related-posts":[],"jetpack_sharing_enabled":true,"_links":{"self":[{"href":"https:\/\/politicosaldesnudo.com.mx\/index.php\/wp-json\/wp\/v2\/posts\/52887","targetHints":{"allow":["GET"]}}],"collection":[{"href":"https:\/\/politicosaldesnudo.com.mx\/index.php\/wp-json\/wp\/v2\/posts"}],"about":[{"href":"https:\/\/politicosaldesnudo.com.mx\/index.php\/wp-json\/wp\/v2\/types\/post"}],"author":[{"embeddable":true,"href":"https:\/\/politicosaldesnudo.com.mx\/index.php\/wp-json\/wp\/v2\/users\/4"}],"replies":[{"embeddable":true,"href":"https:\/\/politicosaldesnudo.com.mx\/index.php\/wp-json\/wp\/v2\/comments?post=52887"}],"version-history":[{"count":0,"href":"https:\/\/politicosaldesnudo.com.mx\/index.php\/wp-json\/wp\/v2\/posts\/52887\/revisions"}],"wp:featuredmedia":[{"embeddable":true,"href":"https:\/\/politicosaldesnudo.com.mx\/index.php\/wp-json\/wp\/v2\/media\/52888"}],"wp:attachment":[{"href":"https:\/\/politicosaldesnudo.com.mx\/index.php\/wp-json\/wp\/v2\/media?parent=52887"}],"wp:term":[{"taxonomy":"category","embeddable":true,"href":"https:\/\/politicosaldesnudo.com.mx\/index.php\/wp-json\/wp\/v2\/categories?post=52887"},{"taxonomy":"post_tag","embeddable":true,"href":"https:\/\/politicosaldesnudo.com.mx\/index.php\/wp-json\/wp\/v2\/tags?post=52887"}],"curies":[{"name":"wp","href":"https:\/\/api.w.org\/{rel}","templated":true}]}}