{"id":52948,"date":"2024-12-23T00:02:37","date_gmt":"2024-12-23T06:02:37","guid":{"rendered":"https:\/\/politicosaldesnudo.com.mx\/?p=52948"},"modified":"2024-12-22T20:57:57","modified_gmt":"2024-12-23T02:57:57","slug":"no-habra-vacaciones-en-el-rc","status":"publish","type":"post","link":"https:\/\/politicosaldesnudo.com.mx\/index.php\/2024\/12\/23\/no-habra-vacaciones-en-el-rc\/","title":{"rendered":"No habr\u00e1 vacaciones en el RC"},"content":{"rendered":"<p>Debido al incremento de tr\u00e1mites en la oficina del Registro Civil, no tendr\u00e1n periodo vacacional en este mes y continuar\u00e1n atendiendo a todos los usuarios en el horario de 9:00 de la ma\u00f1ana a 3:00 de la tarde, inform\u00f3 el encargado Rodolfo Antonio M\u00e9ndez.<\/p>\n<p>Mencion\u00f3 que el trabajo les ha aumentado hasta en un 30 por ciento, por ello la determinaci\u00f3n de no cerrar oficinas por periodo vacacional decembrino, para poder atender la demanda ciudadana.<\/p>\n<p>Cabe destacar, que el periodo vacacional que les corresponde a los trabajadores ser\u00e1 respetado, trabajando con guardias y otras estrategias, a fin de que la oficina quede con atenci\u00f3n hasta el \u00faltimo d\u00eda del a\u00f1o.<\/p>\n<p>Indic\u00f3 que los d\u00edas festivos si parar\u00e1n labores, puesto que tampoco hay demanda ciudadana, para que los empleados puedan disfrutar con sus familias y de acuerdo con la Ley, es inh\u00e1bil, aunque en caso de presentarse alg\u00fan tr\u00e1mite que no pueda postergarse, estar\u00e1n al pendiente.<\/p>\n<p>Coment\u00f3 el funcionario, que seguir\u00e1n impulsando los tr\u00e1mites propios de la dependencia, creando siempre entre la poblaci\u00f3n una cultura registral, adem\u00e1s de reafirmar una vez m\u00e1s, que las gestiones y entregas en la oficina, son gratuitas y que el ciudadano solo paga lo que corresponde por el acta u otro tr\u00e1mite, a las cajas correspondientes.<\/p>\n","protected":false},"excerpt":{"rendered":"<p>Debido al incremento de tr\u00e1mites en la oficina del Registro Civil, no tendr\u00e1n periodo vacacional en este mes y continuar\u00e1n<\/p>\n","protected":false},"author":4,"featured_media":52949,"comment_status":"closed","ping_status":"closed","sticky":false,"template":"","format":"standard","meta":{"colormag_page_container_layout":"default_layout","colormag_page_sidebar_layout":"default_layout","_jetpack_memberships_contains_paid_content":false,"footnotes":"","jetpack_publicize_message":"","jetpack_publicize_feature_enabled":true,"jetpack_social_post_already_shared":false,"jetpack_social_options":{"image_generator_settings":{"template":"highway","default_image_id":0,"font":"","enabled":false},"version":2}},"categories":[1082],"tags":[],"class_list":["post-52948","post","type-post","status-publish","format-standard","has-post-thumbnail","hentry","category-tuxpan"],"jetpack_publicize_connections":[],"jetpack_featured_media_url":"https:\/\/i0.wp.com\/politicosaldesnudo.com.mx\/wp-content\/uploads\/2024\/12\/5a-1.jpg?fit=1280%2C852&ssl=1","jetpack-related-posts":[],"jetpack_sharing_enabled":true,"_links":{"self":[{"href":"https:\/\/politicosaldesnudo.com.mx\/index.php\/wp-json\/wp\/v2\/posts\/52948","targetHints":{"allow":["GET"]}}],"collection":[{"href":"https:\/\/politicosaldesnudo.com.mx\/index.php\/wp-json\/wp\/v2\/posts"}],"about":[{"href":"https:\/\/politicosaldesnudo.com.mx\/index.php\/wp-json\/wp\/v2\/types\/post"}],"author":[{"embeddable":true,"href":"https:\/\/politicosaldesnudo.com.mx\/index.php\/wp-json\/wp\/v2\/users\/4"}],"replies":[{"embeddable":true,"href":"https:\/\/politicosaldesnudo.com.mx\/index.php\/wp-json\/wp\/v2\/comments?post=52948"}],"version-history":[{"count":0,"href":"https:\/\/politicosaldesnudo.com.mx\/index.php\/wp-json\/wp\/v2\/posts\/52948\/revisions"}],"wp:featuredmedia":[{"embeddable":true,"href":"https:\/\/politicosaldesnudo.com.mx\/index.php\/wp-json\/wp\/v2\/media\/52949"}],"wp:attachment":[{"href":"https:\/\/politicosaldesnudo.com.mx\/index.php\/wp-json\/wp\/v2\/media?parent=52948"}],"wp:term":[{"taxonomy":"category","embeddable":true,"href":"https:\/\/politicosaldesnudo.com.mx\/index.php\/wp-json\/wp\/v2\/categories?post=52948"},{"taxonomy":"post_tag","embeddable":true,"href":"https:\/\/politicosaldesnudo.com.mx\/index.php\/wp-json\/wp\/v2\/tags?post=52948"}],"curies":[{"name":"wp","href":"https:\/\/api.w.org\/{rel}","templated":true}]}}