{"id":52960,"date":"2024-12-23T00:26:02","date_gmt":"2024-12-23T06:26:02","guid":{"rendered":"https:\/\/politicosaldesnudo.com.mx\/?p=52960"},"modified":"2024-12-23T00:26:02","modified_gmt":"2024-12-23T06:26:02","slug":"asume-general-de-brigada-como-nuevo-secretario-de-seguridad-de-sinaloa","status":"publish","type":"post","link":"https:\/\/politicosaldesnudo.com.mx\/index.php\/2024\/12\/23\/asume-general-de-brigada-como-nuevo-secretario-de-seguridad-de-sinaloa\/","title":{"rendered":"Asume general de brigada como nuevo secretario de Seguridad de Sinaloa"},"content":{"rendered":"<p>A propuesta del secretario de la Defensa Nacional (Defensa), el general de Divisi\u00f3n, Ricardo Trevilla Trejo, fue designado como nuevo secretario de Seguridad P\u00fablica de Sinaloa, al general de brigada, Oscar Renter\u00eda Schazarino.<\/p>\n<p>El titular de la Secretar\u00eda de Seguridad y Protecci\u00f3n Ciudadana (SSPC), Omar Garc\u00eda Harfuch asisti\u00f3 a la toma de posesi\u00f3n del general Renter\u00eda Schazarino, y a trav\u00e9s de su cuenta de la red social \u201cX\u201d (antes Twitter), se\u00f1al\u00f3. \u201cestar\u00e1 al frente de la @sspsinaloa1 con todo el respaldo del Gabinete de Seguridad\u201d.<\/p>\n<p>Garc\u00eda Harfuch se\u00f1al\u00f3 que \u201ccontinuar\u00e1n las acciones para disminuir la violencia en Sinaloa, y detener a los que la generan\u201d.<\/p>\n<p>Asimismo, hizo un balance de los resultados de los operativos para disminuir la violencia entre grupos que forman parte del C\u00e1rtel de Sinaloa, \u00aba la fecha han sido detenidas m\u00e1s de 200 personas, se han asegurado m\u00e1s de 400 veh\u00edculos de los cuales 70 son blindados, mas de 600 armas de alto poder, as\u00ed como granadas, explosivos, cantidades importantes de droga, entre ellas m\u00e1s de una tonelada de fentanilo en operaciones encabezadas por @SEDENAmx, @SEMAR_mx, @FGRMexico y @SSPCMexico\u201d.<\/p>\n<p>Durante el acto de toma de protesta, que tuvo lugar en las instalaciones de la Novena Zona Militar, el gobernador sinaloense, Rub\u00e9n Rocha Moya, se\u00f1al\u00f3 \u201cque al ser la propuesta del secretario de la Defensa Nacional, y de la misma presidenta de la Rep\u00fablica, Claudia Sheinbaum Pardo, el nuevo secretario de Seguridad P\u00fablica, el general Renter\u00eda, cuenta con todo el apoyo del gabinete de Seguridad de la Rep\u00fablica.<\/p>\n<p>\u201cPara esta decisi\u00f3n, se ha reunido este equipo important\u00edsimo, de \u00e9lite, para recomendar y decir all\u00e1 va el general Renter\u00eda, con el apoyo de todo el gabinete de Seguridad, y con esto estamos escribiendo la posibilidad de nuevas esperanzas en materia de seguridad, basados en la realidad, en una disposici\u00f3n muy importante de las fuerzas del orden, por eso es que me siento contento\u201d.<\/p>\n","protected":false},"excerpt":{"rendered":"<p>A propuesta del secretario de la Defensa Nacional (Defensa), el general de Divisi\u00f3n, Ricardo Trevilla Trejo, fue designado como nuevo<\/p>\n","protected":false},"author":4,"featured_media":52961,"comment_status":"closed","ping_status":"closed","sticky":false,"template":"","format":"standard","meta":{"colormag_page_container_layout":"default_layout","colormag_page_sidebar_layout":"default_layout","_jetpack_memberships_contains_paid_content":false,"footnotes":"","jetpack_publicize_message":"","jetpack_publicize_feature_enabled":true,"jetpack_social_post_already_shared":false,"jetpack_social_options":{"image_generator_settings":{"template":"highway","default_image_id":0,"font":"","enabled":false},"version":2}},"categories":[33],"tags":[],"class_list":["post-52960","post","type-post","status-publish","format-standard","has-post-thumbnail","hentry","category-nacional"],"jetpack_publicize_connections":[],"jetpack_featured_media_url":"https:\/\/i0.wp.com\/politicosaldesnudo.com.mx\/wp-content\/uploads\/2024\/12\/portada-nuevo-secretario-seguridad-publica-sinaloa-focus-0.27-0.56-608-342.jpg?fit=608%2C342&ssl=1","jetpack-related-posts":[],"jetpack_sharing_enabled":true,"_links":{"self":[{"href":"https:\/\/politicosaldesnudo.com.mx\/index.php\/wp-json\/wp\/v2\/posts\/52960","targetHints":{"allow":["GET"]}}],"collection":[{"href":"https:\/\/politicosaldesnudo.com.mx\/index.php\/wp-json\/wp\/v2\/posts"}],"about":[{"href":"https:\/\/politicosaldesnudo.com.mx\/index.php\/wp-json\/wp\/v2\/types\/post"}],"author":[{"embeddable":true,"href":"https:\/\/politicosaldesnudo.com.mx\/index.php\/wp-json\/wp\/v2\/users\/4"}],"replies":[{"embeddable":true,"href":"https:\/\/politicosaldesnudo.com.mx\/index.php\/wp-json\/wp\/v2\/comments?post=52960"}],"version-history":[{"count":0,"href":"https:\/\/politicosaldesnudo.com.mx\/index.php\/wp-json\/wp\/v2\/posts\/52960\/revisions"}],"wp:featuredmedia":[{"embeddable":true,"href":"https:\/\/politicosaldesnudo.com.mx\/index.php\/wp-json\/wp\/v2\/media\/52961"}],"wp:attachment":[{"href":"https:\/\/politicosaldesnudo.com.mx\/index.php\/wp-json\/wp\/v2\/media?parent=52960"}],"wp:term":[{"taxonomy":"category","embeddable":true,"href":"https:\/\/politicosaldesnudo.com.mx\/index.php\/wp-json\/wp\/v2\/categories?post=52960"},{"taxonomy":"post_tag","embeddable":true,"href":"https:\/\/politicosaldesnudo.com.mx\/index.php\/wp-json\/wp\/v2\/tags?post=52960"}],"curies":[{"name":"wp","href":"https:\/\/api.w.org\/{rel}","templated":true}]}}