{"id":52993,"date":"2024-12-23T00:51:41","date_gmt":"2024-12-23T06:51:41","guid":{"rendered":"https:\/\/politicosaldesnudo.com.mx\/?p=52993"},"modified":"2024-12-23T00:51:41","modified_gmt":"2024-12-23T06:51:41","slug":"los-angeles-aliada-de-mexico-y-connacionales-afirma-alcaldesa-bass","status":"publish","type":"post","link":"https:\/\/politicosaldesnudo.com.mx\/index.php\/2024\/12\/23\/los-angeles-aliada-de-mexico-y-connacionales-afirma-alcaldesa-bass\/","title":{"rendered":"Los \u00c1ngeles, aliada de M\u00e9xico y connacionales, afirma alcaldesa Bass"},"content":{"rendered":"<p>El canciller Juan Ram\u00f3n de la Fuente se reuni\u00f3 con la alcaldesa de Los \u00c1ngeles, California, Karen Bass, quien asegur\u00f3 que esta ciudad seguir\u00e1 siendo aliada de M\u00e9xico en la defensa de los connacionales. Ambos acordaron fortalecer la relaci\u00f3n y continuar impulsando proyectos binacionales que construyan puentes entre pueblos.<\/p>\n<p>En un comunicado, la Secretar\u00eda de Relaciones Exteriores (SRE) inform\u00f3 del encuentro, en el que Bass refrend\u00f3 que Los \u00c1ngeles no cooperar\u00e1 con las autoridades federales en la aplicaci\u00f3n de leyes migratorias. En \u00e9ste tambi\u00e9n participaron los concejales Hugo Soto Mart\u00ednez,\u00a0 Eunisses Hern\u00e1ndez e Imelda Padilla, quienes a principios de diciembre promovieron la declaraci\u00f3n de Los \u00c1ngeles como ciudad santuario.<\/p>\n<p>De la Fuente agradeci\u00f3 esta iniciativa que ratifica su car\u00e1cter de aliada en la protecci\u00f3n y defensa de la comunidad mexicana.<\/p>\n<p>La reuni\u00f3n se llev\u00f3 a cabo ayer como parte de la reciente visita de trabajo que realiz\u00f3 el canciller, donde destac\u00f3 que la comunidad mexicana radicada en esta ciudad -la m\u00e1s numerosa en Estados Unidos- es fundamental para la econom\u00eda del estado y de este pa\u00eds, por su contribuci\u00f3n al desarrollo y bienestar de la comunidad a trav\u00e9s del pago de impuestos, capacidad de consumo y altos \u00edndices de participaci\u00f3n laboral.<\/p>\n<p>La comitiva encabezada por el canciller De la Fuente, estuvo integrada por el embajador de M\u00e9xico en este pa\u00eds, Esteban Moctezuma Barrag\u00e1n; el jefe de la Unidad para Am\u00e9rica del Norte, Roberto Velasco; el consultor jur\u00eddico de la Canciller\u00eda, Pablo Arrocha y el c\u00f3nsul general de M\u00e9xico en Los \u00c1ngeles, Carlos Gonz\u00e1lez Guti\u00e9rrez.<\/p>\n","protected":false},"excerpt":{"rendered":"<p>El canciller Juan Ram\u00f3n de la Fuente se reuni\u00f3 con la alcaldesa de Los \u00c1ngeles, California, Karen Bass, quien asegur\u00f3<\/p>\n","protected":false},"author":4,"featured_media":52994,"comment_status":"closed","ping_status":"closed","sticky":false,"template":"","format":"standard","meta":{"colormag_page_container_layout":"default_layout","colormag_page_sidebar_layout":"default_layout","_jetpack_memberships_contains_paid_content":false,"footnotes":"","jetpack_publicize_message":"","jetpack_publicize_feature_enabled":true,"jetpack_social_post_already_shared":false,"jetpack_social_options":{"image_generator_settings":{"template":"highway","default_image_id":0,"font":"","enabled":false},"version":2}},"categories":[28],"tags":[],"class_list":["post-52993","post","type-post","status-publish","format-standard","has-post-thumbnail","hentry","category-internacional"],"jetpack_publicize_connections":[],"jetpack_featured_media_url":"https:\/\/i0.wp.com\/politicosaldesnudo.com.mx\/wp-content\/uploads\/2024\/12\/los-angeles-aliada-mexico-defensa-de-la-fuente-uno.jpg?fit=1200%2C900&ssl=1","jetpack-related-posts":[],"jetpack_sharing_enabled":true,"_links":{"self":[{"href":"https:\/\/politicosaldesnudo.com.mx\/index.php\/wp-json\/wp\/v2\/posts\/52993","targetHints":{"allow":["GET"]}}],"collection":[{"href":"https:\/\/politicosaldesnudo.com.mx\/index.php\/wp-json\/wp\/v2\/posts"}],"about":[{"href":"https:\/\/politicosaldesnudo.com.mx\/index.php\/wp-json\/wp\/v2\/types\/post"}],"author":[{"embeddable":true,"href":"https:\/\/politicosaldesnudo.com.mx\/index.php\/wp-json\/wp\/v2\/users\/4"}],"replies":[{"embeddable":true,"href":"https:\/\/politicosaldesnudo.com.mx\/index.php\/wp-json\/wp\/v2\/comments?post=52993"}],"version-history":[{"count":0,"href":"https:\/\/politicosaldesnudo.com.mx\/index.php\/wp-json\/wp\/v2\/posts\/52993\/revisions"}],"wp:featuredmedia":[{"embeddable":true,"href":"https:\/\/politicosaldesnudo.com.mx\/index.php\/wp-json\/wp\/v2\/media\/52994"}],"wp:attachment":[{"href":"https:\/\/politicosaldesnudo.com.mx\/index.php\/wp-json\/wp\/v2\/media?parent=52993"}],"wp:term":[{"taxonomy":"category","embeddable":true,"href":"https:\/\/politicosaldesnudo.com.mx\/index.php\/wp-json\/wp\/v2\/categories?post=52993"},{"taxonomy":"post_tag","embeddable":true,"href":"https:\/\/politicosaldesnudo.com.mx\/index.php\/wp-json\/wp\/v2\/tags?post=52993"}],"curies":[{"name":"wp","href":"https:\/\/api.w.org\/{rel}","templated":true}]}}