{"id":53007,"date":"2024-12-23T01:03:35","date_gmt":"2024-12-23T07:03:35","guid":{"rendered":"https:\/\/politicosaldesnudo.com.mx\/?p=53007"},"modified":"2024-12-23T01:03:35","modified_gmt":"2024-12-23T07:03:35","slug":"sujo-una-historia-de-olvidos","status":"publish","type":"post","link":"https:\/\/politicosaldesnudo.com.mx\/index.php\/2024\/12\/23\/sujo-una-historia-de-olvidos\/","title":{"rendered":"Sujo\u2026 una historia de olvidos"},"content":{"rendered":"<p>La triste historia de los j\u00f3venes honestos y trabajadores que un d\u00eda son reclutados por la fuerza, por el crimen organizado y obligados a matar y torturar, -simplemente para sobrevivir ellos mismos en un \u00e1mbito de violencia en el que no quieren estar-, es la historia de una injusticia social que nadie quiere ver.<\/p>\n<p>La pel\u00edcula mexicana, titulada \u201cSujo\u201d, -escrita y dirigida por Fernanda Valadez y Astrid Rondero-, ha ganado premios cinematogr\u00e1ficos en los m\u00e1s importantes festivales del mundo como en el Sundance Film Festival, de Estados Unidos, y seguramente otros.<\/p>\n<p>Estos j\u00f3venes reclutados son la \u201ccarne de ca\u00f1\u00f3n\u201d de una guerra urbana injusta, que el gobierno ha tolerado y m\u00e1s a\u00fan fortalecido por la detestable pol\u00edtica de \u201cabrazos\u2026 no balazos\u201d con la que L\u00f3pez Obrador se desentendi\u00f3 de su obligaci\u00f3n como cabeza del gobierno de la rep\u00fablica de su responsabilidad de proteger a la ciudadan\u00eda de todos los riesgos que amenacen su seguridad, su integridad f\u00edsica y su patrimonio.<\/p>\n<p>Sue\u00f1os y un proyecto de vida cortado de tajo por criminales. Sin embargo, estos j\u00f3venes son doblemente vulnerados: primeramente, por sus captores, -quienes los retienen en un estado de esclavitud-, y despu\u00e9s por el estado mexicano, que los convierte en enemigos de la sociedad y si los captura los encarcela por ser delincuentes, aunque sea involuntariamente.<\/p>\n<p>La historia de Sujo es muy parecida a la de muchos ni\u00f1os que viven en la zona de conflicto. A sus cuatro a\u00f1os de edad qued\u00f3 hu\u00e9rfano cuando su padre, -quien era parte de un grupo delictivo- fue asesinado.<\/p>\n<p>Su ni\u00f1ez transcurre alejado del crimen organizado, hasta que en su adolescencia es cooptado e ingresa a un c\u00e1rtel. Tiempo despu\u00e9s decide rescatar su vida en ese ambiente adverso, donde es f\u00e1cil ingresar y dif\u00edcil salir vivo de \u00e9l.<\/p>\n<p>Sujo es una pel\u00edcula fuerte, que mueve consciencias y nos recuerda que muchos de nuestros j\u00f3venes est\u00e1n atrapados en ese mundo donde d\u00eda tras d\u00eda se lucha simplemente por sobrevivir.<\/p>\n<p>Y a usted\u2026 \u00bfQu\u00e9 le parece?<\/p>\n<p>&nbsp;<\/p>\n<p><img data-recalc-dims=\"1\" loading=\"lazy\" decoding=\"async\" class=\"aligncenter size-full wp-image-53005\" src=\"https:\/\/i0.wp.com\/politicosaldesnudo.com.mx\/wp-content\/uploads\/2024\/12\/FIRMA-EDITORIAL-PD-2.jpg?resize=800%2C98&#038;ssl=1\" alt=\"\" width=\"800\" height=\"98\" srcset=\"https:\/\/i0.wp.com\/politicosaldesnudo.com.mx\/wp-content\/uploads\/2024\/12\/FIRMA-EDITORIAL-PD-2.jpg?w=1024&amp;ssl=1 1024w, https:\/\/i0.wp.com\/politicosaldesnudo.com.mx\/wp-content\/uploads\/2024\/12\/FIRMA-EDITORIAL-PD-2.jpg?resize=300%2C37&amp;ssl=1 300w, https:\/\/i0.wp.com\/politicosaldesnudo.com.mx\/wp-content\/uploads\/2024\/12\/FIRMA-EDITORIAL-PD-2.jpg?resize=768%2C94&amp;ssl=1 768w\" sizes=\"auto, (max-width: 800px) 100vw, 800px\" \/><\/p>\n","protected":false},"excerpt":{"rendered":"<p>La triste historia de los j\u00f3venes honestos y trabajadores que un d\u00eda son reclutados por la fuerza, por el crimen<\/p>\n","protected":false},"author":4,"featured_media":52337,"comment_status":"closed","ping_status":"closed","sticky":false,"template":"","format":"standard","meta":{"colormag_page_container_layout":"default_layout","colormag_page_sidebar_layout":"default_layout","_jetpack_memberships_contains_paid_content":false,"footnotes":"","jetpack_publicize_message":"","jetpack_publicize_feature_enabled":true,"jetpack_social_post_already_shared":false,"jetpack_social_options":{"image_generator_settings":{"template":"highway","default_image_id":0,"font":"","enabled":false},"version":2}},"categories":[26],"tags":[],"class_list":["post-53007","post","type-post","status-publish","format-standard","has-post-thumbnail","hentry","category-columnistas"],"jetpack_publicize_connections":[],"jetpack_featured_media_url":"https:\/\/i0.wp.com\/politicosaldesnudo.com.mx\/wp-content\/uploads\/2024\/12\/BANNER-homs.jpg?fit=800%2C445&ssl=1","jetpack-related-posts":[],"jetpack_sharing_enabled":true,"_links":{"self":[{"href":"https:\/\/politicosaldesnudo.com.mx\/index.php\/wp-json\/wp\/v2\/posts\/53007","targetHints":{"allow":["GET"]}}],"collection":[{"href":"https:\/\/politicosaldesnudo.com.mx\/index.php\/wp-json\/wp\/v2\/posts"}],"about":[{"href":"https:\/\/politicosaldesnudo.com.mx\/index.php\/wp-json\/wp\/v2\/types\/post"}],"author":[{"embeddable":true,"href":"https:\/\/politicosaldesnudo.com.mx\/index.php\/wp-json\/wp\/v2\/users\/4"}],"replies":[{"embeddable":true,"href":"https:\/\/politicosaldesnudo.com.mx\/index.php\/wp-json\/wp\/v2\/comments?post=53007"}],"version-history":[{"count":0,"href":"https:\/\/politicosaldesnudo.com.mx\/index.php\/wp-json\/wp\/v2\/posts\/53007\/revisions"}],"wp:featuredmedia":[{"embeddable":true,"href":"https:\/\/politicosaldesnudo.com.mx\/index.php\/wp-json\/wp\/v2\/media\/52337"}],"wp:attachment":[{"href":"https:\/\/politicosaldesnudo.com.mx\/index.php\/wp-json\/wp\/v2\/media?parent=53007"}],"wp:term":[{"taxonomy":"category","embeddable":true,"href":"https:\/\/politicosaldesnudo.com.mx\/index.php\/wp-json\/wp\/v2\/categories?post=53007"},{"taxonomy":"post_tag","embeddable":true,"href":"https:\/\/politicosaldesnudo.com.mx\/index.php\/wp-json\/wp\/v2\/tags?post=53007"}],"curies":[{"name":"wp","href":"https:\/\/api.w.org\/{rel}","templated":true}]}}