{"id":53009,"date":"2024-12-23T01:05:48","date_gmt":"2024-12-23T07:05:48","guid":{"rendered":"https:\/\/politicosaldesnudo.com.mx\/?p=53009"},"modified":"2024-12-23T01:05:48","modified_gmt":"2024-12-23T07:05:48","slug":"por-una-nueva-ley-de-transito","status":"publish","type":"post","link":"https:\/\/politicosaldesnudo.com.mx\/index.php\/2024\/12\/23\/por-una-nueva-ley-de-transito\/","title":{"rendered":"Por una nueva Ley de Tr\u00e1nsito"},"content":{"rendered":"<p><strong>Por: Luis Ram\u00edrez Baqueiro<\/strong><\/p>\n<p><em>\u201cLa tolerancia es la aut\u00e9ntica prueba de civilizaci\u00f3n.\u201d \u2013 Arthur Helps.<\/em><\/p>\n<p><strong>\u00a0<\/strong><strong>Recientemente un hecho recurrente en la capital del estado ha llamado mi atenci\u00f3n, considerando que es de relevancia e importancia por el riesgo que implica para conductores de toda clase de veh\u00edculos es que se lo present\u00f3 a su consideraci\u00f3n amable lector.<\/strong><\/p>\n<p><strong>Aun cuando la gobernadora Roc\u00edo Nahle Garc\u00eda, ha abordado el tema con suma sensibilidad desde antes de asumir su encargo, el asunto de hacer adecuaciones a la Ley de Tr\u00e1nsito y Transporte demuestran su compromiso por atender los reclamos de una poblaci\u00f3n cansada de tanto abuso y corrupci\u00f3n en dicha instancia de Gobierno.<\/strong><\/p>\n<p><strong>Cabe recordar que el pasado 7 de octubre, siendo a\u00fan gobernador de la entidad, Cuitl\u00e1huac Garc\u00eda Jim\u00e9nez, este env\u00edo una iniciativa que buscaba la adecuada regulaci\u00f3n del servicio de transporte p\u00fablico en la modalidad de carga especializado, a efecto de que los concesionarios y permisionarios cumplan las obligaciones que garanticen la prestaci\u00f3n de un servicio digno y transparente, as\u00ed como contar con los espacios adecuados para el resguardo de los veh\u00edculos que hayan utilizado el servicio, en funci\u00f3n de alguna modalidad de transporte p\u00fablico y, con ello, prevenir actos de corrupci\u00f3n.<\/strong><\/p>\n<p><strong>El ejecutivo expres\u00f3 que, al existir una regulaci\u00f3n integral, se generar\u00e1n las condiciones satisfactorias, de calidad, competitividad y una justa temporalidad acorde con la necesidad en el servicio de transporte p\u00fablico de carga especializado y servicios auxiliares de la seguridad vial, al homologar la legislaci\u00f3n en la materia.<\/strong><\/p>\n<p><strong>Es importante mencionar que la iniciativa eval\u00faa la posibilidad de que la vigencia de 30 d\u00edas de los permisos temporales en materia de transporte p\u00fablico sea ampliada a un a\u00f1o, exclusivamente para la modalidad de carga especializado, as\u00ed como el uso de mecanismos y herramientas tecnol\u00f3gicas para realizar el cobro de las infracciones, no solo a trav\u00e9s de tarjeta bancaria de cr\u00e9dito o d\u00e9bito, sino tambi\u00e9n mediante la opci\u00f3n de transferencia electr\u00f3nica.<\/strong><\/p>\n<p><strong>La reforma propuesta tiene como fin transparentar los cobros, dar una prestaci\u00f3n de servicios de transporte de calidad, frenando los abusos y arbitrariedades por parte de algunos concesionarios, permisionarios o autorizados, regular las tarifas por el servicio de transporte p\u00fablico de carga especializado, as\u00ed como los servicios auxiliares de la seguridad vial y la armonizaci\u00f3n de la aplicabilidad de ambas leyes referidas.<\/strong><\/p>\n<p><strong>El contenido \u00edntegro de la iniciativa se puede consultar libremente en el Anexo B a la Gaceta Legislativa n\u00famero 153, publicada en el sitio oficial de este Congreso,\u00a0<a href=\"http:\/\/www.legisver.gob.mx\/\">www.legisver.gob.mx<\/a>.<\/strong><\/p>\n<p><strong>Se debe se\u00f1alar que aun cuando con esta iniciativa se atendi\u00f3 directamente la regulaci\u00f3n para el empleo de gr\u00faas, un tema vital se ha dejado de lado, y ese tiene que ver con la regulaci\u00f3n del uso de patines electr\u00f3nicos o dispositivos de desplazamiento mec\u00e1nico por las calles y avenidas de la entidad, mismo que se ha convertido en un verdadero riesgo para automovilistas y peatones.<\/strong><\/p>\n<p><strong>El empleo regular de estos dispositivos se ha convertido en una alternativa pr\u00e1ctica y econ\u00f3mica, incluso ecol\u00f3gica para el desplazamiento en las ciudades del Estado, pero al no existir regulaci\u00f3n alguna al respecto, el empleo de estos dispositivos ampara el riesgo que conlleva el tener un percance automovil\u00edstico con dichos usuarios.<\/strong><\/p>\n<p><strong>La cerraz\u00f3n de los usuarios de estos dispositivos de transporte aut\u00f3nomo ha convertido en un riesgo su tr\u00e1nsito constante por las calles de ciudades como Xalapa.<\/strong><\/p>\n<p><strong>Avenidas como \u00c1vila Camacho, Rebsamen y Arco Sur, as\u00ed como L\u00e1zaro C\u00e1rdenas han sido testigo del riesgo que representa el empleo de estas unidades que sin respetar carriles se desplazan junto con motocicletas por las mismas indebidamente.<\/strong><\/p>\n<p><strong>Urge inmediatamente sancionar el uso y empleo de dichas unidades, pues se exponen a una inminente colisi\u00f3n que pondr\u00eda en riesgo sus vidas, y conflict\u00faa a los conductores de veh\u00edculos regulares en su desplazamiento cotidiano por las calles y avenidas de las ciudades de la entidad.<\/strong><\/p>\n<p><strong>Aun cuando muchas de las calles cuentan con suficiente espaci\u00f3 en el carril derecho para su tr\u00e1nsito correcto, los usuarios de estos dispositivos de manera temeraria e inconsciente se conducen por las calles sin mediar respeto a carriles de alta y baja velocidad, convirtiendo las calles y avenidas en trampas mortales.<\/strong><\/p>\n<p><strong>Por Amor a Veracruz, urge la inmediata regulaci\u00f3n a estos dispositivos, as\u00ed como el uso de patines para aquellos que por las calles en horas pico, salen a realizar desplazamientos casi casi art\u00edsticos que exponen sus vidas en integridades.<\/strong><\/p>\n<p><strong>Al rato los culpables, como siempre ser\u00e1n los conductores, porque estos, jam\u00e1s reconocer\u00e1n que indebida, ilegal y temerariamente circulan por donde no deben circular.<\/strong><\/p>\n<p><strong>\u00a0<\/strong><strong>Al tiempo.<\/strong><\/p>\n<p>&nbsp;<\/p>\n<p><img data-recalc-dims=\"1\" loading=\"lazy\" decoding=\"async\" class=\"aligncenter size-full wp-image-53005\" src=\"https:\/\/i0.wp.com\/politicosaldesnudo.com.mx\/wp-content\/uploads\/2024\/12\/FIRMA-EDITORIAL-PD-2.jpg?resize=800%2C98&#038;ssl=1\" alt=\"\" width=\"800\" height=\"98\" srcset=\"https:\/\/i0.wp.com\/politicosaldesnudo.com.mx\/wp-content\/uploads\/2024\/12\/FIRMA-EDITORIAL-PD-2.jpg?w=1024&amp;ssl=1 1024w, https:\/\/i0.wp.com\/politicosaldesnudo.com.mx\/wp-content\/uploads\/2024\/12\/FIRMA-EDITORIAL-PD-2.jpg?resize=300%2C37&amp;ssl=1 300w, https:\/\/i0.wp.com\/politicosaldesnudo.com.mx\/wp-content\/uploads\/2024\/12\/FIRMA-EDITORIAL-PD-2.jpg?resize=768%2C94&amp;ssl=1 768w\" sizes=\"auto, (max-width: 800px) 100vw, 800px\" \/><\/p>\n","protected":false},"excerpt":{"rendered":"<p>Por: Luis Ram\u00edrez Baqueiro \u201cLa tolerancia es la aut\u00e9ntica prueba de civilizaci\u00f3n.\u201d \u2013 Arthur Helps. \u00a0Recientemente un hecho recurrente en<\/p>\n","protected":false},"author":4,"featured_media":36965,"comment_status":"closed","ping_status":"closed","sticky":false,"template":"","format":"standard","meta":{"colormag_page_container_layout":"default_layout","colormag_page_sidebar_layout":"default_layout","_jetpack_memberships_contains_paid_content":false,"footnotes":"","jetpack_publicize_message":"","jetpack_publicize_feature_enabled":true,"jetpack_social_post_already_shared":false,"jetpack_social_options":{"image_generator_settings":{"template":"highway","default_image_id":0,"font":"","enabled":false},"version":2}},"categories":[26],"tags":[],"class_list":["post-53009","post","type-post","status-publish","format-standard","has-post-thumbnail","hentry","category-columnistas"],"jetpack_publicize_connections":[],"jetpack_featured_media_url":"https:\/\/i0.wp.com\/politicosaldesnudo.com.mx\/wp-content\/uploads\/2024\/05\/LUIS-RAMIREZ-BAQUEIRO.jpg?fit=800%2C445&ssl=1","jetpack-related-posts":[],"jetpack_sharing_enabled":true,"_links":{"self":[{"href":"https:\/\/politicosaldesnudo.com.mx\/index.php\/wp-json\/wp\/v2\/posts\/53009","targetHints":{"allow":["GET"]}}],"collection":[{"href":"https:\/\/politicosaldesnudo.com.mx\/index.php\/wp-json\/wp\/v2\/posts"}],"about":[{"href":"https:\/\/politicosaldesnudo.com.mx\/index.php\/wp-json\/wp\/v2\/types\/post"}],"author":[{"embeddable":true,"href":"https:\/\/politicosaldesnudo.com.mx\/index.php\/wp-json\/wp\/v2\/users\/4"}],"replies":[{"embeddable":true,"href":"https:\/\/politicosaldesnudo.com.mx\/index.php\/wp-json\/wp\/v2\/comments?post=53009"}],"version-history":[{"count":0,"href":"https:\/\/politicosaldesnudo.com.mx\/index.php\/wp-json\/wp\/v2\/posts\/53009\/revisions"}],"wp:featuredmedia":[{"embeddable":true,"href":"https:\/\/politicosaldesnudo.com.mx\/index.php\/wp-json\/wp\/v2\/media\/36965"}],"wp:attachment":[{"href":"https:\/\/politicosaldesnudo.com.mx\/index.php\/wp-json\/wp\/v2\/media?parent=53009"}],"wp:term":[{"taxonomy":"category","embeddable":true,"href":"https:\/\/politicosaldesnudo.com.mx\/index.php\/wp-json\/wp\/v2\/categories?post=53009"},{"taxonomy":"post_tag","embeddable":true,"href":"https:\/\/politicosaldesnudo.com.mx\/index.php\/wp-json\/wp\/v2\/tags?post=53009"}],"curies":[{"name":"wp","href":"https:\/\/api.w.org\/{rel}","templated":true}]}}