{"id":53012,"date":"2024-12-23T20:00:19","date_gmt":"2024-12-24T02:00:19","guid":{"rendered":"https:\/\/politicosaldesnudo.com.mx\/?p=53012"},"modified":"2024-12-23T20:00:19","modified_gmt":"2024-12-24T02:00:19","slug":"proteccion-a-periodistas","status":"publish","type":"post","link":"https:\/\/politicosaldesnudo.com.mx\/index.php\/2024\/12\/23\/proteccion-a-periodistas\/","title":{"rendered":"Protecci\u00f3n a Periodistas"},"content":{"rendered":"<h2>\u00b7\u00a0\u00a0\u00a0\u00a0\u00a0 \u00a0Para la Comisi\u00f3n Estatal para la Atenci\u00f3n y Protecci\u00f3n de los Periodistas (CEAPP), m\u00e1s de 23 millones al a\u00f1o<\/h2>\n<h2>\u00b7\u00a0\u00a0\u00a0\u00a0\u00a0 \u00a0El Cambio en la Directiva debe fortalecer la relaci\u00f3n con los periodistas<\/h2>\n<h2>\u00b7\u00a0\u00a0\u00a0\u00a0\u00a0 \u00a0La libertad de prensa es un pilar fundamental de la democracia<\/h2>\n<p><b>Por Miguel \u00c1ngel Cristiani G.<\/b><\/p>\n<p>La reciente reestructuraci\u00f3n el pasado viernes en la Comisi\u00f3n Estatal de Atenci\u00f3n a Periodistas ha generado un amplio debate en el \u00e1mbito de la comunicaci\u00f3n y el periodismo. Este cambio no solo es un evento administrativo; tiene implicaciones profundas para la libertad de prensa, la protecci\u00f3n de los periodistas y, en \u00faltima instancia, la democracia en nuestra sociedad.<\/p>\n<p>Contexto Hist\u00f3rico<\/p>\n<p>La Comisi\u00f3n Estatal de Atenci\u00f3n a Periodistas fue establecida como respuesta a la creciente preocupaci\u00f3n por la seguridad de los comunicadores. Durante a\u00f1os, los periodistas enfrentaron asesinatos, amenazas, agresiones y un entorno hostil. La creaci\u00f3n de esta instituci\u00f3n represent\u00f3 un paso hacia la protecci\u00f3n de la libertad de expresi\u00f3n.<\/p>\n<p>Evoluci\u00f3n de la Comisi\u00f3n<\/p>\n<p>Desde su creaci\u00f3n, como el llamado Colegio Estatal de Periodistas, en la administraci\u00f3n de Miguel Alem\u00e1n, incluso se le doto de un edificio donde ahora est\u00e1 en COLVER, la Comisi\u00f3n ha pasado por diversas etapas. Al principio, su enfoque estaba en la protecci\u00f3n f\u00edsica de los periodistas. Con el tiempo, se ampli\u00f3 para incluir la capacitaci\u00f3n, el apoyo legal y la promoci\u00f3n de mejores condiciones laborales.<\/p>\n<p>La Nueva Directiva<\/p>\n<p>El cambio en la directiva ha tra\u00eddo consigo nuevos rostros. Los nuevos miembros provienen de diferentes \u00e1reas del periodismo, y la sociedad civil. Esta diversidad es crucial, ya que permite una visi\u00f3n m\u00e1s amplia y un enfoque m\u00e1s inclusivo. Aunque ha sido cuestionado el hecho de que al parecer no se consulto con los periodistas sobre la elecci\u00f3n de la nueva directiva, incluso fue una sorpresa para los reporteros que cubren la misma fuente de la Legislatura.<\/p>\n<p>Otro tema pol\u00e9mico es el del presupuesto anual que se otorga a la Comisi\u00f3n por mas de 23 millones de pesos, que no se transparenta los montos de los sueldos para los comisionados y que se supone ocupan el monto mas alto de esos recursos.<\/p>\n<p>Objetivos de la Nueva Directiva<\/p>\n<p>La nueva directiva ha establecido una serie de objetivos. Uno de los m\u00e1s importantes es fortalecer la relaci\u00f3n entre la Comisi\u00f3n y los periodistas. Tambi\u00e9n busca implementar pol\u00edticas m\u00e1s efectivas para la protecci\u00f3n de los comunicadores y fomentar un ambiente de trabajo seguro.<\/p>\n<p>Desaf\u00edos a Enfrentar<\/p>\n<p>La Violencia Contra Periodistas<\/p>\n<p>Uno de los desaf\u00edos m\u00e1s preocupantes es la violencia. A pesar de los esfuerzos de la Comisi\u00f3n, los periodistas siguen siendo blanco de agresiones. La nueva directiva deber\u00e1 abordar este problema de manera efectiva.<\/p>\n<p>Estrategias Propuestas Capacitaci\u00f3n Continua<\/p>\n<p>Una de las estrategias m\u00e1s efectivas es la capacitaci\u00f3n continua de los periodistas. Esto no solo les proporciona herramientas para enfrentar situaciones de riesgo, sino que tambi\u00e9n les ayuda a mejorar sus habilidades profesionales.<\/p>\n<p>Colaboraci\u00f3n con Organizaciones Internacionales<\/p>\n<p>La cooperaci\u00f3n con organizaciones internacionales puede ser invaluable. Estas organizaciones tienen experiencia en la protecci\u00f3n de periodistas y pueden ofrecer recursos y conocimientos que beneficien a la Comisi\u00f3n.<\/p>\n<p>Opiniones Divididas<\/p>\n<p>La reacci\u00f3n a la nueva directiva ha sido mixta. Algunos periodistas ven el cambio como una oportunidad para mejorar la situaci\u00f3n, mientras que otros son esc\u00e9pticos sobre la efectividad de la Comisi\u00f3n en el futuro.<\/p>\n<p>Expectativas de los Periodistas<\/p>\n<p>Los periodistas esperan que la nueva directiva tome medidas concretas y efectivas. La confianza en la Comisi\u00f3n depender\u00e1 de su capacidad para abordar los problemas actuales y garantizar un entorno seguro para el ejercicio del periodismo.<\/p>\n<p>La Importancia de la Transparencia y Rendici\u00f3n de Cuentas<\/p>\n<p>La nueva directiva debe ser transparente en sus acciones. La rendici\u00f3n de cuentas es esencial para generar confianza en la instituci\u00f3n. Los periodistas y la sociedad deben conocer las decisiones y los motivos detr\u00e1s de ellas.<\/p>\n<p>Publicar informes peri\u00f3dicos sobre las actividades de la Comisi\u00f3n puede ayudar a mantener a la poblaci\u00f3n informada y comprometida. Esto tambi\u00e9n permite evaluar el progreso y ajustar las estrategias seg\u00fan sea necesario.<\/p>\n<p>Futuro del Periodismo en el Estado<\/p>\n<p>El entorno del periodismo est\u00e1 cambiando constantemente. Con nuevas autoridades a nivel estatal, las nuevas tecnolog\u00edas, las redes sociales y la evoluci\u00f3n de los medios de comunicaci\u00f3n, presentan tanto oportunidades como desaf\u00edos.<\/p>\n<p>Adaptaci\u00f3n y Resiliencia<\/p>\n<p>El cambio en la directiva de la Comisi\u00f3n Estatal de Atenci\u00f3n a Periodistas representa una oportunidad para revitalizar el compromiso con la protecci\u00f3n de los periodistas. A pesar de los desaf\u00edos, hay esperanza. La colaboraci\u00f3n entre la Comisi\u00f3n, los periodistas, la sociedad civil y los ciudadanos es esencial para avanzar. La libertad de prensa es un pilar fundamental de la democracia, y su defensa debe ser una prioridad para todos.<\/p>\n<p>Lo cierto es que la labor de los periodistas es vital para una sociedad informada y democr\u00e1tica. La nueva directiva tiene la responsabilidad de garantizar que puedan ejercer su trabajo en un ambiente seguro y libre. El futuro del periodismo depende de ello.<\/p>\n<p>Para m\u00e1s informaci\u00f3n consulta nuestra p\u00e1gina\u00a0<a id=\"m_-7198983077070950121OWA8da265ed-e98a-2b99-b9f1-55ac46b396ab\" href=\"https:\/\/www.xn--bitacoraspolticas-ovb.com\/\" target=\"_blank\" rel=\"noopener\" data-saferedirecturl=\"https:\/\/www.google.com\/url?q=https:\/\/www.xn--bitacoraspolticas-ovb.com\/&amp;source=gmail&amp;ust=1735091745203000&amp;usg=AOvVaw1IM0JPruCqTMca_7Cqf6M_\">https:\/\/www.xn--<wbr \/>bitacoraspolticas-ovb.com\/<\/a><\/p>\n<p>&nbsp;<\/p>\n<p><img data-recalc-dims=\"1\" loading=\"lazy\" decoding=\"async\" class=\"aligncenter size-full wp-image-53005\" src=\"https:\/\/i0.wp.com\/politicosaldesnudo.com.mx\/wp-content\/uploads\/2024\/12\/FIRMA-EDITORIAL-PD-2.jpg?resize=800%2C98&#038;ssl=1\" alt=\"\" width=\"800\" height=\"98\" srcset=\"https:\/\/i0.wp.com\/politicosaldesnudo.com.mx\/wp-content\/uploads\/2024\/12\/FIRMA-EDITORIAL-PD-2.jpg?w=1024&amp;ssl=1 1024w, https:\/\/i0.wp.com\/politicosaldesnudo.com.mx\/wp-content\/uploads\/2024\/12\/FIRMA-EDITORIAL-PD-2.jpg?resize=300%2C37&amp;ssl=1 300w, https:\/\/i0.wp.com\/politicosaldesnudo.com.mx\/wp-content\/uploads\/2024\/12\/FIRMA-EDITORIAL-PD-2.jpg?resize=768%2C94&amp;ssl=1 768w\" sizes=\"auto, (max-width: 800px) 100vw, 800px\" \/><\/p>\n","protected":false},"excerpt":{"rendered":"<p>\u00b7\u00a0\u00a0\u00a0\u00a0\u00a0 \u00a0Para la Comisi\u00f3n Estatal para la Atenci\u00f3n y Protecci\u00f3n de los Periodistas (CEAPP), m\u00e1s de 23 millones al a\u00f1o<\/p>\n","protected":false},"author":4,"featured_media":46060,"comment_status":"closed","ping_status":"closed","sticky":false,"template":"","format":"standard","meta":{"colormag_page_container_layout":"default_layout","colormag_page_sidebar_layout":"default_layout","_jetpack_memberships_contains_paid_content":false,"footnotes":"","jetpack_publicize_message":"","jetpack_publicize_feature_enabled":true,"jetpack_social_post_already_shared":false,"jetpack_social_options":{"image_generator_settings":{"template":"highway","default_image_id":0,"font":"","enabled":false},"version":2}},"categories":[26],"tags":[],"class_list":["post-53012","post","type-post","status-publish","format-standard","has-post-thumbnail","hentry","category-columnistas"],"jetpack_publicize_connections":[],"jetpack_featured_media_url":"https:\/\/i0.wp.com\/politicosaldesnudo.com.mx\/wp-content\/uploads\/2024\/09\/CRISTIANI-2.jpg?fit=800%2C445&ssl=1","jetpack-related-posts":[],"jetpack_sharing_enabled":true,"_links":{"self":[{"href":"https:\/\/politicosaldesnudo.com.mx\/index.php\/wp-json\/wp\/v2\/posts\/53012","targetHints":{"allow":["GET"]}}],"collection":[{"href":"https:\/\/politicosaldesnudo.com.mx\/index.php\/wp-json\/wp\/v2\/posts"}],"about":[{"href":"https:\/\/politicosaldesnudo.com.mx\/index.php\/wp-json\/wp\/v2\/types\/post"}],"author":[{"embeddable":true,"href":"https:\/\/politicosaldesnudo.com.mx\/index.php\/wp-json\/wp\/v2\/users\/4"}],"replies":[{"embeddable":true,"href":"https:\/\/politicosaldesnudo.com.mx\/index.php\/wp-json\/wp\/v2\/comments?post=53012"}],"version-history":[{"count":0,"href":"https:\/\/politicosaldesnudo.com.mx\/index.php\/wp-json\/wp\/v2\/posts\/53012\/revisions"}],"wp:featuredmedia":[{"embeddable":true,"href":"https:\/\/politicosaldesnudo.com.mx\/index.php\/wp-json\/wp\/v2\/media\/46060"}],"wp:attachment":[{"href":"https:\/\/politicosaldesnudo.com.mx\/index.php\/wp-json\/wp\/v2\/media?parent=53012"}],"wp:term":[{"taxonomy":"category","embeddable":true,"href":"https:\/\/politicosaldesnudo.com.mx\/index.php\/wp-json\/wp\/v2\/categories?post=53012"},{"taxonomy":"post_tag","embeddable":true,"href":"https:\/\/politicosaldesnudo.com.mx\/index.php\/wp-json\/wp\/v2\/tags?post=53012"}],"curies":[{"name":"wp","href":"https:\/\/api.w.org\/{rel}","templated":true}]}}