{"id":53070,"date":"2024-12-24T00:54:00","date_gmt":"2024-12-24T06:54:00","guid":{"rendered":"https:\/\/politicosaldesnudo.com.mx\/?p=53070"},"modified":"2024-12-24T00:54:00","modified_gmt":"2024-12-24T06:54:00","slug":"justin-trudeau-no-hara-anuncios-sobre-su-futuro-durante-fiestas-de-fin-de-ano","status":"publish","type":"post","link":"https:\/\/politicosaldesnudo.com.mx\/index.php\/2024\/12\/24\/justin-trudeau-no-hara-anuncios-sobre-su-futuro-durante-fiestas-de-fin-de-ano\/","title":{"rendered":"Justin Trudeau no har\u00e1 anuncios sobre su futuro durante fiestas de fin de a\u00f1o"},"content":{"rendered":"<p>No se prev\u00e9 que el primer ministro canadiense, Justin Trudeau, anuncie una decisi\u00f3n sobre su futuro durante las vacaciones de Navidad, inform\u00f3 este lunes una persona familiarizada con el asunto.<\/p>\n<p>La persona habl\u00f3 bajo condici\u00f3n de anonimato, ya que no estaba autorizada para hablar p\u00fablicamente sobre el tema. El primer ministro viajar\u00e1 a Columbia Brit\u00e1nica con su familia del 26 de diciembre al 2 de enero.<\/p>\n<p>Las preocupaciones sobre el liderazgo de Trudeau se intensificaron la semana pasada cuando Chrystia Freeland, ministra de Finanzas y viceprimera ministra de Canad\u00e1, renunci\u00f3 abruptamente al gabinete despu\u00e9s de que se le inform\u00f3 que ya no ser\u00eda ministra de Finanzas. Un n\u00famero creciente de legisladores del Partido Liberal quieren que Trudeau se haga a un lado por temor a que el partido se dirija hacia una derrota hist\u00f3rica.<\/p>\n<p>A\u00fan es incierto si Trudeau liderar\u00e1 al Partido Liberal en las elecciones del pr\u00f3ximo a\u00f1o.\u00a0El Parlamento ahora est\u00e1 cerrado hasta finales del pr\u00f3ximo mes. El Nuevo Partido Democr\u00e1tico (NDP), de extracci\u00f3n izquierdista, afirm\u00f3 el viernes que votar\u00eda a favor de la moci\u00f3n de censura despu\u00e9s de que los legisladores se re\u00fanan nuevamente el 27 de enero.<\/p>\n<p>Cuando Trudeau regrese de las vacaciones, podr\u00eda tomar medidas para suspender el Parlamento durante meses mientras se dirime el liderazgo del partido.<\/p>\n<p>Dado que los liberales no tienen una mayor\u00eda absoluta en el Parlamento, durante a\u00f1os han dependido del apoyo del NDP para aprobar legislaci\u00f3n y mantenerse en el poder. Pero ese apoyo ha desaparecido: el l\u00edder del NDP, Jagmeet Singh, dej\u00f3 claro el viernes que el NDP votar\u00e1 a favor de un cambio de gobierno.<\/p>\n","protected":false},"excerpt":{"rendered":"<p>No se prev\u00e9 que el primer ministro canadiense, Justin Trudeau, anuncie una decisi\u00f3n sobre su futuro durante las vacaciones de<\/p>\n","protected":false},"author":4,"featured_media":53071,"comment_status":"closed","ping_status":"closed","sticky":false,"template":"","format":"standard","meta":{"colormag_page_container_layout":"default_layout","colormag_page_sidebar_layout":"default_layout","_jetpack_memberships_contains_paid_content":false,"footnotes":"","jetpack_publicize_message":"","jetpack_publicize_feature_enabled":true,"jetpack_social_post_already_shared":false,"jetpack_social_options":{"image_generator_settings":{"template":"highway","default_image_id":0,"font":"","enabled":false},"version":2}},"categories":[28],"tags":[],"class_list":["post-53070","post","type-post","status-publish","format-standard","has-post-thumbnail","hentry","category-internacional"],"jetpack_publicize_connections":[],"jetpack_featured_media_url":"https:\/\/i0.wp.com\/politicosaldesnudo.com.mx\/wp-content\/uploads\/2024\/12\/568589029.jpg?fit=800%2C500&ssl=1","jetpack-related-posts":[],"jetpack_sharing_enabled":true,"_links":{"self":[{"href":"https:\/\/politicosaldesnudo.com.mx\/index.php\/wp-json\/wp\/v2\/posts\/53070","targetHints":{"allow":["GET"]}}],"collection":[{"href":"https:\/\/politicosaldesnudo.com.mx\/index.php\/wp-json\/wp\/v2\/posts"}],"about":[{"href":"https:\/\/politicosaldesnudo.com.mx\/index.php\/wp-json\/wp\/v2\/types\/post"}],"author":[{"embeddable":true,"href":"https:\/\/politicosaldesnudo.com.mx\/index.php\/wp-json\/wp\/v2\/users\/4"}],"replies":[{"embeddable":true,"href":"https:\/\/politicosaldesnudo.com.mx\/index.php\/wp-json\/wp\/v2\/comments?post=53070"}],"version-history":[{"count":0,"href":"https:\/\/politicosaldesnudo.com.mx\/index.php\/wp-json\/wp\/v2\/posts\/53070\/revisions"}],"wp:featuredmedia":[{"embeddable":true,"href":"https:\/\/politicosaldesnudo.com.mx\/index.php\/wp-json\/wp\/v2\/media\/53071"}],"wp:attachment":[{"href":"https:\/\/politicosaldesnudo.com.mx\/index.php\/wp-json\/wp\/v2\/media?parent=53070"}],"wp:term":[{"taxonomy":"category","embeddable":true,"href":"https:\/\/politicosaldesnudo.com.mx\/index.php\/wp-json\/wp\/v2\/categories?post=53070"},{"taxonomy":"post_tag","embeddable":true,"href":"https:\/\/politicosaldesnudo.com.mx\/index.php\/wp-json\/wp\/v2\/tags?post=53070"}],"curies":[{"name":"wp","href":"https:\/\/api.w.org\/{rel}","templated":true}]}}