{"id":53090,"date":"2024-12-26T00:04:06","date_gmt":"2024-12-26T06:04:06","guid":{"rendered":"https:\/\/politicosaldesnudo.com.mx\/?p=53090"},"modified":"2024-12-26T00:04:06","modified_gmt":"2024-12-26T06:04:06","slug":"se-publica-en-dof-decreto-en-materia-de-plataformas-digitales","status":"publish","type":"post","link":"https:\/\/politicosaldesnudo.com.mx\/index.php\/2024\/12\/26\/se-publica-en-dof-decreto-en-materia-de-plataformas-digitales\/","title":{"rendered":"Se publica en DOF decreto en materia de plataformas digitales"},"content":{"rendered":"<p class=\"western\">La Secretar\u00eda del Trabajo y Previsi\u00f3n Social (STPS) public\u00f3 en el Diario Oficial de la Federaci\u00f3n (DOF) el decreto por el que se adicionan diversas disposiciones de la Ley Federal del Trabajo que permite a quienes se emplean en plataformas digitales tener acceso a seguridad social y derechos laborales.<\/p>\n<p class=\"western\">Los cambios a la ley entrar\u00e1n en vigor 180 d\u00edas despu\u00e9s de su publicaci\u00f3n en el DOF, y el Consejo T\u00e9cnico del IMSS y, en su caso, el Consejo de Administraci\u00f3n del Infonavit, deber\u00e1n dar a conocer dentro de los cinco d\u00edas siguientes las reglas de car\u00e1cter general que garanticen el cumplimiento de la norma, a trav\u00e9s de una prueba piloto de participaci\u00f3n obligatoria para el aseguramiento de estos trabajadores.<\/p>\n<p class=\"western\">Asimismo, el IMSS contar\u00e1 con un plazo de 180 d\u00edas naturales, contados a partir de la publicaci\u00f3n de las reglas de car\u00e1cter general, para que considerando los resultados que arroje la prueba piloto se preparen las iniciativas que con mayor detalle definir\u00e1n los aspectos relativos al cumplimiento de la ley, mismas que ser\u00e1n presentadas ante el Poder Legislativo para su discusi\u00f3n.<\/p>\n<p class=\"western\">En tanto que, en su caso, el Infonavit podr\u00e1 proponer adecuaciones normativas equivalentes en el \u00e1mbito de su competencia.<\/p>\n<p class=\"western\">De acuerdo con el decreto, de igual manera, la STPS podr\u00e1 recopilar, elaborar, procesar y divulgar informaci\u00f3n con el fin de facilitar la comprensi\u00f3n de los derechos y obligaciones que se desprendan de las relaciones de trabajo en plataformas digitales.<\/p>\n","protected":false},"excerpt":{"rendered":"<p>La Secretar\u00eda del Trabajo y Previsi\u00f3n Social (STPS) public\u00f3 en el Diario Oficial de la Federaci\u00f3n (DOF) el decreto por<\/p>\n","protected":false},"author":4,"featured_media":53091,"comment_status":"closed","ping_status":"closed","sticky":false,"template":"","format":"standard","meta":{"colormag_page_container_layout":"default_layout","colormag_page_sidebar_layout":"default_layout","_jetpack_memberships_contains_paid_content":false,"footnotes":"","jetpack_publicize_message":"","jetpack_publicize_feature_enabled":true,"jetpack_social_post_already_shared":false,"jetpack_social_options":{"image_generator_settings":{"template":"highway","default_image_id":0,"font":"","enabled":false},"version":2}},"categories":[33],"tags":[],"class_list":["post-53090","post","type-post","status-publish","format-standard","has-post-thumbnail","hentry","category-nacional"],"jetpack_publicize_connections":[],"jetpack_featured_media_url":"https:\/\/i0.wp.com\/politicosaldesnudo.com.mx\/wp-content\/uploads\/2024\/12\/regularizacion-de-aplicaciones-y-plataformas-de-repartidores.jpg?fit=700%2C400&ssl=1","jetpack-related-posts":[],"jetpack_sharing_enabled":true,"_links":{"self":[{"href":"https:\/\/politicosaldesnudo.com.mx\/index.php\/wp-json\/wp\/v2\/posts\/53090","targetHints":{"allow":["GET"]}}],"collection":[{"href":"https:\/\/politicosaldesnudo.com.mx\/index.php\/wp-json\/wp\/v2\/posts"}],"about":[{"href":"https:\/\/politicosaldesnudo.com.mx\/index.php\/wp-json\/wp\/v2\/types\/post"}],"author":[{"embeddable":true,"href":"https:\/\/politicosaldesnudo.com.mx\/index.php\/wp-json\/wp\/v2\/users\/4"}],"replies":[{"embeddable":true,"href":"https:\/\/politicosaldesnudo.com.mx\/index.php\/wp-json\/wp\/v2\/comments?post=53090"}],"version-history":[{"count":0,"href":"https:\/\/politicosaldesnudo.com.mx\/index.php\/wp-json\/wp\/v2\/posts\/53090\/revisions"}],"wp:featuredmedia":[{"embeddable":true,"href":"https:\/\/politicosaldesnudo.com.mx\/index.php\/wp-json\/wp\/v2\/media\/53091"}],"wp:attachment":[{"href":"https:\/\/politicosaldesnudo.com.mx\/index.php\/wp-json\/wp\/v2\/media?parent=53090"}],"wp:term":[{"taxonomy":"category","embeddable":true,"href":"https:\/\/politicosaldesnudo.com.mx\/index.php\/wp-json\/wp\/v2\/categories?post=53090"},{"taxonomy":"post_tag","embeddable":true,"href":"https:\/\/politicosaldesnudo.com.mx\/index.php\/wp-json\/wp\/v2\/tags?post=53090"}],"curies":[{"name":"wp","href":"https:\/\/api.w.org\/{rel}","templated":true}]}}