{"id":53143,"date":"2024-12-27T00:03:58","date_gmt":"2024-12-27T06:03:58","guid":{"rendered":"https:\/\/politicosaldesnudo.com.mx\/?p=53143"},"modified":"2024-12-26T23:23:47","modified_gmt":"2024-12-27T05:23:47","slug":"se-acaban-hologramas-en-verificentros","status":"publish","type":"post","link":"https:\/\/politicosaldesnudo.com.mx\/index.php\/2024\/12\/27\/se-acaban-hologramas-en-verificentros\/","title":{"rendered":"Se acaban hologramas en verificentros"},"content":{"rendered":"<p>Comienza la desesperaci\u00f3n entre los ciudadanos que a\u00fan no cumplen con la obligaci\u00f3n de verificar sus veh\u00edculos, ya que el beneficio en descuento de multas y recargos en los verificentros es solo hasta el martes 31 de diciembre, sin embargo de los lugares autorizados en el municipio tuxpe\u00f1o dos ya no cuentan con hologramas, informando a los interesados que lo m\u00e1s seguro es que ya no lleguen hasta el pr\u00f3ximo a\u00f1o.<\/p>\n<p>Ante ello muchos han buscado municipios vecinos como \u00c1lamo y Poza Rica, con el objetivo de pagar \u00fanicamente 456 pesos por cada semestre, por lo que quienes no lo hagan, a partir de enero ya tendr\u00e1n que cubrir una cantidad mayor.<\/p>\n<p>Otra de las situaciones de quienes no cumplan con sus verificaciones 2024, es que no podr\u00e1n gozar de los beneficios de omitir la tenencia en el 2025, ya que solo quienes est\u00e9n al corriente y cuenten con todos los requisitos (siendo uno de ellos las verificaciones) pagar\u00e1n el derecho vehicular que es m\u00e1s econ\u00f3mico que una tenencia.<\/p>\n<p>Ante esta situaci\u00f3n ciudadanos con dicha obligaci\u00f3n piden a las autoridades estatales de la Secretar\u00eda de Finanzas y Planeaci\u00f3n, que env\u00eden m\u00e1s hologramas o brinden una pr\u00f3rroga para que todos puedan cumplir.<\/p>\n<p>Es importante destacar que, seg\u00fan el calendario de verificaci\u00f3n vehicular en Veracruz, la verificaci\u00f3n debe realizarse cada semestre y se organiza dependiendo del \u00faltimo d\u00edgito de la placa de los veh\u00edculos. Adem\u00e1s, es fundamental recordar que la verificaci\u00f3n vehicular es obligatoria para todos los propietarios de veh\u00edculos registrados en el estado de Veracruz que utilicen gasolina, di\u00e9sel, gas L.P. o gas natural.<\/p>\n","protected":false},"excerpt":{"rendered":"<p>Comienza la desesperaci\u00f3n entre los ciudadanos que a\u00fan no cumplen con la obligaci\u00f3n de verificar sus veh\u00edculos, ya que el<\/p>\n","protected":false},"author":4,"featured_media":53144,"comment_status":"closed","ping_status":"closed","sticky":false,"template":"","format":"standard","meta":{"colormag_page_container_layout":"default_layout","colormag_page_sidebar_layout":"default_layout","_jetpack_memberships_contains_paid_content":false,"footnotes":"","jetpack_publicize_message":"","jetpack_publicize_feature_enabled":true,"jetpack_social_post_already_shared":false,"jetpack_social_options":{"image_generator_settings":{"template":"highway","default_image_id":0,"font":"","enabled":false},"version":2}},"categories":[1082],"tags":[],"class_list":["post-53143","post","type-post","status-publish","format-standard","has-post-thumbnail","hentry","category-tuxpan"],"jetpack_publicize_connections":[],"jetpack_featured_media_url":"https:\/\/i0.wp.com\/politicosaldesnudo.com.mx\/wp-content\/uploads\/2024\/12\/3a-3.jpg?fit=1080%2C810&ssl=1","jetpack-related-posts":[],"jetpack_sharing_enabled":true,"_links":{"self":[{"href":"https:\/\/politicosaldesnudo.com.mx\/index.php\/wp-json\/wp\/v2\/posts\/53143","targetHints":{"allow":["GET"]}}],"collection":[{"href":"https:\/\/politicosaldesnudo.com.mx\/index.php\/wp-json\/wp\/v2\/posts"}],"about":[{"href":"https:\/\/politicosaldesnudo.com.mx\/index.php\/wp-json\/wp\/v2\/types\/post"}],"author":[{"embeddable":true,"href":"https:\/\/politicosaldesnudo.com.mx\/index.php\/wp-json\/wp\/v2\/users\/4"}],"replies":[{"embeddable":true,"href":"https:\/\/politicosaldesnudo.com.mx\/index.php\/wp-json\/wp\/v2\/comments?post=53143"}],"version-history":[{"count":0,"href":"https:\/\/politicosaldesnudo.com.mx\/index.php\/wp-json\/wp\/v2\/posts\/53143\/revisions"}],"wp:featuredmedia":[{"embeddable":true,"href":"https:\/\/politicosaldesnudo.com.mx\/index.php\/wp-json\/wp\/v2\/media\/53144"}],"wp:attachment":[{"href":"https:\/\/politicosaldesnudo.com.mx\/index.php\/wp-json\/wp\/v2\/media?parent=53143"}],"wp:term":[{"taxonomy":"category","embeddable":true,"href":"https:\/\/politicosaldesnudo.com.mx\/index.php\/wp-json\/wp\/v2\/categories?post=53143"},{"taxonomy":"post_tag","embeddable":true,"href":"https:\/\/politicosaldesnudo.com.mx\/index.php\/wp-json\/wp\/v2\/tags?post=53143"}],"curies":[{"name":"wp","href":"https:\/\/api.w.org\/{rel}","templated":true}]}}