{"id":53155,"date":"2024-12-27T00:04:12","date_gmt":"2024-12-27T06:04:12","guid":{"rendered":"https:\/\/politicosaldesnudo.com.mx\/?p=53155"},"modified":"2024-12-27T00:04:12","modified_gmt":"2024-12-27T06:04:12","slug":"formaliza-cjf-segunda-modificacion-al-plan-de-pensiones-para-jueces","status":"publish","type":"post","link":"https:\/\/politicosaldesnudo.com.mx\/index.php\/2024\/12\/27\/formaliza-cjf-segunda-modificacion-al-plan-de-pensiones-para-jueces\/","title":{"rendered":"Formaliza CJF segunda modificaci\u00f3n al plan de pensiones para jueces"},"content":{"rendered":"<p>El Consejo de la Judicatura Federal (CJF) formaliz\u00f3 su segunda modificaci\u00f3n al plan de pensiones complementarias para jueces y magistrados, lo que les da la posibilidad de solicitar su retiro anticipado y recibir de manera vitalicia servicios del Instituto de Seguridad y Servicios Sociales de los Trabajadores del Estado (Issste).<\/p>\n<p>Por medio de un acuerdo publicado este jueves en el Diario Oficial de la Federaci\u00f3n (DOF), el CJF estableci\u00f3 que bastar\u00e1 que tengan seis a\u00f1os ejerciendo funciones de impartidores de justicia y al menos 25 a\u00f1os de servicio, para que magistrados de circuito y jueces de distrito puedan pedir su retiro voluntario.<\/p>\n<p>Adem\u00e1s, se indica que las personas juzgadoras que no cumplan los 25 a\u00f1os de servicio en el Poder Judicial de la Federaci\u00f3n, pero que cuenten con alguna de las pensiones otorgadas por la Ley del Issste, y tengan seis a\u00f1os ejerciendo funciones como persona titular de un \u00f3rgano jurisdiccional, \u201cpodr\u00e1n jubilarse anticipadamente con un porcentaje de pensi\u00f3n complementaria que disminuir\u00e1 en un punto porcentual progresivamente conforme disminuyan los a\u00f1os de servicio\u00bb.<\/p>\n<p>Desde septiembre, en una primera reforma de diversas disposiciones relacionadas con el Plan de Pensiones Complementarias, se ampliaron los beneficios para jueces y magistrados que tengan derecho a una pensi\u00f3n del Issste con menos de 55 a\u00f1os de edad y elimin\u00f3 el requisito de ratificaci\u00f3n en el cargo, pero con esta segunda publicaci\u00f3n en el DOF se ajusta nuevamente la disposici\u00f3n.<\/p>\n<p>Ambas modificaciones del plan de pensiones complementarias fueron aprobadas por el CJF, luego de la entrada en vigor de la reforma constitucional al Poder Judicial de la Federaci\u00f3n en la que se define la elecci\u00f3n de juzgadores por medio del voto popular. Previo a ello, la regulaci\u00f3n se\u00f1alaba que para la jubilaci\u00f3n anticipada, requer\u00edan tener \u201cm\u00ednimo 65 a\u00f1os de edad y 25 de servicios, y cuyos beneficiarios reciben una pensi\u00f3n complementaria determinada aritm\u00e9ticamente en raz\u00f3n de los a\u00f1os de servicio y la edad\u201d.<\/p>\n","protected":false},"excerpt":{"rendered":"<p>El Consejo de la Judicatura Federal (CJF) formaliz\u00f3 su segunda modificaci\u00f3n al plan de pensiones complementarias para jueces y magistrados,<\/p>\n","protected":false},"author":4,"featured_media":53156,"comment_status":"closed","ping_status":"closed","sticky":false,"template":"","format":"standard","meta":{"colormag_page_container_layout":"default_layout","colormag_page_sidebar_layout":"default_layout","_jetpack_memberships_contains_paid_content":false,"footnotes":"","jetpack_publicize_message":"","jetpack_publicize_feature_enabled":true,"jetpack_social_post_already_shared":false,"jetpack_social_options":{"image_generator_settings":{"template":"highway","default_image_id":0,"font":"","enabled":false},"version":2}},"categories":[33],"tags":[],"class_list":["post-53155","post","type-post","status-publish","format-standard","has-post-thumbnail","hentry","category-nacional"],"jetpack_publicize_connections":[],"jetpack_featured_media_url":"https:\/\/i0.wp.com\/politicosaldesnudo.com.mx\/wp-content\/uploads\/2024\/12\/Imagen-de-WhatsApp-2024-11-01-a-las-11.36.32_124e3625.jpg?fit=744%2C402&ssl=1","jetpack-related-posts":[],"jetpack_sharing_enabled":true,"_links":{"self":[{"href":"https:\/\/politicosaldesnudo.com.mx\/index.php\/wp-json\/wp\/v2\/posts\/53155","targetHints":{"allow":["GET"]}}],"collection":[{"href":"https:\/\/politicosaldesnudo.com.mx\/index.php\/wp-json\/wp\/v2\/posts"}],"about":[{"href":"https:\/\/politicosaldesnudo.com.mx\/index.php\/wp-json\/wp\/v2\/types\/post"}],"author":[{"embeddable":true,"href":"https:\/\/politicosaldesnudo.com.mx\/index.php\/wp-json\/wp\/v2\/users\/4"}],"replies":[{"embeddable":true,"href":"https:\/\/politicosaldesnudo.com.mx\/index.php\/wp-json\/wp\/v2\/comments?post=53155"}],"version-history":[{"count":0,"href":"https:\/\/politicosaldesnudo.com.mx\/index.php\/wp-json\/wp\/v2\/posts\/53155\/revisions"}],"wp:featuredmedia":[{"embeddable":true,"href":"https:\/\/politicosaldesnudo.com.mx\/index.php\/wp-json\/wp\/v2\/media\/53156"}],"wp:attachment":[{"href":"https:\/\/politicosaldesnudo.com.mx\/index.php\/wp-json\/wp\/v2\/media?parent=53155"}],"wp:term":[{"taxonomy":"category","embeddable":true,"href":"https:\/\/politicosaldesnudo.com.mx\/index.php\/wp-json\/wp\/v2\/categories?post=53155"},{"taxonomy":"post_tag","embeddable":true,"href":"https:\/\/politicosaldesnudo.com.mx\/index.php\/wp-json\/wp\/v2\/tags?post=53155"}],"curies":[{"name":"wp","href":"https:\/\/api.w.org\/{rel}","templated":true}]}}