{"id":53165,"date":"2024-12-27T00:10:29","date_gmt":"2024-12-27T06:10:29","guid":{"rendered":"https:\/\/politicosaldesnudo.com.mx\/?p=53165"},"modified":"2024-12-27T00:10:29","modified_gmt":"2024-12-27T06:10:29","slug":"ift-regalo-concesiones-previo-a-cerrar-pero-no-procederan-advierte-sheinbaum","status":"publish","type":"post","link":"https:\/\/politicosaldesnudo.com.mx\/index.php\/2024\/12\/27\/ift-regalo-concesiones-previo-a-cerrar-pero-no-procederan-advierte-sheinbaum\/","title":{"rendered":"IFT regal\u00f3 concesiones previo a cerrar, pero no proceder\u00e1n, advierte Sheinbaum"},"content":{"rendered":"<p>La presidenta Claudia Sheinbaum Pardo inform\u00f3 que \u201cse van echar para atr\u00e1s\u201d las \u00faltimas concesiones \u201cque nos regal\u00f3\u201d el Instituto Federal de Telecomunicaciones \u201cantes de cerrar\u201d, queriendo dar un \u201calbazo\u201d.<\/p>\n<p>Dijo que en la ma\u00f1anera del pueblo se abundar\u00e1 sobre este tema, pero \u201cno va a proceder. Vamos a explicar lo que hicieron\u201d.<\/p>\n<p>Tras la publicaci\u00f3n del decreto en materia de simplificaci\u00f3n administrativa con el que siete organismos aut\u00f3nomos desaparecen -INAI, Coneval, COFECE, IFT, Comisi\u00f3n Reguladora de Energ\u00eda, la de Mejora Continua de la Educaci\u00f3n y la de Hidrocarburos- dijo que se crear\u00e1 \u201cun organismo descentralizado mucho m\u00e1s peque\u00f1o, que cumplir\u00e1 con su funci\u00f3n y no tendr\u00e1 las grandes erogaciones del pasado\u201d.<\/p>\n<p>Resalt\u00f3 que ni CFE ni PEMEX no son monopolios por ser empresas p\u00fablicas, de acuerdo con el 28 constitucional.<\/p>\n<p>Sobre la desaparici\u00f3n del INAI, dijo que la secretaria de Anticorrupci\u00f3n y Buen Gobierno, Raquel Buenrostro, explicar\u00e1 en la ma\u00f1anera \u201cc\u00f3mo se incorpora todo lo que se requiere para la transparencia, que ser\u00e1 fortalecido en el gobierno en otras \u00e1reas\u201d.<\/p>\n<p>En cuanto a la Comisi\u00f3n Reguladora de Energ\u00eda, \u201crealmente con muchos problemas\u201d, dijo que pasa a ser parte de la Secretar\u00eda de Energ\u00eda. \u201cUn \u00f3rgano desconcentrado va a tener a su cargo los permisos y viene una ley secundaria tambi\u00e9n para poderlo garantizar\u201d.<\/p>\n<p>Se\u00f1al\u00f3 que es falso que con la desaparici\u00f3n de los organismos aut\u00f3nomos \u201cel autoritarismo lleg\u00f3 al pa\u00eds\u201d, como se ha estado diciendo.<\/p>\n<p>\u201cSi fu\u00e9ramos un gobierno autoritario, pues no habr\u00eda ni libertad de expresi\u00f3n ni de reuni\u00f3n, ni de manifestaci\u00f3n\u201d, se\u00f1al\u00f3.<\/p>\n<p>La mandataria manifest\u00f3 que con el cambio constitucional sobre los organismos aut\u00f3nomos \u201cse dejaron venir toda clase de, yo no dir\u00eda cr\u00edticas, si no de mentiras\u201d.<\/p>\n<p>Entre otras, advirti\u00f3 que se habla de reducci\u00f3n en el presupuesto de salud, cuando \u201cahora est\u00e1 en el IMSS Bienestar, porque ya no hay INSABI\u201d.<\/p>\n<p>Precis\u00f3 que tampoco bajaron los recursos para educaci\u00f3n ni para seguridad. Reiter\u00f3 que \u201cse cerraron proyectos estrat\u00e9gicos del presidente (Andr\u00e9s Manuel) L\u00f3pez Obrador para el 2025, inician los nuevos proyectos estrat\u00e9gicos y se requiere un tiempo para hacer los proyectos ejecutivos\u201d.<\/p>\n<p>Dijo que \u201cva a irse incrementando, al paso de los a\u00f1os, el presupuesto para el agua potable\u201d.<\/p>\n<p>Tambi\u00e9n mencion\u00f3 que hay m\u00e1s presupuesto para vivienda y se van a desarrollar, subray\u00f3, trenes, carreteras, proyectos de agua, entre otros.<\/p>\n<p>Por otro lado, la presidenta confi\u00f3 terminar su libro en los primeros d\u00edas de enero, \u201ca ver si alguien se interesa en publicarlo. Se llama diario de una transici\u00f3n hist\u00f3rica\u201d.<\/p>\n","protected":false},"excerpt":{"rendered":"<p>La presidenta Claudia Sheinbaum Pardo inform\u00f3 que \u201cse van echar para atr\u00e1s\u201d las \u00faltimas concesiones \u201cque nos regal\u00f3\u201d el Instituto<\/p>\n","protected":false},"author":4,"featured_media":53166,"comment_status":"closed","ping_status":"closed","sticky":false,"template":"","format":"standard","meta":{"colormag_page_container_layout":"default_layout","colormag_page_sidebar_layout":"default_layout","_jetpack_memberships_contains_paid_content":false,"footnotes":"","jetpack_publicize_message":"","jetpack_publicize_feature_enabled":true,"jetpack_social_post_already_shared":false,"jetpack_social_options":{"image_generator_settings":{"template":"highway","default_image_id":0,"font":"","enabled":false},"version":2}},"categories":[2050],"tags":[],"class_list":["post-53165","post","type-post","status-publish","format-standard","has-post-thumbnail","hentry","category-economia"],"jetpack_publicize_connections":[],"jetpack_featured_media_url":"https:\/\/i0.wp.com\/politicosaldesnudo.com.mx\/wp-content\/uploads\/2024\/12\/sheinbaum-acusa-que-el-ift-dio-conseciones-de-ultimo-minuto.jpg?fit=1200%2C633&ssl=1","jetpack-related-posts":[],"jetpack_sharing_enabled":true,"_links":{"self":[{"href":"https:\/\/politicosaldesnudo.com.mx\/index.php\/wp-json\/wp\/v2\/posts\/53165","targetHints":{"allow":["GET"]}}],"collection":[{"href":"https:\/\/politicosaldesnudo.com.mx\/index.php\/wp-json\/wp\/v2\/posts"}],"about":[{"href":"https:\/\/politicosaldesnudo.com.mx\/index.php\/wp-json\/wp\/v2\/types\/post"}],"author":[{"embeddable":true,"href":"https:\/\/politicosaldesnudo.com.mx\/index.php\/wp-json\/wp\/v2\/users\/4"}],"replies":[{"embeddable":true,"href":"https:\/\/politicosaldesnudo.com.mx\/index.php\/wp-json\/wp\/v2\/comments?post=53165"}],"version-history":[{"count":0,"href":"https:\/\/politicosaldesnudo.com.mx\/index.php\/wp-json\/wp\/v2\/posts\/53165\/revisions"}],"wp:featuredmedia":[{"embeddable":true,"href":"https:\/\/politicosaldesnudo.com.mx\/index.php\/wp-json\/wp\/v2\/media\/53166"}],"wp:attachment":[{"href":"https:\/\/politicosaldesnudo.com.mx\/index.php\/wp-json\/wp\/v2\/media?parent=53165"}],"wp:term":[{"taxonomy":"category","embeddable":true,"href":"https:\/\/politicosaldesnudo.com.mx\/index.php\/wp-json\/wp\/v2\/categories?post=53165"},{"taxonomy":"post_tag","embeddable":true,"href":"https:\/\/politicosaldesnudo.com.mx\/index.php\/wp-json\/wp\/v2\/tags?post=53165"}],"curies":[{"name":"wp","href":"https:\/\/api.w.org\/{rel}","templated":true}]}}