{"id":53240,"date":"2024-12-28T00:29:22","date_gmt":"2024-12-28T06:29:22","guid":{"rendered":"https:\/\/politicosaldesnudo.com.mx\/?p=53240"},"modified":"2024-12-28T00:29:22","modified_gmt":"2024-12-28T06:29:22","slug":"diputados-de-nl-piden-designar-recursos-para-atender-a-deportados-de-eu","status":"publish","type":"post","link":"https:\/\/politicosaldesnudo.com.mx\/index.php\/2024\/12\/28\/diputados-de-nl-piden-designar-recursos-para-atender-a-deportados-de-eu\/","title":{"rendered":"Diputados de NL piden designar recursos para atender a deportados de EU"},"content":{"rendered":"<p><em>Monterrey, NL.<\/em><\/p>\n<p>Ante la inminente oleada de migrantes, por las nuevas pol\u00edticas p\u00fablicas que el Presidente electo de Estados Unidos, Donald Trump, anunci\u00f3 y que se dar\u00edan a partir de enero pr\u00f3ximo, los diputados locales aseguran que se debe agregar una partida en el Presupuesto para que Nuevo Le\u00f3n pueda atender cualquier problem\u00e1tica que se presente.<\/p>\n<p>Greta Barra Hern\u00e1ndez, diputada local de Morena, indic\u00f3 que, aunque las organizaciones civiles ya est\u00e1n haciendo su trabajo, el Ejecutivo y el Legislativo se tienen que sumar para salvaguardar los derechos de los migrantes y de los nuevoleoneses y es por eso que propondr\u00e1 hacer un apartado en el presupuesto para este tema, en la pr\u00f3xima sesi\u00f3n en enero.<\/p>\n<p>\u201cNuevo Le\u00f3n tiene que ver una planeaci\u00f3n espec\u00edfica junto a otros estados que est\u00e1n en zonas fronterizas y el Estado tendr\u00eda que destinarle presupuesto espec\u00edfico en ese tema de las personas migrantes.<\/p>\n<p>\u201cAunque tenemos un problema con el tema del presupuesto, que no se ha aprobado, creo que ante esta situaci\u00f3n que va a suceder debemos asegurarnos que si vamos a dialogar en enero sobre el presupuesto, hay que considerar una partida para este tema, porque Nuevo Le\u00f3n se va a ver impactado\u201d, dijo Barra Hern\u00e1ndez.<\/p>\n<p>Puntualiz\u00f3 que tambi\u00e9n se tiene que coordinar con la Federaci\u00f3n, ya que actualmente el Gobierno Federal est\u00e1 trabajando en diferentes pol\u00edticas p\u00fablicas para amortiguar el impacto del retorno de migrantes.<\/p>\n<p>Al igual que debe de coordinarse con otros gobiernos estatales, como lo son Coahuila y Tamaulipas, para ver c\u00f3mo manejar de manera regional esta problem\u00e1tica que se avecina.<\/p>\n<p>\u201cTiene que haber una colaboraci\u00f3n con el gobierno federal, pero tambi\u00e9n entre estados; todos los estados del norte que son fronterizos deben de tener una pol\u00edtica p\u00fablica consensuada, porque es muy importante\u201d, agreg\u00f3 la legisladora.<\/p>\n<p>En este sentido coincidi\u00f3 la diputada emecista, Sandra P\u00e1manes Ortiz, ya que asegur\u00f3 que aunque el tema de migraci\u00f3n es principalmente federal, los estados deben de colaborar para hacer m\u00e1s f\u00e1cil la tarea.<\/p>\n<p>\u201cEs un tema coordinado, porque el tema de la migraci\u00f3n le corresponde principalmente al Gobierno Federal a trav\u00e9s del Instituto Nacional de Migraci\u00f3n, que son quienes deben llevar el control de las personas que entran y viajan por el pa\u00eds.<\/p>\n<p>\u201cPero s\u00ed es una labor que tambi\u00e9n tiene que realizar el gobierno del Estado y se ha hecho a trav\u00e9s de la Secretar\u00eda del Trabajo y de la Secretar\u00eda de Igualdad e Inclusi\u00f3n\u201d, dijo P\u00e1manes Ortiz.<\/p>\n<p>Luego de que Donald Trump ganara las elecciones presidenciales en el pa\u00eds vecino, migrantes que ya cruzaron la frontera y aquellos que estaban a la espera para poder hacerlo est\u00e1n decidiendo regresar, lo que har\u00e1 que pasen por Nuevo Le\u00f3n y algunos quieran quedarse en el estado, expuso la legisladora naranja.<\/p>\n","protected":false},"excerpt":{"rendered":"<p>Monterrey, NL. Ante la inminente oleada de migrantes, por las nuevas pol\u00edticas p\u00fablicas que el Presidente electo de Estados Unidos,<\/p>\n","protected":false},"author":4,"featured_media":53241,"comment_status":"closed","ping_status":"closed","sticky":false,"template":"","format":"standard","meta":{"colormag_page_container_layout":"default_layout","colormag_page_sidebar_layout":"default_layout","_jetpack_memberships_contains_paid_content":false,"footnotes":"","jetpack_publicize_message":"","jetpack_publicize_feature_enabled":true,"jetpack_social_post_already_shared":false,"jetpack_social_options":{"image_generator_settings":{"template":"highway","default_image_id":0,"font":"","enabled":false},"version":2}},"categories":[30],"tags":[],"class_list":["post-53240","post","type-post","status-publish","format-standard","has-post-thumbnail","hentry","category-estados"],"jetpack_publicize_connections":[],"jetpack_featured_media_url":"https:\/\/i0.wp.com\/politicosaldesnudo.com.mx\/wp-content\/uploads\/2024\/12\/60ca1fa7-38de-4b67-a2ec-b4ae2d54864d-AP23293813246983.jpg?fit=648%2C364&ssl=1","jetpack-related-posts":[],"jetpack_sharing_enabled":true,"_links":{"self":[{"href":"https:\/\/politicosaldesnudo.com.mx\/index.php\/wp-json\/wp\/v2\/posts\/53240","targetHints":{"allow":["GET"]}}],"collection":[{"href":"https:\/\/politicosaldesnudo.com.mx\/index.php\/wp-json\/wp\/v2\/posts"}],"about":[{"href":"https:\/\/politicosaldesnudo.com.mx\/index.php\/wp-json\/wp\/v2\/types\/post"}],"author":[{"embeddable":true,"href":"https:\/\/politicosaldesnudo.com.mx\/index.php\/wp-json\/wp\/v2\/users\/4"}],"replies":[{"embeddable":true,"href":"https:\/\/politicosaldesnudo.com.mx\/index.php\/wp-json\/wp\/v2\/comments?post=53240"}],"version-history":[{"count":0,"href":"https:\/\/politicosaldesnudo.com.mx\/index.php\/wp-json\/wp\/v2\/posts\/53240\/revisions"}],"wp:featuredmedia":[{"embeddable":true,"href":"https:\/\/politicosaldesnudo.com.mx\/index.php\/wp-json\/wp\/v2\/media\/53241"}],"wp:attachment":[{"href":"https:\/\/politicosaldesnudo.com.mx\/index.php\/wp-json\/wp\/v2\/media?parent=53240"}],"wp:term":[{"taxonomy":"category","embeddable":true,"href":"https:\/\/politicosaldesnudo.com.mx\/index.php\/wp-json\/wp\/v2\/categories?post=53240"},{"taxonomy":"post_tag","embeddable":true,"href":"https:\/\/politicosaldesnudo.com.mx\/index.php\/wp-json\/wp\/v2\/tags?post=53240"}],"curies":[{"name":"wp","href":"https:\/\/api.w.org\/{rel}","templated":true}]}}