{"id":53249,"date":"2024-12-28T00:34:14","date_gmt":"2024-12-28T06:34:14","guid":{"rendered":"https:\/\/politicosaldesnudo.com.mx\/?p=53249"},"modified":"2024-12-28T00:34:14","modified_gmt":"2024-12-28T06:34:14","slug":"anuncia-caem-afectaciones-a-suministro-de-agua-en-4-municipios-de-edomex","status":"publish","type":"post","link":"https:\/\/politicosaldesnudo.com.mx\/index.php\/2024\/12\/28\/anuncia-caem-afectaciones-a-suministro-de-agua-en-4-municipios-de-edomex\/","title":{"rendered":"Anuncia Caem afectaciones a suministro de agua en 4 municipios de Edomex"},"content":{"rendered":"<p><em>Tultepec. M\u00e9x.<\/em><\/p>\n<p>La Comisi\u00f3n del Agua del Estado de M\u00e9xico (Caem) informa que desde el jueves 26 de diciembre y durante siete d\u00edas, las alcald\u00edas de Tultepec, Tultitl\u00e1n, Tlalnepantla y Cuautitl\u00e1n Izcalli ser\u00e1n las afectadas por el corte al suministro de agua potable debido a trabajos de reubicaci\u00f3n de un tramo del Acueducto Los Reyes-Ferrocarril, como parte de las obras de la ampliaci\u00f3n \u00a0Tren Suburbano al Aeropuerto Internacional Felipe \u00c1ngeles (AIFA); lo que podr\u00eda afectar a 600 mil habitantes.<\/p>\n<p>La Comisi\u00f3n del Agua del Estado de M\u00e9xico inform\u00f3 que ante el corte programado por la Comisi\u00f3n Nacional del Agua (Conagua), iniciado el jueves de esta semana, destina 30 camiones tipo cisterna a los municipios de Tultitl\u00e1n, Tultepec, Tlalnepantla y Cuautitl\u00e1n Izcalli, que distribuir\u00e1n agua potable a las colonias afectadas.<\/p>\n<p>Destac\u00f3 que mantiene coordinaci\u00f3n estrecha con los organismos operadores de los municipios se\u00f1alados para priorizar las necesidades y atender cualquier solicitud relacionada con el suministro temporal de agua. Hasta este viernes, la Caem no hab\u00eda recibido requerimientos adicionales, ya que los municipios cuentan con fuentes propias de abastecimiento, aclar\u00f3 la dependencia estatal.<\/p>\n","protected":false},"excerpt":{"rendered":"<p>Tultepec. M\u00e9x. La Comisi\u00f3n del Agua del Estado de M\u00e9xico (Caem) informa que desde el jueves 26 de diciembre y<\/p>\n","protected":false},"author":4,"featured_media":53250,"comment_status":"closed","ping_status":"closed","sticky":false,"template":"","format":"standard","meta":{"colormag_page_container_layout":"default_layout","colormag_page_sidebar_layout":"default_layout","_jetpack_memberships_contains_paid_content":false,"footnotes":"","jetpack_publicize_message":"","jetpack_publicize_feature_enabled":true,"jetpack_social_post_already_shared":false,"jetpack_social_options":{"image_generator_settings":{"template":"highway","default_image_id":0,"font":"","enabled":false},"version":2}},"categories":[30],"tags":[],"class_list":["post-53249","post","type-post","status-publish","format-standard","has-post-thumbnail","hentry","category-estados"],"jetpack_publicize_connections":[],"jetpack_featured_media_url":"https:\/\/i0.wp.com\/politicosaldesnudo.com.mx\/wp-content\/uploads\/2024\/12\/corte-agua-tultepec-tultitlan-edomex.jpg?fit=1200%2C633&ssl=1","jetpack-related-posts":[],"jetpack_sharing_enabled":true,"_links":{"self":[{"href":"https:\/\/politicosaldesnudo.com.mx\/index.php\/wp-json\/wp\/v2\/posts\/53249","targetHints":{"allow":["GET"]}}],"collection":[{"href":"https:\/\/politicosaldesnudo.com.mx\/index.php\/wp-json\/wp\/v2\/posts"}],"about":[{"href":"https:\/\/politicosaldesnudo.com.mx\/index.php\/wp-json\/wp\/v2\/types\/post"}],"author":[{"embeddable":true,"href":"https:\/\/politicosaldesnudo.com.mx\/index.php\/wp-json\/wp\/v2\/users\/4"}],"replies":[{"embeddable":true,"href":"https:\/\/politicosaldesnudo.com.mx\/index.php\/wp-json\/wp\/v2\/comments?post=53249"}],"version-history":[{"count":0,"href":"https:\/\/politicosaldesnudo.com.mx\/index.php\/wp-json\/wp\/v2\/posts\/53249\/revisions"}],"wp:featuredmedia":[{"embeddable":true,"href":"https:\/\/politicosaldesnudo.com.mx\/index.php\/wp-json\/wp\/v2\/media\/53250"}],"wp:attachment":[{"href":"https:\/\/politicosaldesnudo.com.mx\/index.php\/wp-json\/wp\/v2\/media?parent=53249"}],"wp:term":[{"taxonomy":"category","embeddable":true,"href":"https:\/\/politicosaldesnudo.com.mx\/index.php\/wp-json\/wp\/v2\/categories?post=53249"},{"taxonomy":"post_tag","embeddable":true,"href":"https:\/\/politicosaldesnudo.com.mx\/index.php\/wp-json\/wp\/v2\/tags?post=53249"}],"curies":[{"name":"wp","href":"https:\/\/api.w.org\/{rel}","templated":true}]}}