{"id":53255,"date":"2024-12-28T00:37:55","date_gmt":"2024-12-28T06:37:55","guid":{"rendered":"https:\/\/politicosaldesnudo.com.mx\/?p=53255"},"modified":"2024-12-28T00:37:55","modified_gmt":"2024-12-28T06:37:55","slug":"evo-morales-no-se-presenta-a-declarar-en-tribunal-de-bolivia","status":"publish","type":"post","link":"https:\/\/politicosaldesnudo.com.mx\/index.php\/2024\/12\/28\/evo-morales-no-se-presenta-a-declarar-en-tribunal-de-bolivia\/","title":{"rendered":"Evo Morales no se presenta a declarar en tribunal de Bolivia"},"content":{"rendered":"<p>Un tribunal de la regi\u00f3n boliviana de Tarija ha citado por edicto para el 14 de enero de 2025 al expresidente del pa\u00eds Evo Morales por un delito de trata agravada de personas tras no haberse presentado previamente a declarar en el marco del caso en su contra.<\/p>\n<p>\u00abPara la consideraci\u00f3n de la solicitud de aplicaci\u00f3n de medidas cautelares de car\u00e1cter personal (&#8230;) se se\u00f1ala audiencia p\u00fablica presencial para el martes, 14 de enero, a horas 9.30 (hora local), sea con noticia de la autoridad fiscal y dem\u00e1s sujetos procesales\u00bb, reza el edicto que ha emitido el juzgado, seg\u00fan ha recogido el diario &#8216;Correo del Sur&#8217;.<\/p>\n<p>Asimismo, se prev\u00e9 que durante dicha audiencia, el juez decida si el exmandatario enfrentar\u00eda el proceso en su contra en libertad o en prisi\u00f3n preventiva.<\/p>\n<p>Morales esta acusado de tr\u00e1fico de seres humanos por una relaci\u00f3n que mantuvo en 2015 con una entonces menor de edad, tambi\u00e9n en paradero desconocido, de la que naci\u00f3 un ni\u00f1a. Los progenitores de esta mejor est\u00e1n acusados tambi\u00e9n de los mismos cargos, ya que habr\u00edan lo consentido a cambio de favores pol\u00edticos. El padre est\u00e1 en prisi\u00f3n desde octubre, pero se desconoce d\u00f3nde est\u00e1 la madre.<\/p>\n<p>Desde hace varias semanas, Morales no sale del Tr\u00f3pico de Cochabamba, basti\u00f3n pol\u00edtico y social, en el que cuenta con el apoyo incondicional de decenas de organizaciones sindicales y campesinas.<\/p>\n<p>Su potencial arresto caldear\u00eda a\u00fan m\u00e1s los \u00e1nimos entre sus partidarios y los del presidente, Luis Arce. Ambos protagonizan desde hace a\u00f1os una enquistada disputa que divide a la izquierda de Bolivia y plantea serias dudas sobre el futuro pol\u00edtico del pa\u00eds.<\/p>\n","protected":false},"excerpt":{"rendered":"<p>Un tribunal de la regi\u00f3n boliviana de Tarija ha citado por edicto para el 14 de enero de 2025 al<\/p>\n","protected":false},"author":4,"featured_media":53256,"comment_status":"closed","ping_status":"closed","sticky":false,"template":"","format":"standard","meta":{"colormag_page_container_layout":"default_layout","colormag_page_sidebar_layout":"default_layout","_jetpack_memberships_contains_paid_content":false,"footnotes":"","jetpack_publicize_message":"","jetpack_publicize_feature_enabled":true,"jetpack_social_post_already_shared":false,"jetpack_social_options":{"image_generator_settings":{"template":"highway","default_image_id":0,"font":"","enabled":false},"version":2}},"categories":[28],"tags":[],"class_list":["post-53255","post","type-post","status-publish","format-standard","has-post-thumbnail","hentry","category-internacional"],"jetpack_publicize_connections":[],"jetpack_featured_media_url":"https:\/\/i0.wp.com\/politicosaldesnudo.com.mx\/wp-content\/uploads\/2024\/12\/70665744_605.jpg?fit=1199%2C674&ssl=1","jetpack-related-posts":[],"jetpack_sharing_enabled":true,"_links":{"self":[{"href":"https:\/\/politicosaldesnudo.com.mx\/index.php\/wp-json\/wp\/v2\/posts\/53255","targetHints":{"allow":["GET"]}}],"collection":[{"href":"https:\/\/politicosaldesnudo.com.mx\/index.php\/wp-json\/wp\/v2\/posts"}],"about":[{"href":"https:\/\/politicosaldesnudo.com.mx\/index.php\/wp-json\/wp\/v2\/types\/post"}],"author":[{"embeddable":true,"href":"https:\/\/politicosaldesnudo.com.mx\/index.php\/wp-json\/wp\/v2\/users\/4"}],"replies":[{"embeddable":true,"href":"https:\/\/politicosaldesnudo.com.mx\/index.php\/wp-json\/wp\/v2\/comments?post=53255"}],"version-history":[{"count":0,"href":"https:\/\/politicosaldesnudo.com.mx\/index.php\/wp-json\/wp\/v2\/posts\/53255\/revisions"}],"wp:featuredmedia":[{"embeddable":true,"href":"https:\/\/politicosaldesnudo.com.mx\/index.php\/wp-json\/wp\/v2\/media\/53256"}],"wp:attachment":[{"href":"https:\/\/politicosaldesnudo.com.mx\/index.php\/wp-json\/wp\/v2\/media?parent=53255"}],"wp:term":[{"taxonomy":"category","embeddable":true,"href":"https:\/\/politicosaldesnudo.com.mx\/index.php\/wp-json\/wp\/v2\/categories?post=53255"},{"taxonomy":"post_tag","embeddable":true,"href":"https:\/\/politicosaldesnudo.com.mx\/index.php\/wp-json\/wp\/v2\/tags?post=53255"}],"curies":[{"name":"wp","href":"https:\/\/api.w.org\/{rel}","templated":true}]}}