{"id":53258,"date":"2024-12-28T00:39:38","date_gmt":"2024-12-28T06:39:38","guid":{"rendered":"https:\/\/politicosaldesnudo.com.mx\/?p=53258"},"modified":"2024-12-28T00:39:38","modified_gmt":"2024-12-28T06:39:38","slug":"deporto-eu-a-mas-de-61-mil-guatemaltecos-en-2024","status":"publish","type":"post","link":"https:\/\/politicosaldesnudo.com.mx\/index.php\/2024\/12\/28\/deporto-eu-a-mas-de-61-mil-guatemaltecos-en-2024\/","title":{"rendered":"Deport\u00f3 EU a m\u00e1s de 61 mil guatemaltecos en 2024"},"content":{"rendered":"<p>Estados Unidos deport\u00f3 un r\u00e9cord de m\u00e1s de 61 mil guatemaltecos durante 2024, inform\u00f3 el Instituto de Migraci\u00f3n de Guatemala al recibir este viernes los \u00faltimos cuatro vuelos del a\u00f1o con expulsados.<\/p>\n<p>Los \u00faltimos cuatro vuelos aterrizaron en medio de expectativas sobre las pol\u00edticas migratorias que adoptar\u00e1 Donald Trump, quien el 20 de enero asumir\u00e1 por segunda vez la presidencia de Estados Unidos y quien ha prometido expulsiones masivas de migrantes.<\/p>\n<p>Del 3 de enero al 27 de diciembre, Estados Unidos deport\u00f3 a 61 mil 680 guatemaltecos. De ellos, 42 mil 049 son hombres, 14 mil 477 mujeres y el resto menores de 18 a\u00f1os, se\u00f1al\u00f3 Migraci\u00f3n en un informe.<\/p>\n<p>Los guatemaltecos regresaron al pa\u00eds a lo largo del a\u00f1o en 508 vuelos. En ellos retornaron 3 mil 785 grupos familiares, seg\u00fan el informe.<\/p>\n<p>Un equipo de la AFP observ\u00f3 la llegada de uno de los \u00faltimos cuatro vuelos de 2024 en el aeropuerto capitalino La Aurora procedente de Laredo, Texas, con m\u00e1s de un centenar de personas, la mayor\u00eda mujeres con hijos peque\u00f1os de la mano y en brazos.<\/p>\n<p>En 2023, Estados Unidos deport\u00f3 a 55 mil 302 guatemaltecos, lo que super\u00f3 el anterior r\u00e9cord de 2019, cuando fueron expulsados 54 mil 599.<\/p>\n<p>Miles de guatemaltecos emigran cada a\u00f1o de forma irregular a Estados Unidos para escapar de la violencia y la pobreza que afecta a seis de diez personas en este pa\u00eds de 17.8 millones de habitantes, seg\u00fan datos oficiales.<\/p>\n","protected":false},"excerpt":{"rendered":"<p>Estados Unidos deport\u00f3 un r\u00e9cord de m\u00e1s de 61 mil guatemaltecos durante 2024, inform\u00f3 el Instituto de Migraci\u00f3n de Guatemala<\/p>\n","protected":false},"author":4,"featured_media":53259,"comment_status":"closed","ping_status":"closed","sticky":false,"template":"","format":"standard","meta":{"colormag_page_container_layout":"default_layout","colormag_page_sidebar_layout":"default_layout","_jetpack_memberships_contains_paid_content":false,"footnotes":"","jetpack_publicize_message":"","jetpack_publicize_feature_enabled":true,"jetpack_social_post_already_shared":false,"jetpack_social_options":{"image_generator_settings":{"template":"highway","default_image_id":0,"font":"","enabled":false},"version":2}},"categories":[28],"tags":[],"class_list":["post-53258","post","type-post","status-publish","format-standard","has-post-thumbnail","hentry","category-internacional"],"jetpack_publicize_connections":[],"jetpack_featured_media_url":"https:\/\/i0.wp.com\/politicosaldesnudo.com.mx\/wp-content\/uploads\/2024\/12\/migrantes-guatemaltecos-deportados.jpg?fit=1920%2C1280&ssl=1","jetpack-related-posts":[],"jetpack_sharing_enabled":true,"_links":{"self":[{"href":"https:\/\/politicosaldesnudo.com.mx\/index.php\/wp-json\/wp\/v2\/posts\/53258","targetHints":{"allow":["GET"]}}],"collection":[{"href":"https:\/\/politicosaldesnudo.com.mx\/index.php\/wp-json\/wp\/v2\/posts"}],"about":[{"href":"https:\/\/politicosaldesnudo.com.mx\/index.php\/wp-json\/wp\/v2\/types\/post"}],"author":[{"embeddable":true,"href":"https:\/\/politicosaldesnudo.com.mx\/index.php\/wp-json\/wp\/v2\/users\/4"}],"replies":[{"embeddable":true,"href":"https:\/\/politicosaldesnudo.com.mx\/index.php\/wp-json\/wp\/v2\/comments?post=53258"}],"version-history":[{"count":0,"href":"https:\/\/politicosaldesnudo.com.mx\/index.php\/wp-json\/wp\/v2\/posts\/53258\/revisions"}],"wp:featuredmedia":[{"embeddable":true,"href":"https:\/\/politicosaldesnudo.com.mx\/index.php\/wp-json\/wp\/v2\/media\/53259"}],"wp:attachment":[{"href":"https:\/\/politicosaldesnudo.com.mx\/index.php\/wp-json\/wp\/v2\/media?parent=53258"}],"wp:term":[{"taxonomy":"category","embeddable":true,"href":"https:\/\/politicosaldesnudo.com.mx\/index.php\/wp-json\/wp\/v2\/categories?post=53258"},{"taxonomy":"post_tag","embeddable":true,"href":"https:\/\/politicosaldesnudo.com.mx\/index.php\/wp-json\/wp\/v2\/tags?post=53258"}],"curies":[{"name":"wp","href":"https:\/\/api.w.org\/{rel}","templated":true}]}}