{"id":53272,"date":"2024-12-30T00:01:39","date_gmt":"2024-12-30T06:01:39","guid":{"rendered":"https:\/\/politicosaldesnudo.com.mx\/?p=53272"},"modified":"2024-12-29T20:59:04","modified_gmt":"2024-12-30T02:59:04","slug":"buena-afluencia-en-la-pista-de-patinaje","status":"publish","type":"post","link":"https:\/\/politicosaldesnudo.com.mx\/index.php\/2024\/12\/30\/buena-afluencia-en-la-pista-de-patinaje\/","title":{"rendered":"Buena afluencia en la pista de patinaje"},"content":{"rendered":"<p class=\"docx_style0\">Siguen los tuxpe\u00f1os y visitantes acudiendo a la pista de hielo que se instal\u00f3 en la Plaza C\u00edvica, y los elementos de Protecci\u00f3n Civil han estado al tanto para atender a quienes lo necesiten, por ello la seguridad ha estado garantizada dijo el Oficial Mayor, Daniel Enrique Francisco Hern\u00e1ndez.<\/p>\n<p class=\"docx_style0\">Una vez mis invit\u00f3 a la ciudadan\u00eda y a los visitantes a vivir la experiencia en la pista, donde se cuenta adem\u00e1s con un instructor que les auxilia y les explica a quienes no saben patinar sobre el hielo, adem\u00e1s que se proporcionan herramientas para que puedan practicar y tener m\u00e1s confianza.<\/p>\n<p class=\"docx_style0\">Se ha dado espacio para quienes tienen alguna discapacidad pero quieren ingresar, ya que se les da el respaldo extra e incluso, les cuidan mucho y les despejan la pista para que no batallen al momento de patinar y as\u00ed tengan m\u00e1s confianza.<\/p>\n<p class=\"docx_style0\">Francisco Hern\u00e1ndez record\u00f3 que todos deben firmar una responsiva al ingresar, adem\u00e1s que los menores de edad deben tener la vigilancia de un adulto para una mejor coordinaci\u00f3n y seguridad de quienes van a divertirse.<\/p>\n<p class=\"docx_style0\">Es un gran n\u00famero de ni\u00f1as, ni\u00f1os, adolescentes y j\u00f3venes los que est\u00e1n disfrutando de la experiencia de patinar en hielo, y estar\u00e1 abierta al p\u00fablico de lunes a domingo, en horario de 12:00 a 22:00 horas, hasta el pr\u00f3ximo 7 de enero.<\/p>\n","protected":false},"excerpt":{"rendered":"<p>Siguen los tuxpe\u00f1os y visitantes acudiendo a la pista de hielo que se instal\u00f3 en la Plaza C\u00edvica, y los<\/p>\n","protected":false},"author":4,"featured_media":53273,"comment_status":"closed","ping_status":"closed","sticky":false,"template":"","format":"standard","meta":{"colormag_page_container_layout":"default_layout","colormag_page_sidebar_layout":"default_layout","_jetpack_memberships_contains_paid_content":false,"footnotes":"","jetpack_publicize_message":"","jetpack_publicize_feature_enabled":true,"jetpack_social_post_already_shared":false,"jetpack_social_options":{"image_generator_settings":{"template":"highway","default_image_id":0,"font":"","enabled":false},"version":2}},"categories":[1082],"tags":[],"class_list":["post-53272","post","type-post","status-publish","format-standard","has-post-thumbnail","hentry","category-tuxpan"],"jetpack_publicize_connections":[],"jetpack_featured_media_url":"https:\/\/i0.wp.com\/politicosaldesnudo.com.mx\/wp-content\/uploads\/2024\/12\/3c-7.jpg?fit=1024%2C721&ssl=1","jetpack-related-posts":[],"jetpack_sharing_enabled":true,"_links":{"self":[{"href":"https:\/\/politicosaldesnudo.com.mx\/index.php\/wp-json\/wp\/v2\/posts\/53272","targetHints":{"allow":["GET"]}}],"collection":[{"href":"https:\/\/politicosaldesnudo.com.mx\/index.php\/wp-json\/wp\/v2\/posts"}],"about":[{"href":"https:\/\/politicosaldesnudo.com.mx\/index.php\/wp-json\/wp\/v2\/types\/post"}],"author":[{"embeddable":true,"href":"https:\/\/politicosaldesnudo.com.mx\/index.php\/wp-json\/wp\/v2\/users\/4"}],"replies":[{"embeddable":true,"href":"https:\/\/politicosaldesnudo.com.mx\/index.php\/wp-json\/wp\/v2\/comments?post=53272"}],"version-history":[{"count":0,"href":"https:\/\/politicosaldesnudo.com.mx\/index.php\/wp-json\/wp\/v2\/posts\/53272\/revisions"}],"wp:featuredmedia":[{"embeddable":true,"href":"https:\/\/politicosaldesnudo.com.mx\/index.php\/wp-json\/wp\/v2\/media\/53273"}],"wp:attachment":[{"href":"https:\/\/politicosaldesnudo.com.mx\/index.php\/wp-json\/wp\/v2\/media?parent=53272"}],"wp:term":[{"taxonomy":"category","embeddable":true,"href":"https:\/\/politicosaldesnudo.com.mx\/index.php\/wp-json\/wp\/v2\/categories?post=53272"},{"taxonomy":"post_tag","embeddable":true,"href":"https:\/\/politicosaldesnudo.com.mx\/index.php\/wp-json\/wp\/v2\/tags?post=53272"}],"curies":[{"name":"wp","href":"https:\/\/api.w.org\/{rel}","templated":true}]}}