{"id":53275,"date":"2024-12-30T00:02:24","date_gmt":"2024-12-30T06:02:24","guid":{"rendered":"https:\/\/politicosaldesnudo.com.mx\/?p=53275"},"modified":"2024-12-29T21:00:09","modified_gmt":"2024-12-30T03:00:09","slug":"reubicaran-a-comerciantes","status":"publish","type":"post","link":"https:\/\/politicosaldesnudo.com.mx\/index.php\/2024\/12\/30\/reubicaran-a-comerciantes\/","title":{"rendered":"Reubicar\u00e1n a comerciantes"},"content":{"rendered":"<p class=\"docx_style0\">Inician los trabajos de remodelaci\u00f3n en el Mercado 5 de Mayo para poder reubicar comerciantes del primer cuadro de la ciudad, inform\u00f3 el Presidente Municipal Jes\u00fas Fomperoza, qui\u00e9n coment\u00f3 que es una estrategia para evitar m\u00e1s ambulantaje en el puerto.<\/p>\n<p class=\"docx_style0\">Indic\u00f3 que ya en enero tienen pensando dar continuidad a este proyecto para desahogar el primer cuadro de la ciudad, puesto que ya es necesario, tras agregar que ya constat\u00f3 la situaci\u00f3n, haciendo recorridos por la zona y analizando las estrategias a seguir, con el prop\u00f3sito de apoyar a todos los comerciantes.<\/p>\n<p class=\"docx_style0\">Coment\u00f3 que para esta estrategia est\u00e1n trabajando estrechamente con la Regidur\u00eda y la direcci\u00f3n, comisionadas en Comercio, mientras tanto est\u00e1n trabajando tambi\u00e9n con los supervisores para que muevan a todas aquellas personas que est\u00e9n obstruyendo las vialidades.<\/p>\n<p class=\"docx_style0\">\u00abEntre las calles Ju\u00e1rez y Genaro Rodr\u00edguez, se va a reubicar a todos los comerciantes para ir liberando el centro, yo se que es temporada decembrina, pero bueno ya al final de cuentas tenemos que ir reubicando a todas estas personas, por lo que estamos acondicionado el mercado que est\u00e1 ubicado en la subida de Tenechaco\u00bb, agreg\u00f3.<\/p>\n<p class=\"docx_style0\">A\u00f1adi\u00f3 que han detectado a comerciantes que tienen sus puestos fijos y a\u00fan as\u00ed se van al primer cuadro de la ciudad a poner sus puestos ambulantes y tendr\u00e1n que decidir si es uno o es otro.<\/p>\n<p class=\"docx_style0\">Cabe recordar que tal situaci\u00f3n se ha convertido en una queja e inconformidad diaria por parte de quienes transitan diariamente por el centro, sobre las calles Benito Ju\u00e1rez, Pipila, Genaro Rodr\u00edguez y Garizurieta, ya que los vendedores ocupan las banquetas, obligando al peat\u00f3n a caminar sobre la calle, arriesgando sufran alg\u00fan accidente, ya que son avenidas en donde circular taxis y veh\u00edculos particulares a toda hora del d\u00eda.<\/p>\n","protected":false},"excerpt":{"rendered":"<p>Inician los trabajos de remodelaci\u00f3n en el Mercado 5 de Mayo para poder reubicar comerciantes del primer cuadro de la<\/p>\n","protected":false},"author":4,"featured_media":53276,"comment_status":"closed","ping_status":"closed","sticky":false,"template":"","format":"standard","meta":{"colormag_page_container_layout":"default_layout","colormag_page_sidebar_layout":"default_layout","_jetpack_memberships_contains_paid_content":false,"footnotes":"","jetpack_publicize_message":"","jetpack_publicize_feature_enabled":true,"jetpack_social_post_already_shared":false,"jetpack_social_options":{"image_generator_settings":{"template":"highway","default_image_id":0,"font":"","enabled":false},"version":2}},"categories":[1082],"tags":[],"class_list":["post-53275","post","type-post","status-publish","format-standard","has-post-thumbnail","hentry","category-tuxpan"],"jetpack_publicize_connections":[],"jetpack_featured_media_url":"https:\/\/i0.wp.com\/politicosaldesnudo.com.mx\/wp-content\/uploads\/2024\/12\/4a-3.jpg?fit=1600%2C900&ssl=1","jetpack-related-posts":[],"jetpack_sharing_enabled":true,"_links":{"self":[{"href":"https:\/\/politicosaldesnudo.com.mx\/index.php\/wp-json\/wp\/v2\/posts\/53275","targetHints":{"allow":["GET"]}}],"collection":[{"href":"https:\/\/politicosaldesnudo.com.mx\/index.php\/wp-json\/wp\/v2\/posts"}],"about":[{"href":"https:\/\/politicosaldesnudo.com.mx\/index.php\/wp-json\/wp\/v2\/types\/post"}],"author":[{"embeddable":true,"href":"https:\/\/politicosaldesnudo.com.mx\/index.php\/wp-json\/wp\/v2\/users\/4"}],"replies":[{"embeddable":true,"href":"https:\/\/politicosaldesnudo.com.mx\/index.php\/wp-json\/wp\/v2\/comments?post=53275"}],"version-history":[{"count":0,"href":"https:\/\/politicosaldesnudo.com.mx\/index.php\/wp-json\/wp\/v2\/posts\/53275\/revisions"}],"wp:featuredmedia":[{"embeddable":true,"href":"https:\/\/politicosaldesnudo.com.mx\/index.php\/wp-json\/wp\/v2\/media\/53276"}],"wp:attachment":[{"href":"https:\/\/politicosaldesnudo.com.mx\/index.php\/wp-json\/wp\/v2\/media?parent=53275"}],"wp:term":[{"taxonomy":"category","embeddable":true,"href":"https:\/\/politicosaldesnudo.com.mx\/index.php\/wp-json\/wp\/v2\/categories?post=53275"},{"taxonomy":"post_tag","embeddable":true,"href":"https:\/\/politicosaldesnudo.com.mx\/index.php\/wp-json\/wp\/v2\/tags?post=53275"}],"curies":[{"name":"wp","href":"https:\/\/api.w.org\/{rel}","templated":true}]}}