{"id":53284,"date":"2024-12-30T00:05:10","date_gmt":"2024-12-30T06:05:10","guid":{"rendered":"https:\/\/politicosaldesnudo.com.mx\/?p=53284"},"modified":"2024-12-29T23:11:40","modified_gmt":"2024-12-30T05:11:40","slug":"discutira-inai-el-ejercicio-de-su-presupuesto-previo-a-su-extincion","status":"publish","type":"post","link":"https:\/\/politicosaldesnudo.com.mx\/index.php\/2024\/12\/30\/discutira-inai-el-ejercicio-de-su-presupuesto-previo-a-su-extincion\/","title":{"rendered":"Discutir\u00e1 INAI el ejercicio de su presupuesto previo a su extinci\u00f3n"},"content":{"rendered":"<p>Este lunes, el pleno del Instituto Nacional de Transparencia, Acceso a la Informaci\u00f3n y Protecci\u00f3n de Datos Personales (INAI) sesionar\u00e1 de manera extraordinaria para definir c\u00f3mo se ejercer\u00e1 el presupuesto que le fue aprobado para funcionar en tanto se ejecuta su extinci\u00f3n.<\/p>\n<p>Una prioridad, de acuerdo con la comisionada Julieta del R\u00edo, ser\u00e1 mantener el funcionamiento y seguridad de la Plataforma Nacional de Transparencia. \u201cDebemos revisar cuidadosamente lo poco que tenemos y no dejar inoperante la plataforma\u201d, se\u00f1al\u00f3 la comisionada en la plataforma X.<\/p>\n<p>Si bien el pasado 20 de diciembre se public\u00f3 en el Diario Oficial de la Federaci\u00f3n (DOF) el decreto que ordena la desaparici\u00f3n del INAI, el Instituto contar\u00e1 el pr\u00f3ximo a\u00f1o con un presupuesto de cerca de 500 millones de pesos que deber\u00e1 usar para operar en tanto se expiden las leyes secundarias con las que se concretar\u00e1 el traslado de sus funciones a la Secretar\u00eda de Anticorrupci\u00f3n y Buen Gobierno.<\/p>\n<p>La comisionada del R\u00edo se\u00f1al\u00f3 que el futuro de la Plataforma Nacional de Transparencia \u201cactualmente sigue en la indefinici\u00f3n\u201d. Dijo que, no obstante, en el INAI \u201cestamos seguros de que debe continuar su operaci\u00f3n, al ser una herramienta ciudadana de alcance nacional, debe preservarse su existencia en la legislaci\u00f3n secundaria y con el presupuesto respectivo. Es un tema en el que seguiremos insistiendo\u201d.<\/p>\n<p>Dijo que adicionalmente que con el presupuesto del que dispondr\u00e1 el INAI tambi\u00e9n se buscar\u00e1 privilegiar a los trabajadores, pues a\u00fan no est\u00e1 claro cu\u00e1l ser\u00e1 su destino ni si todos ser\u00e1n reubicados en la Secretar\u00eda Anticorrupci\u00f3n o se les ofrecer\u00e1n indemnizaciones.<\/p>\n","protected":false},"excerpt":{"rendered":"<p>Este lunes, el pleno del Instituto Nacional de Transparencia, Acceso a la Informaci\u00f3n y Protecci\u00f3n de Datos Personales (INAI) sesionar\u00e1<\/p>\n","protected":false},"author":4,"featured_media":53285,"comment_status":"closed","ping_status":"closed","sticky":false,"template":"","format":"standard","meta":{"colormag_page_container_layout":"default_layout","colormag_page_sidebar_layout":"default_layout","_jetpack_memberships_contains_paid_content":false,"footnotes":"","jetpack_publicize_message":"","jetpack_publicize_feature_enabled":true,"jetpack_social_post_already_shared":false,"jetpack_social_options":{"image_generator_settings":{"template":"highway","default_image_id":0,"font":"","enabled":false},"version":2}},"categories":[33],"tags":[],"class_list":["post-53284","post","type-post","status-publish","format-standard","has-post-thumbnail","hentry","category-nacional"],"jetpack_publicize_connections":[],"jetpack_featured_media_url":"https:\/\/i0.wp.com\/politicosaldesnudo.com.mx\/wp-content\/uploads\/2024\/12\/INAI-4.jpg?fit=1200%2C675&ssl=1","jetpack-related-posts":[],"jetpack_sharing_enabled":true,"_links":{"self":[{"href":"https:\/\/politicosaldesnudo.com.mx\/index.php\/wp-json\/wp\/v2\/posts\/53284","targetHints":{"allow":["GET"]}}],"collection":[{"href":"https:\/\/politicosaldesnudo.com.mx\/index.php\/wp-json\/wp\/v2\/posts"}],"about":[{"href":"https:\/\/politicosaldesnudo.com.mx\/index.php\/wp-json\/wp\/v2\/types\/post"}],"author":[{"embeddable":true,"href":"https:\/\/politicosaldesnudo.com.mx\/index.php\/wp-json\/wp\/v2\/users\/4"}],"replies":[{"embeddable":true,"href":"https:\/\/politicosaldesnudo.com.mx\/index.php\/wp-json\/wp\/v2\/comments?post=53284"}],"version-history":[{"count":0,"href":"https:\/\/politicosaldesnudo.com.mx\/index.php\/wp-json\/wp\/v2\/posts\/53284\/revisions"}],"wp:featuredmedia":[{"embeddable":true,"href":"https:\/\/politicosaldesnudo.com.mx\/index.php\/wp-json\/wp\/v2\/media\/53285"}],"wp:attachment":[{"href":"https:\/\/politicosaldesnudo.com.mx\/index.php\/wp-json\/wp\/v2\/media?parent=53284"}],"wp:term":[{"taxonomy":"category","embeddable":true,"href":"https:\/\/politicosaldesnudo.com.mx\/index.php\/wp-json\/wp\/v2\/categories?post=53284"},{"taxonomy":"post_tag","embeddable":true,"href":"https:\/\/politicosaldesnudo.com.mx\/index.php\/wp-json\/wp\/v2\/tags?post=53284"}],"curies":[{"name":"wp","href":"https:\/\/api.w.org\/{rel}","templated":true}]}}