{"id":53308,"date":"2024-12-30T00:10:09","date_gmt":"2024-12-30T06:10:09","guid":{"rendered":"https:\/\/politicosaldesnudo.com.mx\/?p=53308"},"modified":"2024-12-30T00:10:09","modified_gmt":"2024-12-30T06:10:09","slug":"ecatepec-sin-patrullas-entra-operativo-federal-estatal","status":"publish","type":"post","link":"https:\/\/politicosaldesnudo.com.mx\/index.php\/2024\/12\/30\/ecatepec-sin-patrullas-entra-operativo-federal-estatal\/","title":{"rendered":"Ecatepec, sin patrullas; entra operativo federal-estatal"},"content":{"rendered":"<p class=\"s-s\">En Ecatepec, uno de los municipios m\u00e1s poblados e inseguros del estado de M\u00e9xico, las empresas Casanova e \u00cdntegra, que arrendaban las 670 patrullas que se utilizaban para vigilar las calles y avenidas las empezaron a retirar, porque el 31 de diciembre termina el contrato de arrendamiento y las autoridades no han informado si continuar\u00e1n con los convenios.<\/p>\n<p>La administraci\u00f3n municipal que encabezaba el entonces edil morenista, Fernando Vilchis, pagaba 20 millones 488 mil pesos al mes a las compa\u00f1\u00edas por rentar las unidades.<\/p>\n<p>Ante esta medida, autoridades del gobierno federal y de la entidad iniciaron el viernes el operativo policiaco de vigilancia especial Reforzamiento Ecatepec con elementos de las fuerzas federales y estatales.<\/p>\n<p>En esta acci\u00f3n participan 250 efectivos de las secretar\u00edas de la Defensa Nacional, de Seguridad mexiquense y la Guardia Nacional.<\/p>\n<p>La demarcaci\u00f3n tiene m\u00e1s de 2 millones 200 mil habitantes y es considerada la m\u00e1s poblada de la entidad, y la quinta a escala nacional. Los principales delitos son robo con violencia a transe\u00fante, de autos, a casas habitaci\u00f3n y comercio, as\u00ed como los asaltos en transporte p\u00fablico y extorsi\u00f3n.<\/p>\n","protected":false},"excerpt":{"rendered":"<p>En Ecatepec, uno de los municipios m\u00e1s poblados e inseguros del estado de M\u00e9xico, las empresas Casanova e \u00cdntegra, que<\/p>\n","protected":false},"author":4,"featured_media":53310,"comment_status":"closed","ping_status":"closed","sticky":false,"template":"","format":"standard","meta":{"colormag_page_container_layout":"default_layout","colormag_page_sidebar_layout":"default_layout","_jetpack_memberships_contains_paid_content":false,"footnotes":"","jetpack_publicize_message":"","jetpack_publicize_feature_enabled":true,"jetpack_social_post_already_shared":false,"jetpack_social_options":{"image_generator_settings":{"template":"highway","default_image_id":0,"font":"","enabled":false},"version":2}},"categories":[30],"tags":[],"class_list":["post-53308","post","type-post","status-publish","format-standard","has-post-thumbnail","hentry","category-estados"],"jetpack_publicize_connections":[],"jetpack_featured_media_url":"https:\/\/i0.wp.com\/politicosaldesnudo.com.mx\/wp-content\/uploads\/2024\/12\/DC5KJYJ4ANCIHKRVLOSXD6NSJM.jpeg?fit=1201%2C740&ssl=1","jetpack-related-posts":[],"jetpack_sharing_enabled":true,"_links":{"self":[{"href":"https:\/\/politicosaldesnudo.com.mx\/index.php\/wp-json\/wp\/v2\/posts\/53308","targetHints":{"allow":["GET"]}}],"collection":[{"href":"https:\/\/politicosaldesnudo.com.mx\/index.php\/wp-json\/wp\/v2\/posts"}],"about":[{"href":"https:\/\/politicosaldesnudo.com.mx\/index.php\/wp-json\/wp\/v2\/types\/post"}],"author":[{"embeddable":true,"href":"https:\/\/politicosaldesnudo.com.mx\/index.php\/wp-json\/wp\/v2\/users\/4"}],"replies":[{"embeddable":true,"href":"https:\/\/politicosaldesnudo.com.mx\/index.php\/wp-json\/wp\/v2\/comments?post=53308"}],"version-history":[{"count":0,"href":"https:\/\/politicosaldesnudo.com.mx\/index.php\/wp-json\/wp\/v2\/posts\/53308\/revisions"}],"wp:featuredmedia":[{"embeddable":true,"href":"https:\/\/politicosaldesnudo.com.mx\/index.php\/wp-json\/wp\/v2\/media\/53310"}],"wp:attachment":[{"href":"https:\/\/politicosaldesnudo.com.mx\/index.php\/wp-json\/wp\/v2\/media?parent=53308"}],"wp:term":[{"taxonomy":"category","embeddable":true,"href":"https:\/\/politicosaldesnudo.com.mx\/index.php\/wp-json\/wp\/v2\/categories?post=53308"},{"taxonomy":"post_tag","embeddable":true,"href":"https:\/\/politicosaldesnudo.com.mx\/index.php\/wp-json\/wp\/v2\/tags?post=53308"}],"curies":[{"name":"wp","href":"https:\/\/api.w.org\/{rel}","templated":true}]}}