{"id":53312,"date":"2024-12-30T00:12:46","date_gmt":"2024-12-30T06:12:46","guid":{"rendered":"https:\/\/politicosaldesnudo.com.mx\/?p=53312"},"modified":"2024-12-30T00:12:46","modified_gmt":"2024-12-30T06:12:46","slug":"activan-alerta-en-mexicali-por-contaminacion-del-aire","status":"publish","type":"post","link":"https:\/\/politicosaldesnudo.com.mx\/index.php\/2024\/12\/30\/activan-alerta-en-mexicali-por-contaminacion-del-aire\/","title":{"rendered":"Activan alerta en Mexicali por contaminaci\u00f3n del aire"},"content":{"rendered":"<div dir=\"auto\">En Mexicali, ciudad capital de Baja California, se activ\u00f3 la alerta por la mala calidad del aire con alto riesgo a la salud debido a material particulado PM 2.5.<\/div>\n<div dir=\"auto\"><\/div>\n<div dir=\"auto\">El anuncio del gobierno municipal se dio a conocer la ma\u00f1ana de este domingo con base a los resultados del monitoreo del \u00cdndice de Aire y Salud.<\/div>\n<div dir=\"auto\"><\/div>\n<div dir=\"auto\">Ante esta contingencia, recomend\u00f3 a personas con enfermedades cardiorrespiratorias y mayores de 60 a\u00f1os reducir actividades al aire libre, tanto vigorosas como moderadas.<\/div>\n<div dir=\"auto\"><\/div>\n<div dir=\"auto\">Tambi\u00e9n pidi\u00f3 a mujeres gestantes y a menores de 12 a\u00f1os reducir las actividades vigorosas a la intemperie.<\/div>\n<div dir=\"auto\"><\/div>\n<div dir=\"auto\">Dentro de las medidas preventivas recomend\u00f3 el uso de cubrebocas, evitar tiempos prolongados al aire libre, mantener cerradas puertas y ventanas, evitar pr\u00e1cticas deportivas a la intemperie, reubicar a personas vulnerables y acudir al m\u00e9dico en caso de presentar alg\u00fan malestar<\/div>\n<div dir=\"auto\"><\/div>\n<div dir=\"auto\">Ante las condiciones del medio ambiente, el gobierno de Mexicali instrument\u00f3 el Programa Cero Tolerancia para quemas de cohetes y llantas, adem\u00e1s de mantener la difusi\u00f3n del monitoreo de la calidad del aire durante diciembre.<\/div>\n<div dir=\"auto\"><\/div>\n<div dir=\"auto\">En este mes se han activado contingencias ambientales y se ha advertido situaciones de alerta por contaminaci\u00f3n del aire al ubicarse en banderas moradas y rojas.<\/div>\n","protected":false},"excerpt":{"rendered":"<p>En Mexicali, ciudad capital de Baja California, se activ\u00f3 la alerta por la mala calidad del aire con alto riesgo<\/p>\n","protected":false},"author":4,"featured_media":53313,"comment_status":"closed","ping_status":"closed","sticky":false,"template":"","format":"standard","meta":{"colormag_page_container_layout":"default_layout","colormag_page_sidebar_layout":"default_layout","_jetpack_memberships_contains_paid_content":false,"footnotes":"","jetpack_publicize_message":"","jetpack_publicize_feature_enabled":true,"jetpack_social_post_already_shared":false,"jetpack_social_options":{"image_generator_settings":{"template":"highway","default_image_id":0,"font":"","enabled":false},"version":2}},"categories":[30],"tags":[],"class_list":["post-53312","post","type-post","status-publish","format-standard","has-post-thumbnail","hentry","category-estados"],"jetpack_publicize_connections":[],"jetpack_featured_media_url":"https:\/\/i0.wp.com\/politicosaldesnudo.com.mx\/wp-content\/uploads\/2024\/12\/alerta-morada-mala-calidad-aire-mexicali.jpg?fit=1920%2C1080&ssl=1","jetpack-related-posts":[],"jetpack_sharing_enabled":true,"_links":{"self":[{"href":"https:\/\/politicosaldesnudo.com.mx\/index.php\/wp-json\/wp\/v2\/posts\/53312","targetHints":{"allow":["GET"]}}],"collection":[{"href":"https:\/\/politicosaldesnudo.com.mx\/index.php\/wp-json\/wp\/v2\/posts"}],"about":[{"href":"https:\/\/politicosaldesnudo.com.mx\/index.php\/wp-json\/wp\/v2\/types\/post"}],"author":[{"embeddable":true,"href":"https:\/\/politicosaldesnudo.com.mx\/index.php\/wp-json\/wp\/v2\/users\/4"}],"replies":[{"embeddable":true,"href":"https:\/\/politicosaldesnudo.com.mx\/index.php\/wp-json\/wp\/v2\/comments?post=53312"}],"version-history":[{"count":0,"href":"https:\/\/politicosaldesnudo.com.mx\/index.php\/wp-json\/wp\/v2\/posts\/53312\/revisions"}],"wp:featuredmedia":[{"embeddable":true,"href":"https:\/\/politicosaldesnudo.com.mx\/index.php\/wp-json\/wp\/v2\/media\/53313"}],"wp:attachment":[{"href":"https:\/\/politicosaldesnudo.com.mx\/index.php\/wp-json\/wp\/v2\/media?parent=53312"}],"wp:term":[{"taxonomy":"category","embeddable":true,"href":"https:\/\/politicosaldesnudo.com.mx\/index.php\/wp-json\/wp\/v2\/categories?post=53312"},{"taxonomy":"post_tag","embeddable":true,"href":"https:\/\/politicosaldesnudo.com.mx\/index.php\/wp-json\/wp\/v2\/tags?post=53312"}],"curies":[{"name":"wp","href":"https:\/\/api.w.org\/{rel}","templated":true}]}}