{"id":53354,"date":"2024-12-31T00:06:33","date_gmt":"2024-12-31T06:06:33","guid":{"rendered":"https:\/\/politicosaldesnudo.com.mx\/?p=53354"},"modified":"2024-12-30T21:55:53","modified_gmt":"2024-12-31T03:55:53","slug":"iniciara-bienestar-visitas-en-hogares-del-programa-salud-casa-por-casa","status":"publish","type":"post","link":"https:\/\/politicosaldesnudo.com.mx\/index.php\/2024\/12\/31\/iniciara-bienestar-visitas-en-hogares-del-programa-salud-casa-por-casa\/","title":{"rendered":"Iniciar\u00e1 Bienestar visitas en hogares del programa &#8216;Salud Casa por Casa&#8217;"},"content":{"rendered":"<p>En febrero iniciar\u00e1n las visitas en los hogares del programa Salud Casa por Casa, inform\u00f3 la secretaria de Bienestar, Ariadna Montiel, y en enero las capacitaciones de los m\u00e9dicos y enfermeras que trabajar\u00e1n en el programa permanente que pretende atender a adultos mayores.<\/p>\n<p>Durante la conferencia presidencial de este lunes, en Palacio Nacional, Montiel se\u00f1al\u00f3 que hasta el momento se han recibido 14 mil 577 expedientes de m\u00e9dicos, enfermeras y personal de salud que integrar\u00e1n el programa.<\/p>\n<p>Inform\u00f3 que se seguir\u00e1n recibiendo expedientes esta semana y la pr\u00f3xima para llegar a la meta de 22 mil 500 enfermeras.<\/p>\n<p>La secretaria inform\u00f3 que se est\u00e1 aplicando un cuestionario para tener un diagn\u00f3stico sobre las condiciones de los adultos mayores, tanto los que est\u00e1n sanos como los que tengan complicaciones m\u00e9dicas. Han censado a 4 millones 600 mil personas en su domicilio, a las personas con discapacidad y a los adultos mayores y como saben, en pr\u00f3ximos meses, ya estar\u00e1n los m\u00e9dicos y las enfermeras trabajando tambi\u00e9n casa por casa\u00bb.<\/p>\n<p>Se\u00f1al\u00f3 que el este censo se est\u00e1 haciendo para tener la informaci\u00f3n nominal de cada persona, con lo cual se hace efectivo el derecho a la salud de estos sectores.<\/p>\n<p>En t\u00e9rminos generales \u201chemos encontrado diabetes e hipertensi\u00f3n, pero los adultos mayores quieren que se les visite y se platique con ellos\u201d, tambi\u00e9n se est\u00e1 viendo por la salud mental, inform\u00f3 la funcionaria.<\/p>\n<p>En tanto, la presidenta Claudia Sheinbaum Pardo se\u00f1al\u00f3 sobre el programa Pensi\u00f3n mujeres bienestar que este a\u00f1o es para aquellas que tengan 63 y 64 a\u00f1os y formalmente hasta el siguiente a\u00f1o iniciar\u00e1n los registros para aquellas que tengan 60, 61 y 62 a\u00f1os, en caso de tener los registros suficientes \u201ceste a\u00f1o iniciar\u00edamos los recursos\u201d.<\/p>\n<p>En cuanto a comunidades vulnerables, ind\u00edgenas y afromexicanas el registro de rango de edad es completo, de 60 a 64 a\u00f1os de Edad.<\/p>\n<p>Inform\u00f3 que el 2 de enero se entregar\u00e1n las primeras tarjetas en el estado de M\u00e9xico y durante los primeros meses se entregar\u00e1n las dem\u00e1s tarjetas del banco de Bienestar. Precis\u00f3 que las tarjetas que se otorgaron durante el gobierno del ex presidente Andr\u00e9s Manuel L\u00f3pez Obrador siguen siendo validas para todos los programas del bienestar.<\/p>\n<p>En cuanto a las tarjetas de la beca Rita Cetina para estudiantes de secundaria ser\u00e1n entregadas en febrero. La presidente se\u00f1al\u00f3 que en los pr\u00f3ximos d\u00edas el secretario de Educaci\u00f3n, Mario Delgado informar\u00e1 al respecto.<\/p>\n","protected":false},"excerpt":{"rendered":"<p>En febrero iniciar\u00e1n las visitas en los hogares del programa Salud Casa por Casa, inform\u00f3 la secretaria de Bienestar, Ariadna<\/p>\n","protected":false},"author":4,"featured_media":53355,"comment_status":"closed","ping_status":"closed","sticky":false,"template":"","format":"standard","meta":{"colormag_page_container_layout":"default_layout","colormag_page_sidebar_layout":"default_layout","_jetpack_memberships_contains_paid_content":false,"footnotes":"","jetpack_publicize_message":"","jetpack_publicize_feature_enabled":true,"jetpack_social_post_already_shared":false,"jetpack_social_options":{"image_generator_settings":{"template":"highway","default_image_id":0,"font":"","enabled":false},"version":2}},"categories":[33],"tags":[],"class_list":["post-53354","post","type-post","status-publish","format-standard","has-post-thumbnail","hentry","category-nacional"],"jetpack_publicize_connections":[],"jetpack_featured_media_url":"https:\/\/i0.wp.com\/politicosaldesnudo.com.mx\/wp-content\/uploads\/2024\/12\/3012-NOTA-3.png?fit=740%2C491&ssl=1","jetpack-related-posts":[],"jetpack_sharing_enabled":true,"_links":{"self":[{"href":"https:\/\/politicosaldesnudo.com.mx\/index.php\/wp-json\/wp\/v2\/posts\/53354","targetHints":{"allow":["GET"]}}],"collection":[{"href":"https:\/\/politicosaldesnudo.com.mx\/index.php\/wp-json\/wp\/v2\/posts"}],"about":[{"href":"https:\/\/politicosaldesnudo.com.mx\/index.php\/wp-json\/wp\/v2\/types\/post"}],"author":[{"embeddable":true,"href":"https:\/\/politicosaldesnudo.com.mx\/index.php\/wp-json\/wp\/v2\/users\/4"}],"replies":[{"embeddable":true,"href":"https:\/\/politicosaldesnudo.com.mx\/index.php\/wp-json\/wp\/v2\/comments?post=53354"}],"version-history":[{"count":0,"href":"https:\/\/politicosaldesnudo.com.mx\/index.php\/wp-json\/wp\/v2\/posts\/53354\/revisions"}],"wp:featuredmedia":[{"embeddable":true,"href":"https:\/\/politicosaldesnudo.com.mx\/index.php\/wp-json\/wp\/v2\/media\/53355"}],"wp:attachment":[{"href":"https:\/\/politicosaldesnudo.com.mx\/index.php\/wp-json\/wp\/v2\/media?parent=53354"}],"wp:term":[{"taxonomy":"category","embeddable":true,"href":"https:\/\/politicosaldesnudo.com.mx\/index.php\/wp-json\/wp\/v2\/categories?post=53354"},{"taxonomy":"post_tag","embeddable":true,"href":"https:\/\/politicosaldesnudo.com.mx\/index.php\/wp-json\/wp\/v2\/tags?post=53354"}],"curies":[{"name":"wp","href":"https:\/\/api.w.org\/{rel}","templated":true}]}}