{"id":53378,"date":"2024-12-31T00:14:28","date_gmt":"2024-12-31T06:14:28","guid":{"rendered":"https:\/\/politicosaldesnudo.com.mx\/?p=53378"},"modified":"2024-12-30T22:17:12","modified_gmt":"2024-12-31T04:17:12","slug":"toman-protesta-13-integrantes-del-cabildo-de-cuernavaca-morelos","status":"publish","type":"post","link":"https:\/\/politicosaldesnudo.com.mx\/index.php\/2024\/12\/31\/toman-protesta-13-integrantes-del-cabildo-de-cuernavaca-morelos\/","title":{"rendered":"Toman protesta 13 integrantes del cabildo de Cuernavaca, Morelos"},"content":{"rendered":"<p>Los 13 integrantes del cabildo del municipio de Cuernavaca rindieron protesta para el periodo 2025-2027 en el z\u00f3calo de la capital.<\/p>\n<p>El presidente municipal, postulado por el PAN, Jos\u00e9 Luis Uriostegui, reelecto para otros tres a\u00f1os al frente de la administraci\u00f3n municipal, reconoci\u00f3 que no han podido con el abasto de agua para la poblaci\u00f3n, la seguridad p\u00fablica y los servicios municipales; pero, dijo que los seguir\u00e1 atendiendo, \u00a0\u201chasta que la poblaci\u00f3n perciba en la ciudad que los cambios que necesitamos se hacen realidad\u201d.<\/p>\n<p>Este acto de toma de protesta se realiz\u00f3 en una sesi\u00f3n solemne de cabildo en una de las explanadas del z\u00f3calo de la ciudad, exactamente la que est\u00e1 frente al Palacio de Cort\u00e9s.<\/p>\n<p>En su mensaje el edil blanquiazul, al final de las intervenciones de los representantes de los regidores de los 5 partidos pol\u00edticos(Morena, MC, PVEM, PRI, y PAN), agradeci\u00f3 el voto de las y los ciudadanos, al destacar que en el 2021 en la antepasada elecci\u00f3n obtuvo 49 mil votos; pero que esa votaci\u00f3n se elev\u00f3 a 84 mil en la pasada elecci\u00f3n de junio de 2024. Lo que le permiti\u00f3 reelegirse para el siguiente periodo que comenzar\u00e1 el primero de enero y concluir\u00e1 el 31 de diciembre de 2027.<\/p>\n<p>\u201cReconozco que si bien, hemos implementado pol\u00edticas exitosas; no hemos alcanzado las temas planteadas en temas como el abasto de agua, la seguridad p\u00fablica y los servicios municipales; lo que no hemos dejado de atender y lo seguiremos haciendo hasta que la poblaci\u00f3n perciba en la ciudad que los cambios que necesitamos se hacen realidad\u201d, resalt\u00f3 el alcalde, al prometer que en este nuevo trienio le invertir\u00e1 m\u00e1s recursos econ\u00f3micos a estos problemas que padecen los ciudadanos y ciudadanas de Cuernavaca.<\/p>\n<p>Esta segunda administraci\u00f3n que \u00e9l liderar\u00e1, asegur\u00f3, que no parten de cero ni en las mismas condiciones que hace tres a\u00f1os atr\u00e1s, destacando que durante el trienio que acabar\u00e1 sus funciones el 31 de diciembre lograron bajar la deuda que les hered\u00f3 la antepasada administraci\u00f3n. Y prometi\u00f3 que en estos pr\u00f3ximos tres a\u00f1os terminar\u00e1n con la deuda p\u00fablica del municipio.<\/p>\n<p>\u201cLa administraci\u00f3n antepasada nos hered\u00f3 una deuda\u00a0 de mil 046 millones de pesos, solamente en el sector ayuntamiento, esta se ha reducido durante la administraci\u00f3n que est\u00e1 terminando a 224 millones de pesos.<\/p>\n<p>\u201cNuestro objetivo ser\u00e1 que al finalizar esta administraci\u00f3n el 31 de diciembre de 2027 entreguemos una administraci\u00f3n con cero pesos de deuda tanto en el sector central como en el Sapac\u201d, afirm\u00f3 el edil ante los presentes.<\/p>\n<p>En este acto, al que acudi\u00f3 como representante del gobierno del estado el secretario de gobierno, Juan Salgado Brito, Uri\u00f3stegui adelant\u00f3 que con la anuencia \u00a0de sus compa\u00f1eros de cabildo enviar\u00e1n una iniciativa al Congreso local, para la creaci\u00f3n del Instituto de Pensiones, \u201cque permita la aportaci\u00f3n proporcional de cada ente p\u00fablico a un fondo de pensiones, que garantice los derechos de la base trabajadora y de la funcionalidad de las instituciones\u201d.<\/p>\n<p>Explic\u00f3 que en el ayuntamiento de Cuernavaca el costo del personal\u00a0 jubilado, pensionado, incapacitado, se lleva un 20 por ciento del presupuesto anual de Cuernavaca.<\/p>\n<p>\u201cDurante el a\u00f1o 2025, solamente, estaremos destinando 420 millones de pesos con\u00a0 posibilidad de que se incremente \u00a0por solicitudes pendientes de resolver.<\/p>\n<p>\u201cLa pir\u00e1mide de personal activo contra personal inactivo est\u00e1 pr\u00f3xima a revertirse en m\u00e1ximo 5 a\u00f1os, y as\u00ed suceder\u00e1 en Cuernavaca, por lo tanto la n\u00f3mina de personal jubilado, pensionado e incapacitado podr\u00eda ser superior a la del personal activo, de confianza, base, eventuales y sindicalizados; eso significar\u00eda una gran merma en la fuerza de trabajo y falta de resultados de nuestra parte\u201d, recalc\u00f3 Uri\u00f3stegui.<\/p>\n<p>De los regidores y regidoras que hablaron en representaci\u00f3n de sus siglas de partido, destac\u00f3 la regidora de Movimiento Ciudadano, Erika Lastra Jaimes, porque al menos le puso emoci\u00f3n\u00a0 a su discurso\u00a0 al agradecer el voto de las ciudadanos que lo hicieron por MC para que ella llegara a representarlos.<\/p>\n<p>La regidora de Morena, Elia Ort\u00edz Garc\u00eda, destac\u00f3 la diferencia ideol\u00f3gica que tienen con el alcalde Jos\u00e9 Luis Uri\u00f3stegui, pero durante la lectura de su discurso cay\u00f3 en frases ya hechas de Morena sin provocar grandes aplausos de los presentes.<\/p>\n<p>Los 13 integrantes de este cabildo son: el alcalde Uri\u00f3stegui, la s\u00edndica Paola Trade; cuatro regidores de Morena: Elia, Gabriel Rivas R\u00edos, Alan Moreno, Arleth Jim\u00e9nez; cuatro del PAN: Oscar Cano, Paz Hern\u00e1ndez Pardo, Alfredo Gonz\u00e1lez, Mirian Barajas; Salvador Aguilar (PRI), Juan Miguel Serrano (PVEM) y Erica Lastra (MC).<\/p>\n","protected":false},"excerpt":{"rendered":"<p>Los 13 integrantes del cabildo del municipio de Cuernavaca rindieron protesta para el periodo 2025-2027 en el z\u00f3calo de la<\/p>\n","protected":false},"author":4,"featured_media":53379,"comment_status":"closed","ping_status":"closed","sticky":false,"template":"","format":"standard","meta":{"colormag_page_container_layout":"default_layout","colormag_page_sidebar_layout":"default_layout","_jetpack_memberships_contains_paid_content":false,"footnotes":"","jetpack_publicize_message":"","jetpack_publicize_feature_enabled":true,"jetpack_social_post_already_shared":false,"jetpack_social_options":{"image_generator_settings":{"template":"highway","default_image_id":0,"font":"","enabled":false},"version":2}},"categories":[30],"tags":[],"class_list":["post-53378","post","type-post","status-publish","format-standard","has-post-thumbnail","hentry","category-estados"],"jetpack_publicize_connections":[],"jetpack_featured_media_url":"https:\/\/i0.wp.com\/politicosaldesnudo.com.mx\/wp-content\/uploads\/2024\/12\/th-5.jpg?fit=380%2C196&ssl=1","jetpack-related-posts":[],"jetpack_sharing_enabled":true,"_links":{"self":[{"href":"https:\/\/politicosaldesnudo.com.mx\/index.php\/wp-json\/wp\/v2\/posts\/53378","targetHints":{"allow":["GET"]}}],"collection":[{"href":"https:\/\/politicosaldesnudo.com.mx\/index.php\/wp-json\/wp\/v2\/posts"}],"about":[{"href":"https:\/\/politicosaldesnudo.com.mx\/index.php\/wp-json\/wp\/v2\/types\/post"}],"author":[{"embeddable":true,"href":"https:\/\/politicosaldesnudo.com.mx\/index.php\/wp-json\/wp\/v2\/users\/4"}],"replies":[{"embeddable":true,"href":"https:\/\/politicosaldesnudo.com.mx\/index.php\/wp-json\/wp\/v2\/comments?post=53378"}],"version-history":[{"count":0,"href":"https:\/\/politicosaldesnudo.com.mx\/index.php\/wp-json\/wp\/v2\/posts\/53378\/revisions"}],"wp:featuredmedia":[{"embeddable":true,"href":"https:\/\/politicosaldesnudo.com.mx\/index.php\/wp-json\/wp\/v2\/media\/53379"}],"wp:attachment":[{"href":"https:\/\/politicosaldesnudo.com.mx\/index.php\/wp-json\/wp\/v2\/media?parent=53378"}],"wp:term":[{"taxonomy":"category","embeddable":true,"href":"https:\/\/politicosaldesnudo.com.mx\/index.php\/wp-json\/wp\/v2\/categories?post=53378"},{"taxonomy":"post_tag","embeddable":true,"href":"https:\/\/politicosaldesnudo.com.mx\/index.php\/wp-json\/wp\/v2\/tags?post=53378"}],"curies":[{"name":"wp","href":"https:\/\/api.w.org\/{rel}","templated":true}]}}