{"id":53381,"date":"2024-12-31T00:15:29","date_gmt":"2024-12-31T06:15:29","guid":{"rendered":"https:\/\/politicosaldesnudo.com.mx\/?p=53381"},"modified":"2024-12-30T22:19:57","modified_gmt":"2024-12-31T04:19:57","slug":"adelanta-alcaldesa-electa-de-ecatepec-equipamiento-vehicular-de-seguridad","status":"publish","type":"post","link":"https:\/\/politicosaldesnudo.com.mx\/index.php\/2024\/12\/31\/adelanta-alcaldesa-electa-de-ecatepec-equipamiento-vehicular-de-seguridad\/","title":{"rendered":"Adelanta alcaldesa electa de Ecatepec equipamiento vehicular de seguridad"},"content":{"rendered":"<div dir=\"auto\">La presidenta municipal electa de Ecatepec, Azucena Cisneros Coss anunci\u00f3 que aplicar\u00e1 un plan mixto de equipamiento vehicular para seguridad p\u00fablica consistente en arrendamiento y adquisici\u00f3n propia para atender las necesidades de seguridad y evitar que la poblaci\u00f3n se quede sin presencia de patrullas como ocurre actualmente.<\/div>\n<div dir=\"auto\">\n<div dir=\"auto\"><\/div>\n<div dir=\"auto\">Sostuvo que ya hay una acercamiento con las dos arrendaras que tiene el gobierno municipal saliente (Casanova que arrenda 550 patrullas e Integra con 120) para que contin\u00faen el servicio en tanto haya un licitaci\u00f3n para el esquema\u00a0mixto.<\/div>\n<div dir=\"auto\"><\/div>\n<div dir=\"auto\">Pidi\u00f3 a la ciudadan\u00eda estar tranquilos porque est\u00e1n en contacto con la Guardia Nacional y la Secretaria de Seguridad Estatal para que contin\u00faen los operativos de seguridad en las colonias de Ecatepec.<\/div>\n<div dir=\"auto\"><\/div>\n<div dir=\"auto\">\u201cLo que s\u00ed te puedo decir es que si fuera el caso del arrendamiento y la compra ser\u00e1 por v\u00eda licitaci\u00f3n porque esa es la \u00fanica manera de transparentar el gasto p\u00fablico y buscar las mejores opciones entonces que se quite el tema de la discrecionalidad porque adem\u00e1s son muchos recursos<\/div>\n<div dir=\"auto\"><\/div>\n<div dir=\"auto\">\n<div dir=\"auto\">\u201cLa idea es que no se quede sin patrullas en ning\u00fan momento el ayuntamiento\u201d.<\/div>\n<div dir=\"auto\"><\/div>\n<div dir=\"auto\">Afirm\u00f3 que el tema de las unidades policiacas se resolver\u00e1 partir del 2 de enero y se va normalizar.<\/div>\n<div dir=\"auto\"><\/div>\n<div dir=\"auto\">En conferencia de prensa en donde dio a conocer 24 nombramientos de sus directores que estar\u00e1n en la su administraci\u00f3n 2025-2027 (22 mujeres y 12 hombres); Cisneros Coss se\u00f1al\u00f3 que\u00a0quien tendr\u00e1 a su cargo la seguridad del municipio, ser\u00e1 definido en conjunto con los tres niveles de gobierno.<\/div>\n<div dir=\"auto\"><\/div>\n<div dir=\"auto\">\u201cLe pido a la ciudadan\u00eda que estemos tranquilos, que estamos buscando el mejor perfil y que eso nos puede llevar todav\u00eda algunos d\u00edas, que no lo estoy decidiendo sola, que ser\u00e1 una decisi\u00f3n en conjunto de los tres niveles de gobierno porque la ciudadan\u00eda de Ecatepec merece vivir en paz, merece un proyecto serio\u201d, indic\u00f3.<\/div>\n<div dir=\"auto\"><\/div>\n<div dir=\"auto\">Reiter\u00f3 que por primera vez en la historia del municipio, el director de la corporaci\u00f3n est\u00e1 siendo evaluado tambi\u00e9n por la federaci\u00f3n y el gobierno estatal.<\/div>\n<div dir=\"auto\"><\/div>\n<div dir=\"auto\">Adelant\u00f3 que en los primeros d\u00edas del gobierno presentar\u00e1 un Plan de Seguridad P\u00fablica que buscar\u00e1 cambiar por completo la imagen de la polic\u00eda.<\/div>\n<div dir=\"auto\"><\/div>\n<div dir=\"auto\">Cisneros Coss indic\u00f3 que ser\u00e1 hasta que tome posesi\u00f3n, cuando conozca detalles del estado financiero y f\u00edsico de la administraci\u00f3n.<\/div>\n<div dir=\"auto\"><\/div>\n<div dir=\"auto\">Destac\u00f3 que temas que deber\u00e1n revisarse como los casi 400 millones que se deben en laudos, el adeudo de casi mil millones de pesos con la Comisi\u00f3n Federal de Electricidad (CFE) y el pago pendiente de prestaciones a los trabajadores sindicalizados de Ecatepec.<\/div>\n<\/div>\n<\/div>\n","protected":false},"excerpt":{"rendered":"<p>La presidenta municipal electa de Ecatepec, Azucena Cisneros Coss anunci\u00f3 que aplicar\u00e1 un plan mixto de equipamiento vehicular para seguridad<\/p>\n","protected":false},"author":4,"featured_media":53382,"comment_status":"closed","ping_status":"closed","sticky":false,"template":"","format":"standard","meta":{"colormag_page_container_layout":"default_layout","colormag_page_sidebar_layout":"default_layout","_jetpack_memberships_contains_paid_content":false,"footnotes":"","jetpack_publicize_message":"","jetpack_publicize_feature_enabled":true,"jetpack_social_post_already_shared":false,"jetpack_social_options":{"image_generator_settings":{"template":"highway","default_image_id":0,"font":"","enabled":false},"version":2}},"categories":[30],"tags":[],"class_list":["post-53381","post","type-post","status-publish","format-standard","has-post-thumbnail","hentry","category-estados"],"jetpack_publicize_connections":[],"jetpack_featured_media_url":"https:\/\/i0.wp.com\/politicosaldesnudo.com.mx\/wp-content\/uploads\/2024\/12\/Azucena-gabinete-4-1024x1004-1.jpeg?fit=1024%2C611&ssl=1","jetpack-related-posts":[],"jetpack_sharing_enabled":true,"_links":{"self":[{"href":"https:\/\/politicosaldesnudo.com.mx\/index.php\/wp-json\/wp\/v2\/posts\/53381","targetHints":{"allow":["GET"]}}],"collection":[{"href":"https:\/\/politicosaldesnudo.com.mx\/index.php\/wp-json\/wp\/v2\/posts"}],"about":[{"href":"https:\/\/politicosaldesnudo.com.mx\/index.php\/wp-json\/wp\/v2\/types\/post"}],"author":[{"embeddable":true,"href":"https:\/\/politicosaldesnudo.com.mx\/index.php\/wp-json\/wp\/v2\/users\/4"}],"replies":[{"embeddable":true,"href":"https:\/\/politicosaldesnudo.com.mx\/index.php\/wp-json\/wp\/v2\/comments?post=53381"}],"version-history":[{"count":0,"href":"https:\/\/politicosaldesnudo.com.mx\/index.php\/wp-json\/wp\/v2\/posts\/53381\/revisions"}],"wp:featuredmedia":[{"embeddable":true,"href":"https:\/\/politicosaldesnudo.com.mx\/index.php\/wp-json\/wp\/v2\/media\/53382"}],"wp:attachment":[{"href":"https:\/\/politicosaldesnudo.com.mx\/index.php\/wp-json\/wp\/v2\/media?parent=53381"}],"wp:term":[{"taxonomy":"category","embeddable":true,"href":"https:\/\/politicosaldesnudo.com.mx\/index.php\/wp-json\/wp\/v2\/categories?post=53381"},{"taxonomy":"post_tag","embeddable":true,"href":"https:\/\/politicosaldesnudo.com.mx\/index.php\/wp-json\/wp\/v2\/tags?post=53381"}],"curies":[{"name":"wp","href":"https:\/\/api.w.org\/{rel}","templated":true}]}}