{"id":53443,"date":"2025-01-02T00:27:23","date_gmt":"2025-01-02T06:27:23","guid":{"rendered":"https:\/\/politicosaldesnudo.com.mx\/?p=53443"},"modified":"2025-01-02T00:27:23","modified_gmt":"2025-01-02T06:27:23","slug":"brasil-se-pone-al-frente-del-brics","status":"publish","type":"post","link":"https:\/\/politicosaldesnudo.com.mx\/index.php\/2025\/01\/02\/brasil-se-pone-al-frente-del-brics\/","title":{"rendered":"Brasil se pone al frente del BRICS"},"content":{"rendered":"<p>Brasil asumi\u00f3 este 1 de enero la presidencia rotativa del grupo BRICS (Brasil, Rusia, India, China y Sud\u00e1frica), al establecer una agenda centrada en la cooperaci\u00f3n entre pa\u00edses del Sur Global, la reforma de la gobernanza internacional y el desarrollo de mecanismos para facilitar el comercio entre sus miembros.<\/p>\n<p>\u201cEl grupo formado por Brasil, Rusia, India, China y Sud\u00e1frica, as\u00ed como otros miembros recientemente admitidos -Arabia Saudita, Egipto, Emiratos \u00c1rabes Unidos, Etiop\u00eda e Ir\u00e1n- representa uno de los principales foros de articulaci\u00f3n pol\u00edtico-diplom\u00e1tica entre los pa\u00edses del Sur Global, con foco en la cooperaci\u00f3n en diversas \u00e1reas\u201d, se\u00f1ala el comunicado del gobierno brasile\u00f1o.<\/p>\n<p>Agrega que \u201cBajo el lema \u2018Fortalecimiento de la cooperaci\u00f3n del Sur Global para una gobernanza m\u00e1s inclusiva y sostenible\u2019, la presidencia brasile\u00f1a actuar\u00e1 en dos ejes principales: Cooperaci\u00f3n del Sur Global y Reforma de la Gobernanza Global\u201d.<\/p>\n<p>Seg\u00fan el gobierno brasile\u00f1o, entre las prioridades destacan el desarrollo de m\u00e9todos de pago que faciliten el comercio y la inversi\u00f3n entre los pa\u00edses miembros, promover una gobernanza inclusiva y responsable de la Inteligencia Artificial para el desarrollo, as\u00ed como mejorar las estructuras de financiamiento para abordar el cambio clim\u00e1tico, en di\u00e1logo con la COP30 (Conferencia de las Naciones Unidas sobre el Cambio Clim\u00e1tico de 2025).<\/p>\n<p>El comunicado menciona que tambi\u00e9n destaca fomentar proyectos de cooperaci\u00f3n entre pa\u00edses del Sur Global, con enfoque en la salud p\u00fablica, as\u00ed como el fortalecimiento institucional del grupo.<\/p>\n<p>Hay m\u00e1s de 100 reuniones programadas entre febrero y julio de este a\u00f1o en la ciudad de Brasilia, mientras que la Cumbre de BRICS, un espacio de deliberaci\u00f3n entre jefes de Estado y de gobierno, est\u00e1 prevista de manera inicial para julio, en R\u00edo de Janeiro.<\/p>\n","protected":false},"excerpt":{"rendered":"<p>Brasil asumi\u00f3 este 1 de enero la presidencia rotativa del grupo BRICS (Brasil, Rusia, India, China y Sud\u00e1frica), al establecer<\/p>\n","protected":false},"author":4,"featured_media":53444,"comment_status":"closed","ping_status":"closed","sticky":false,"template":"","format":"standard","meta":{"colormag_page_container_layout":"default_layout","colormag_page_sidebar_layout":"default_layout","_jetpack_memberships_contains_paid_content":false,"footnotes":"","jetpack_publicize_message":"","jetpack_publicize_feature_enabled":true,"jetpack_social_post_already_shared":false,"jetpack_social_options":{"image_generator_settings":{"template":"highway","default_image_id":0,"font":"","enabled":false},"version":2}},"categories":[2050],"tags":[],"class_list":["post-53443","post","type-post","status-publish","format-standard","has-post-thumbnail","hentry","category-economia"],"jetpack_publicize_connections":[],"jetpack_featured_media_url":"https:\/\/i0.wp.com\/politicosaldesnudo.com.mx\/wp-content\/uploads\/2025\/01\/629846.jpg?fit=1280%2C802&ssl=1","jetpack-related-posts":[],"jetpack_sharing_enabled":true,"_links":{"self":[{"href":"https:\/\/politicosaldesnudo.com.mx\/index.php\/wp-json\/wp\/v2\/posts\/53443","targetHints":{"allow":["GET"]}}],"collection":[{"href":"https:\/\/politicosaldesnudo.com.mx\/index.php\/wp-json\/wp\/v2\/posts"}],"about":[{"href":"https:\/\/politicosaldesnudo.com.mx\/index.php\/wp-json\/wp\/v2\/types\/post"}],"author":[{"embeddable":true,"href":"https:\/\/politicosaldesnudo.com.mx\/index.php\/wp-json\/wp\/v2\/users\/4"}],"replies":[{"embeddable":true,"href":"https:\/\/politicosaldesnudo.com.mx\/index.php\/wp-json\/wp\/v2\/comments?post=53443"}],"version-history":[{"count":0,"href":"https:\/\/politicosaldesnudo.com.mx\/index.php\/wp-json\/wp\/v2\/posts\/53443\/revisions"}],"wp:featuredmedia":[{"embeddable":true,"href":"https:\/\/politicosaldesnudo.com.mx\/index.php\/wp-json\/wp\/v2\/media\/53444"}],"wp:attachment":[{"href":"https:\/\/politicosaldesnudo.com.mx\/index.php\/wp-json\/wp\/v2\/media?parent=53443"}],"wp:term":[{"taxonomy":"category","embeddable":true,"href":"https:\/\/politicosaldesnudo.com.mx\/index.php\/wp-json\/wp\/v2\/categories?post=53443"},{"taxonomy":"post_tag","embeddable":true,"href":"https:\/\/politicosaldesnudo.com.mx\/index.php\/wp-json\/wp\/v2\/tags?post=53443"}],"curies":[{"name":"wp","href":"https:\/\/api.w.org\/{rel}","templated":true}]}}