{"id":53446,"date":"2025-01-02T00:29:21","date_gmt":"2025-01-02T06:29:21","guid":{"rendered":"https:\/\/politicosaldesnudo.com.mx\/?p=53446"},"modified":"2025-01-02T00:29:21","modified_gmt":"2025-01-02T06:29:21","slug":"congreso-de-guanajuato-perfilara-a-candidatos-a-la-fge-a-partir-del-8-de-enero","status":"publish","type":"post","link":"https:\/\/politicosaldesnudo.com.mx\/index.php\/2025\/01\/02\/congreso-de-guanajuato-perfilara-a-candidatos-a-la-fge-a-partir-del-8-de-enero\/","title":{"rendered":"Congreso de Guanajuato perfilar\u00e1 a candidatos a la FGE a partir del 8 de enero"},"content":{"rendered":"<p><em>Guanajuato, Gto.<\/em><\/p>\n<p>El 8 de enero, la Junta de Gobierno y Coordinaci\u00f3n Pol\u00edtica del Congreso de Guanajuato comenzar\u00e1 a \u201cperfilar\u201d a los candidatos para ocupar la titularidad de la Fiscal\u00eda General del Estado (FGE).<\/p>\n<p>Despu\u00e9s de casi 16 a\u00f1os de estar al frente de la procuraci\u00f3n de justicia, Carlos Zamarripa Aguirre dej\u00f3 la titularidad de la FGE. La gobernadora, Libia Garc\u00eda Mu\u00f1oz Ledo, design\u00f3 como fiscal provisional a Zuc\u00e9 Anastacia Hern\u00e1ndez Mart\u00ednez.<\/p>\n<p>La Junta de Gobierno y Coordinaci\u00f3n Pol\u00edtica sesion\u00f3 y acord\u00f3 un calendario tentativo para integrar la lista de los cinco candidatos que ser\u00e1n enviados a la gobernadora para que escoja una terna de la cual saldr\u00e1 el pr\u00f3ximo fiscal.<\/p>\n<p>\u201cAcordamos la ruta de trabajo para el nombramiento del fiscal. \u201cEl d\u00eda de hoy se actualiza el supuesto de la ausencia de la persona titular de la Fiscal\u00eda; ya la gobernadora nombr\u00f3 a la persona encargada del despacho y corresponde al Poder Legislativo arrancar el proceso para la designaci\u00f3n\u201d, inform\u00f3 el presidente de la Junta de Gobierno, Jorge Espadas Galv\u00e1n.<\/p>\n<p>El 8 de enero, la Junta de Gobierno iniciar\u00e1 el proceso para integrar la lista de los cinco aspirantes a encabezar la FGE, se\u00f1al\u00f3.<\/p>\n<p>Agreg\u00f3 que para el 13 de enero tendr\u00edan que estar listas las cinco candidaturas que ser\u00e1n enviadas a la Diputaci\u00f3n Permanente para que, el d\u00eda 15, convoque a un periodo extraordinario de sesiones.<\/p>\n<p>Ese mismo d\u00eda la \u201cquinteta\u201d ser\u00eda enviada a la gobernadora, Libia Garc\u00eda Mu\u00f1oz Ledo, para que elija a la terna que tendr\u00e1 que regresar al Congreso para que sea elegido el pr\u00f3ximo fiscal, refiri\u00f3.<\/p>\n<p>\u201cPor los plazos legales que tenemos, estar\u00edamos resolviendo el tema del fiscal, en definitiva, la primera semana de febrero, tentativamente el d\u00eda tres de febrero\u201d, puntualiz\u00f3.<\/p>\n<p>Cada grupo parlamentario podr\u00e1 presentar o no propuestas para integrar la lista de los cinco candidatos, dijo Espadas Galv\u00e1n.<\/p>\n<p>El pr\u00f3ximo fiscal debe mejorar todo el trabajo de persecuci\u00f3n del delito y de procuraci\u00f3n de justicia; tiene que tener un di\u00e1logo permanente con la federaci\u00f3n, con el estado y los 46 ayuntamientos, esboz\u00f3.<\/p>\n<p>La fiscal provisional, Zuc\u00e9 Anastacia Hern\u00e1ndez, puede ser considerada en la \u201cquinteta\u201d de candidatos porque cumple con el perfil, coment\u00f3 Espadas.<\/p>\n<p>Sobre una posible auditor\u00eda financiera a la FGE, Jorge Espadas mencion\u00f3 que est\u00e1n contempladas en el plan anual de la Auditor\u00eda Superior del Estado (ASE).<\/p>\n<p>El coordinador de los diputados del PRI, Alejandro Arias \u00c1vila, consider\u00f3 que no necesariamente se requiere una auditor\u00eda espec\u00edfica porque se han realizado en los \u00faltimos tres a\u00f1os.<\/p>\n<p>A trav\u00e9s de su cuenta de X, la Fiscal\u00eda General del Estado agradeci\u00f3 a Carlos Zamarripa \u201cpor m\u00e1s de 30 a\u00f1os de entrega, dedicaci\u00f3n y pasi\u00f3n en la noble labor de procurar justicia\u201d.<\/p>\n<p>\u201cDurante 16 a\u00f1os, como el \u00faltimo Procurador de Justicia y el primer Fiscal General, destac\u00f3 no solo por su carrera, sino tambi\u00e9n por las profundas transformaciones que ha impulsado en la procuraci\u00f3n de justicia de Guanajuato\u201d, difundi\u00f3.<\/p>\n<p>Con visi\u00f3n y liderazgo, Carlos Zamarripa revolucion\u00f3 el sistema al implementar pol\u00edticas y estrategias que hicieron que nuestra entidad trascendiera, resalt\u00f3.<\/p>\n<p>\u201cSu legado se distingue por la eficacia, la transparencia y la modernidad. Su compromiso ha transformado vidas. \u201c\u00a1Nos inspira y nos impulsa a seguir adelante con determinaci\u00f3n y esperanza!\u201d, remata el mensaje.<\/p>\n","protected":false},"excerpt":{"rendered":"<p>Guanajuato, Gto. El 8 de enero, la Junta de Gobierno y Coordinaci\u00f3n Pol\u00edtica del Congreso de Guanajuato comenzar\u00e1 a \u201cperfilar\u201d<\/p>\n","protected":false},"author":4,"featured_media":53447,"comment_status":"closed","ping_status":"closed","sticky":false,"template":"","format":"standard","meta":{"colormag_page_container_layout":"default_layout","colormag_page_sidebar_layout":"default_layout","_jetpack_memberships_contains_paid_content":false,"footnotes":"","jetpack_publicize_message":"","jetpack_publicize_feature_enabled":true,"jetpack_social_post_already_shared":false,"jetpack_social_options":{"image_generator_settings":{"template":"highway","default_image_id":0,"font":"","enabled":false},"version":2}},"categories":[30],"tags":[],"class_list":["post-53446","post","type-post","status-publish","format-standard","has-post-thumbnail","hentry","category-estados"],"jetpack_publicize_connections":[],"jetpack_featured_media_url":"https:\/\/i0.wp.com\/politicosaldesnudo.com.mx\/wp-content\/uploads\/2025\/01\/slide_WhatsApp_Image_2024-12-18_at_10.58.08_AM.jpeg?fit=520%2C323&ssl=1","jetpack-related-posts":[],"jetpack_sharing_enabled":true,"_links":{"self":[{"href":"https:\/\/politicosaldesnudo.com.mx\/index.php\/wp-json\/wp\/v2\/posts\/53446","targetHints":{"allow":["GET"]}}],"collection":[{"href":"https:\/\/politicosaldesnudo.com.mx\/index.php\/wp-json\/wp\/v2\/posts"}],"about":[{"href":"https:\/\/politicosaldesnudo.com.mx\/index.php\/wp-json\/wp\/v2\/types\/post"}],"author":[{"embeddable":true,"href":"https:\/\/politicosaldesnudo.com.mx\/index.php\/wp-json\/wp\/v2\/users\/4"}],"replies":[{"embeddable":true,"href":"https:\/\/politicosaldesnudo.com.mx\/index.php\/wp-json\/wp\/v2\/comments?post=53446"}],"version-history":[{"count":0,"href":"https:\/\/politicosaldesnudo.com.mx\/index.php\/wp-json\/wp\/v2\/posts\/53446\/revisions"}],"wp:featuredmedia":[{"embeddable":true,"href":"https:\/\/politicosaldesnudo.com.mx\/index.php\/wp-json\/wp\/v2\/media\/53447"}],"wp:attachment":[{"href":"https:\/\/politicosaldesnudo.com.mx\/index.php\/wp-json\/wp\/v2\/media?parent=53446"}],"wp:term":[{"taxonomy":"category","embeddable":true,"href":"https:\/\/politicosaldesnudo.com.mx\/index.php\/wp-json\/wp\/v2\/categories?post=53446"},{"taxonomy":"post_tag","embeddable":true,"href":"https:\/\/politicosaldesnudo.com.mx\/index.php\/wp-json\/wp\/v2\/tags?post=53446"}],"curies":[{"name":"wp","href":"https:\/\/api.w.org\/{rel}","templated":true}]}}