{"id":53528,"date":"2025-01-03T00:39:38","date_gmt":"2025-01-03T06:39:38","guid":{"rendered":"https:\/\/politicosaldesnudo.com.mx\/?p=53528"},"modified":"2025-01-03T00:39:38","modified_gmt":"2025-01-03T06:39:38","slug":"decomisan-3-millones-de-productos-ilicitos-en-durango","status":"publish","type":"post","link":"https:\/\/politicosaldesnudo.com.mx\/index.php\/2025\/01\/03\/decomisan-3-millones-de-productos-ilicitos-en-durango\/","title":{"rendered":"Decomisan 3 millones de productos il\u00edcitos en Durango"},"content":{"rendered":"<p dir=\"ltr\">La Secretar\u00eda de Econom\u00eda (SE) inform\u00f3 este jueves que como parte del \u201cOperativo Limpieza\u201d, se decomisaron en Durango alrededor de 3 millones de piezas de mercanc\u00eda il\u00edcita, las cuales tienen un valor de entre 300 y 350 millones de pesos.<\/p>\n<p dir=\"ltr\">Con esto, se\u00f1al\u00f3 en conferencia v\u00eda remota Marcelo Ebrard, titular de la SE, suman cinco operativos a nivel nacional, contando Ciudad de M\u00e9xico, Baja California, Coahuila y Sonora.<\/p>\n<p dir=\"ltr\">\u201cLa presidenta Claudia Sheinbaum nos ha encomendado que este operativo sea permanente, buscando que este tipo de comercios que venden productos que entran al pa\u00eds de manera il\u00edcita y que violan normas de cualquier \u00edndole del pa\u00eds no siga adelante, dado que est\u00e1n provocando un impacto muy serio en la industria nacional\u201d, apunt\u00f3.<\/p>\n<p dir=\"ltr\">Destac\u00f3 que prev\u00e9 que a finales de febrero se hayan llevado operativos en todos los estados del pa\u00eds.<\/p>\n<div>\u201cLa apertura de estas tiendas es reciente; en algunos casos, apenas llevan meses operando. Nuestro objetivo es identificar c\u00f3mo se transportan estos productos y qui\u00e9nes se benefician con su comercializaci\u00f3n.<\/div>\n<div><\/div>\n<div>\u201cQueremos proteger el empleo, a las empresas que cumplen con la ley y a los consumidores. No podemos permitir la venta de productos sin registro sanitario. Tambi\u00e9n estamos protegiendo las marcas y la inversi\u00f3n leg\u00edtima en el pa\u00eds\u201d, declar\u00f3 Ebrard.<\/div>\n<p dir=\"ltr\">El Operativo Limpieza, ha explicado Ebrard, busca la legalidad y certeza jur\u00eddica en la introducci\u00f3n de mercanc\u00edas. Este comenz\u00f3 a finales de noviembre de 2024 con un operativo en Plaza Izazaga de la Ciudad de M\u00e9xico.<\/p>\n<p dir=\"ltr\">Esteban Villegas, gobernador de Durango, inform\u00f3 que el operativo que se llev\u00f3 a cabo esta ma\u00f1ana en el estado dio como resultado tres puntos asegurados: Mega Oriental, Mall Chino y Up Shopping, los cuales abarcan alrededor de 14 mil metros cuadrados.<\/p>\n<p dir=\"ltr\">\u201cNo pagaban impuestos y, seguramente, no tienen a sus trabajadores registrados ante el Seguro Social\u201d, se\u00f1al\u00f3 el mandatario estatal. Tambi\u00e9n inform\u00f3 que se est\u00e1 realizando la cuantificaci\u00f3n exacta de los productos decomisados, que ser\u00e1n puestos bajo resguardo de la Secretar\u00eda de Econom\u00eda.<\/p>\n<div>Villegas\u00a0no descart\u00f3 que se realicen m\u00e1s operativos similares en otras tiendas de este tipo, no solo en la ciudad de Durango, donde todav\u00eda operan varias, sino tambi\u00e9n en el municipio de G\u00f3mez Palacio, ubicado en la Comarca Lagunera.<\/div>\n<p dir=\"ltr\">El operativo inici\u00f3 la ma\u00f1ana del 2 de enero de 2025, y en \u00e9l participaron aproximadamente 900 personas, incluyendo autoridades de la Secretar\u00eda de Desarrollo Econ\u00f3mico del Estado, la Comisi\u00f3n para la Protecci\u00f3n Sanitaria del Estado de Durango (Coprised), la Secretar\u00eda de Econom\u00eda federal, la Guardia Nacional y el Ej\u00e9rcito Mexicano.<\/p>\n<p dir=\"ltr\">Entre los productos asegurados est\u00e1n art\u00edculos de vestido y confecci\u00f3n, maquillaje, limpieza, cuidado personal, juguetes, art\u00edculos navide\u00f1os, peluches, productos el\u00e9ctricos y electr\u00f3nicos, alimentos, art\u00edculos para mascota, para el aseo personal, lencer\u00eda y ropa \u00edntima, perfumer\u00eda, mochilas, bolsas para dama, entre otros.<\/p>\n<p dir=\"ltr\">Dichos productos, dijo el gobernador, no cuentan con etiquetado en espa\u00f1ol, no se ve la fecha de caducidad o est\u00e1n caducados, son productos enga\u00f1osos, no tienen registros sanitarios pertinentes, entro otros inclumientos a las normas sanitarias.<\/p>\n","protected":false},"excerpt":{"rendered":"<p>La Secretar\u00eda de Econom\u00eda (SE) inform\u00f3 este jueves que como parte del \u201cOperativo Limpieza\u201d, se decomisaron en Durango alrededor de<\/p>\n","protected":false},"author":4,"featured_media":53529,"comment_status":"closed","ping_status":"closed","sticky":false,"template":"","format":"standard","meta":{"colormag_page_container_layout":"default_layout","colormag_page_sidebar_layout":"default_layout","_jetpack_memberships_contains_paid_content":false,"footnotes":"","jetpack_publicize_message":"","jetpack_publicize_feature_enabled":true,"jetpack_social_post_already_shared":false,"jetpack_social_options":{"image_generator_settings":{"template":"highway","default_image_id":0,"font":"","enabled":false},"version":2}},"categories":[30],"tags":[],"class_list":["post-53528","post","type-post","status-publish","format-standard","has-post-thumbnail","hentry","category-estados"],"jetpack_publicize_connections":[],"jetpack_featured_media_url":"https:\/\/i0.wp.com\/politicosaldesnudo.com.mx\/wp-content\/uploads\/2025\/01\/th.jpg?fit=380%2C196&ssl=1","jetpack-related-posts":[],"jetpack_sharing_enabled":true,"_links":{"self":[{"href":"https:\/\/politicosaldesnudo.com.mx\/index.php\/wp-json\/wp\/v2\/posts\/53528","targetHints":{"allow":["GET"]}}],"collection":[{"href":"https:\/\/politicosaldesnudo.com.mx\/index.php\/wp-json\/wp\/v2\/posts"}],"about":[{"href":"https:\/\/politicosaldesnudo.com.mx\/index.php\/wp-json\/wp\/v2\/types\/post"}],"author":[{"embeddable":true,"href":"https:\/\/politicosaldesnudo.com.mx\/index.php\/wp-json\/wp\/v2\/users\/4"}],"replies":[{"embeddable":true,"href":"https:\/\/politicosaldesnudo.com.mx\/index.php\/wp-json\/wp\/v2\/comments?post=53528"}],"version-history":[{"count":0,"href":"https:\/\/politicosaldesnudo.com.mx\/index.php\/wp-json\/wp\/v2\/posts\/53528\/revisions"}],"wp:featuredmedia":[{"embeddable":true,"href":"https:\/\/politicosaldesnudo.com.mx\/index.php\/wp-json\/wp\/v2\/media\/53529"}],"wp:attachment":[{"href":"https:\/\/politicosaldesnudo.com.mx\/index.php\/wp-json\/wp\/v2\/media?parent=53528"}],"wp:term":[{"taxonomy":"category","embeddable":true,"href":"https:\/\/politicosaldesnudo.com.mx\/index.php\/wp-json\/wp\/v2\/categories?post=53528"},{"taxonomy":"post_tag","embeddable":true,"href":"https:\/\/politicosaldesnudo.com.mx\/index.php\/wp-json\/wp\/v2\/tags?post=53528"}],"curies":[{"name":"wp","href":"https:\/\/api.w.org\/{rel}","templated":true}]}}