{"id":53531,"date":"2025-01-03T00:41:03","date_gmt":"2025-01-03T06:41:03","guid":{"rendered":"https:\/\/politicosaldesnudo.com.mx\/?p=53531"},"modified":"2025-01-03T00:41:03","modified_gmt":"2025-01-03T06:41:03","slug":"paro-en-transporte-publico-de-ciudad-victoria-contra-revision-de-unidades","status":"publish","type":"post","link":"https:\/\/politicosaldesnudo.com.mx\/index.php\/2025\/01\/03\/paro-en-transporte-publico-de-ciudad-victoria-contra-revision-de-unidades\/","title":{"rendered":"Paro en transporte p\u00fablico de Ciudad Victoria contra revisi\u00f3n de unidades"},"content":{"rendered":"<p>Concesionarios del servicio p\u00fablico de transporte urbano de esta capital paralizaron sus unidades en protesta por revisiones de la Direcci\u00f3n de Tr\u00e1nsito Municipal, que aseguraron siete microbuses con polarizado de las unidades, tambi\u00e9n la autoridad detect\u00f3 que los choferes realizaban el servicio bajo efectos alcoh\u00f3licos o alg\u00fan estupefaciente.<\/p>\n<p>Esta ma\u00f1ana los quejosos estacionaron sus unidades sobre el bulevar Pr\u00e1xedis Balboa y posteriormente recorrieron las calles principales con emblemas de \u00abagentes de tr\u00e1nsito y municipio abusivo\u00bb; ante el paro, los usuarios recurrieron al servicio de servicio de plataforma.<\/p>\n<p>Jos\u00e9 Luis V\u00e1zquez, representante de los transportistas dijo que las protestas continuar\u00e1n porque los choferes consideran que las acciones de la autoridad son \u00abexcesivas\u00bb ya que no se justifican.<\/p>\n","protected":false},"excerpt":{"rendered":"<p>Concesionarios del servicio p\u00fablico de transporte urbano de esta capital paralizaron sus unidades en protesta por revisiones de la Direcci\u00f3n<\/p>\n","protected":false},"author":4,"featured_media":53532,"comment_status":"closed","ping_status":"closed","sticky":false,"template":"","format":"standard","meta":{"colormag_page_container_layout":"default_layout","colormag_page_sidebar_layout":"default_layout","_jetpack_memberships_contains_paid_content":false,"footnotes":"","jetpack_publicize_message":"","jetpack_publicize_feature_enabled":true,"jetpack_social_post_already_shared":false,"jetpack_social_options":{"image_generator_settings":{"template":"highway","default_image_id":0,"font":"","enabled":false},"version":2}},"categories":[30],"tags":[],"class_list":["post-53531","post","type-post","status-publish","format-standard","has-post-thumbnail","hentry","category-estados"],"jetpack_publicize_connections":[],"jetpack_featured_media_url":"https:\/\/i0.wp.com\/politicosaldesnudo.com.mx\/wp-content\/uploads\/2025\/01\/AA1wRUxp.jpg?fit=1024%2C682&ssl=1","jetpack-related-posts":[],"jetpack_sharing_enabled":true,"_links":{"self":[{"href":"https:\/\/politicosaldesnudo.com.mx\/index.php\/wp-json\/wp\/v2\/posts\/53531","targetHints":{"allow":["GET"]}}],"collection":[{"href":"https:\/\/politicosaldesnudo.com.mx\/index.php\/wp-json\/wp\/v2\/posts"}],"about":[{"href":"https:\/\/politicosaldesnudo.com.mx\/index.php\/wp-json\/wp\/v2\/types\/post"}],"author":[{"embeddable":true,"href":"https:\/\/politicosaldesnudo.com.mx\/index.php\/wp-json\/wp\/v2\/users\/4"}],"replies":[{"embeddable":true,"href":"https:\/\/politicosaldesnudo.com.mx\/index.php\/wp-json\/wp\/v2\/comments?post=53531"}],"version-history":[{"count":0,"href":"https:\/\/politicosaldesnudo.com.mx\/index.php\/wp-json\/wp\/v2\/posts\/53531\/revisions"}],"wp:featuredmedia":[{"embeddable":true,"href":"https:\/\/politicosaldesnudo.com.mx\/index.php\/wp-json\/wp\/v2\/media\/53532"}],"wp:attachment":[{"href":"https:\/\/politicosaldesnudo.com.mx\/index.php\/wp-json\/wp\/v2\/media?parent=53531"}],"wp:term":[{"taxonomy":"category","embeddable":true,"href":"https:\/\/politicosaldesnudo.com.mx\/index.php\/wp-json\/wp\/v2\/categories?post=53531"},{"taxonomy":"post_tag","embeddable":true,"href":"https:\/\/politicosaldesnudo.com.mx\/index.php\/wp-json\/wp\/v2\/tags?post=53531"}],"curies":[{"name":"wp","href":"https:\/\/api.w.org\/{rel}","templated":true}]}}