{"id":53573,"date":"2025-01-04T00:03:36","date_gmt":"2025-01-04T06:03:36","guid":{"rendered":"https:\/\/politicosaldesnudo.com.mx\/?p=53573"},"modified":"2025-01-03T22:19:05","modified_gmt":"2025-01-04T04:19:05","slug":"por-vencer-plazo-para-ser-cae","status":"publish","type":"post","link":"https:\/\/politicosaldesnudo.com.mx\/index.php\/2025\/01\/04\/por-vencer-plazo-para-ser-cae\/","title":{"rendered":"Por vencer plazo para ser CAE"},"content":{"rendered":"<p>Con el inicio del Proceso Electoral Extraordinario convocado por el Poder Judicial, la 5ta Junta Distrital del Instituto Nacional Electoral (INE), que incluye al municipio de Tuxpan, ha abierto una convocatoria para la contrataci\u00f3n de Capacitadores Asistentes Electorales (CAE) y Supervisores Electorales (SE). El plazo para recibir la documentaci\u00f3n de los aspirantes vence el pr\u00f3ximo mi\u00e9rcoles 8 de enero.<\/p>\n<p>El consejero presidente de la Junta Distrital destac\u00f3 que el personal contratado tendr\u00e1 la responsabilidad de invitar y capacitar a las personas seleccionadas como funcionarios de casilla, quienes desempe\u00f1ar\u00e1n un papel clave en la organizaci\u00f3n de la jornada electoral.<\/p>\n<p>Los CAE se encargar\u00e1n de notificar, capacitar y entregar los nombramientos a los ciudadanos sorteados como funcionarios de casilla. Adem\u00e1s, ser\u00e1n responsables de garantizar el correcto funcionamiento de las mesas directivas durante el d\u00eda de la elecci\u00f3n, informar sobre el desarrollo de la jornada electoral y apoyar en la recolecci\u00f3n y traslado de los paquetes electorales.<\/p>\n<p>Por su parte, los Supervisores Electorales coordinar\u00e1n y verificar\u00e1n las actividades realizadas por los CAE en campo, asegurando que las tareas de capacitaci\u00f3n y asistencia electoral se ejecuten conforme a los lineamientos del INE.<\/p>\n<p>Los interesados deber\u00e1n presentar su documentaci\u00f3n en las oficinas de la Junta Distrital antes de la fecha l\u00edmite.<span id=\"_GoBack\"><\/span><\/p>\n","protected":false},"excerpt":{"rendered":"<p>Con el inicio del Proceso Electoral Extraordinario convocado por el Poder Judicial, la 5ta Junta Distrital del Instituto Nacional Electoral<\/p>\n","protected":false},"author":4,"featured_media":53574,"comment_status":"closed","ping_status":"closed","sticky":false,"template":"","format":"standard","meta":{"colormag_page_container_layout":"default_layout","colormag_page_sidebar_layout":"default_layout","_jetpack_memberships_contains_paid_content":false,"footnotes":"","jetpack_publicize_message":"","jetpack_publicize_feature_enabled":true,"jetpack_social_post_already_shared":false,"jetpack_social_options":{"image_generator_settings":{"template":"highway","default_image_id":0,"font":"","enabled":false},"version":2}},"categories":[1082],"tags":[],"class_list":["post-53573","post","type-post","status-publish","format-standard","has-post-thumbnail","hentry","category-tuxpan"],"jetpack_publicize_connections":[],"jetpack_featured_media_url":"https:\/\/i0.wp.com\/politicosaldesnudo.com.mx\/wp-content\/uploads\/2025\/01\/4c-1.jpg?fit=960%2C720&ssl=1","jetpack-related-posts":[],"jetpack_sharing_enabled":true,"_links":{"self":[{"href":"https:\/\/politicosaldesnudo.com.mx\/index.php\/wp-json\/wp\/v2\/posts\/53573","targetHints":{"allow":["GET"]}}],"collection":[{"href":"https:\/\/politicosaldesnudo.com.mx\/index.php\/wp-json\/wp\/v2\/posts"}],"about":[{"href":"https:\/\/politicosaldesnudo.com.mx\/index.php\/wp-json\/wp\/v2\/types\/post"}],"author":[{"embeddable":true,"href":"https:\/\/politicosaldesnudo.com.mx\/index.php\/wp-json\/wp\/v2\/users\/4"}],"replies":[{"embeddable":true,"href":"https:\/\/politicosaldesnudo.com.mx\/index.php\/wp-json\/wp\/v2\/comments?post=53573"}],"version-history":[{"count":0,"href":"https:\/\/politicosaldesnudo.com.mx\/index.php\/wp-json\/wp\/v2\/posts\/53573\/revisions"}],"wp:featuredmedia":[{"embeddable":true,"href":"https:\/\/politicosaldesnudo.com.mx\/index.php\/wp-json\/wp\/v2\/media\/53574"}],"wp:attachment":[{"href":"https:\/\/politicosaldesnudo.com.mx\/index.php\/wp-json\/wp\/v2\/media?parent=53573"}],"wp:term":[{"taxonomy":"category","embeddable":true,"href":"https:\/\/politicosaldesnudo.com.mx\/index.php\/wp-json\/wp\/v2\/categories?post=53573"},{"taxonomy":"post_tag","embeddable":true,"href":"https:\/\/politicosaldesnudo.com.mx\/index.php\/wp-json\/wp\/v2\/tags?post=53573"}],"curies":[{"name":"wp","href":"https:\/\/api.w.org\/{rel}","templated":true}]}}