{"id":53622,"date":"2025-01-04T01:01:05","date_gmt":"2025-01-04T07:01:05","guid":{"rendered":"https:\/\/politicosaldesnudo.com.mx\/?p=53622"},"modified":"2025-01-04T01:01:05","modified_gmt":"2025-01-04T07:01:05","slug":"se-reanudaran-negociaciones-indirectas-de-tregua-con-israel-anuncia-hamas","status":"publish","type":"post","link":"https:\/\/politicosaldesnudo.com.mx\/index.php\/2025\/01\/04\/se-reanudaran-negociaciones-indirectas-de-tregua-con-israel-anuncia-hamas\/","title":{"rendered":"Se reanudar\u00e1n negociaciones indirectas de tregua con Israel, anuncia Hamas"},"content":{"rendered":"<p>Las negociaciones indirectas entre Israel y Hamas para una tregua en la franja de Gaza se reanudar\u00e1n el viernes en Qatar, anunci\u00f3 el movimiento islamista palestino en un comunicado.<\/p>\n<p>\u00abLas negociaciones indirectas se retomar\u00e1n hoy, viernes, en Doha, la capital catar\u00ed\u00bb, afirm\u00f3 Hamas, que gobierna el estrecho territorio palestino. El grupo islamista a\u00f1adi\u00f3 que las discusiones se centrar\u00e1n en \u00abla garant\u00eda de que un acuerdo conduzca al cese total de las hostilidades y a la retirada de las fuerzas de la ocupaci\u00f3n de la franja de Gaza.<\/p>\n","protected":false},"excerpt":{"rendered":"<p>Las negociaciones indirectas entre Israel y Hamas para una tregua en la franja de Gaza se reanudar\u00e1n el viernes en<\/p>\n","protected":false},"author":4,"featured_media":53623,"comment_status":"closed","ping_status":"closed","sticky":false,"template":"","format":"standard","meta":{"colormag_page_container_layout":"default_layout","colormag_page_sidebar_layout":"default_layout","_jetpack_memberships_contains_paid_content":false,"footnotes":"","jetpack_publicize_message":"","jetpack_publicize_feature_enabled":true,"jetpack_social_post_already_shared":false,"jetpack_social_options":{"image_generator_settings":{"template":"highway","default_image_id":0,"font":"","enabled":false},"version":2}},"categories":[28],"tags":[],"class_list":["post-53622","post","type-post","status-publish","format-standard","has-post-thumbnail","hentry","category-internacional"],"jetpack_publicize_connections":[],"jetpack_featured_media_url":"https:\/\/i0.wp.com\/politicosaldesnudo.com.mx\/wp-content\/uploads\/2025\/01\/OIP-2.jpg?fit=474%2C296&ssl=1","jetpack-related-posts":[],"jetpack_sharing_enabled":true,"_links":{"self":[{"href":"https:\/\/politicosaldesnudo.com.mx\/index.php\/wp-json\/wp\/v2\/posts\/53622","targetHints":{"allow":["GET"]}}],"collection":[{"href":"https:\/\/politicosaldesnudo.com.mx\/index.php\/wp-json\/wp\/v2\/posts"}],"about":[{"href":"https:\/\/politicosaldesnudo.com.mx\/index.php\/wp-json\/wp\/v2\/types\/post"}],"author":[{"embeddable":true,"href":"https:\/\/politicosaldesnudo.com.mx\/index.php\/wp-json\/wp\/v2\/users\/4"}],"replies":[{"embeddable":true,"href":"https:\/\/politicosaldesnudo.com.mx\/index.php\/wp-json\/wp\/v2\/comments?post=53622"}],"version-history":[{"count":0,"href":"https:\/\/politicosaldesnudo.com.mx\/index.php\/wp-json\/wp\/v2\/posts\/53622\/revisions"}],"wp:featuredmedia":[{"embeddable":true,"href":"https:\/\/politicosaldesnudo.com.mx\/index.php\/wp-json\/wp\/v2\/media\/53623"}],"wp:attachment":[{"href":"https:\/\/politicosaldesnudo.com.mx\/index.php\/wp-json\/wp\/v2\/media?parent=53622"}],"wp:term":[{"taxonomy":"category","embeddable":true,"href":"https:\/\/politicosaldesnudo.com.mx\/index.php\/wp-json\/wp\/v2\/categories?post=53622"},{"taxonomy":"post_tag","embeddable":true,"href":"https:\/\/politicosaldesnudo.com.mx\/index.php\/wp-json\/wp\/v2\/tags?post=53622"}],"curies":[{"name":"wp","href":"https:\/\/api.w.org\/{rel}","templated":true}]}}