{"id":5370,"date":"2022-05-16T02:50:15","date_gmt":"2022-05-16T07:50:15","guid":{"rendered":"https:\/\/politicosaldesnudo.com.mx\/?p=5370"},"modified":"2022-05-16T02:53:17","modified_gmt":"2022-05-16T07:53:17","slug":"la-cumbre-del-nuevo-orden-mundial","status":"publish","type":"post","link":"https:\/\/politicosaldesnudo.com.mx\/index.php\/2022\/05\/16\/la-cumbre-del-nuevo-orden-mundial\/","title":{"rendered":"La Cumbre del nuevo orden mundial"},"content":{"rendered":"<p>&nbsp;<\/p>\n<p class=\"p1\"><span style=\"font-size: 18pt;\"><b>Por \u00c1ngel \u00c1lvaro Pe\u00f1a<\/b><\/span><\/p>\n<p class=\"p1\"><span style=\"font-size: 14pt;\">El af\u00e1n desmedido por desacreditar a la actual administraci\u00f3n p\u00fablica de M\u00e9xico obliga a sus detractores a ser parciales y fingir que olvidan el proceso que conduce a la Novena Cumbre de las Am\u00e9ricas, a pesar de su accidentada trayectoria.<\/span><\/p>\n<p class=\"p1\"><span style=\"font-size: 14pt;\">En esta ocasi\u00f3n la Cumbre de las Am\u00e9ricas se desmorona o se consolida.<\/span><\/p>\n<p class=\"p1\"><span style=\"font-size: 14pt;\">Porque colocan la tendencia de unidad en el continente como un capricho del Presidente de M\u00e9xico, cuando en la cumbre pasada, celebrada en Lima, Per\u00fa, en abril de 2018, no asisti\u00f3, por voluntad propia, el entonces presidente de Estados Unidos, Donald Trump. El pretexto fue un conflicto que los propios Estados Unidos hab\u00edan creado:<\/span><\/p>\n<p class=\"p1\"><strong><span style=\"font-size: 18pt;\">\u00abEl presidente permanecer\u00e1 en Estados Unidos para supervisar la respuesta estadounidense a Siria y supervisar el desarrollo de eventos en el mundo\u00bb, dijo entonces la secretaria de prensa de la Casa Blanca, Sarah Sanders.<\/span><\/strong><\/p>\n<p>&nbsp;<\/p>\n<p class=\"p1\"><span style=\"font-size: 14pt;\">En esa ocasi\u00f3n se prohibi\u00f3 la asistencia de Nicol\u00e1s Maduro, presidente de Venezuela, por iniciativa de la canciller peruana Cayetana Alkov\u00edn, decisi\u00f3n que respaldaron los 12 pa\u00edses que integran el Grupo de Lima, incluyendo a M\u00e9xico, entonces gobernado por Enrique Pe\u00f1a Nieto.<\/span><\/p>\n<p class=\"p1\"><span style=\"font-size: 14pt;\">En ese momento la disidencia venezolana estaba fortalecida con la designaci\u00f3n de Juan Guaid\u00f3, como presidente alterno del pa\u00eds, de tal manera que los anfitriones ya hab\u00edan negociado con los l\u00edderes opositores venezolanos para tenerlos como \u00fanicos interlocutores. As\u00ed, en representaci\u00f3n de Venezuela, estuvieron\u00a0Luis Florido,\u00a0Mar\u00eda Corina Machado,\u00a0Julio Borges\u00a0y\u00a0Lilian Tintori, quienes actualmente ya no figuran en la oposici\u00f3n pol\u00edtica de su pa\u00eds.<\/span><\/p>\n<p class=\"p1\"><span style=\"font-size: 14pt;\">La vocaci\u00f3n de exclusi\u00f3n de Estados Unidos o de los pa\u00edses cuyos gobiernos hab\u00eda controlado hasta hace tiempo, se volvi\u00f3 a mostrar en diciembre del a\u00f1o pasado, condici\u00f3n que pocos saben que el propio Joe Biden hab\u00eda excluido\u00a0a Guatemala, Honduras, Hait\u00ed, Nicaragua y El Salvador, adem\u00e1s de Cuba, Venezuela y Bolivia de su <span class=\"s1\">\u201c<\/span>Cumbre para la Democracia\u201d, mientras se acercaba con apoyo econ\u00f3micos de por medio, a Panam\u00e1, Costa Rica y Rep\u00fablica Dominicana.<\/span><\/p>\n<p>&nbsp;<\/p>\n<p class=\"p1\"><span style=\"font-size: 18pt;\"><b>REUNI\u00d3N CONTINENTAL<\/b><\/span><\/p>\n<p class=\"p1\"><span style=\"font-size: 14pt;\">No puede sacarse de contexto lo que sucede en una reuni\u00f3n que ni siquiera puede realizarse cada a\u00f1o como originalmente estaba planeado. Sus encuentros se realizan cada tres o cuatro a\u00f1os en diferentes pa\u00edses del contente. En M\u00e9xico, por ejemplo, se llev\u00f3 a cabo una reuni\u00f3n extraordinaria, en enero de 2004, durante el periodo de Fox, cuando sucedi\u00f3 la vergonzosa an\u00e9cdota, cuando el entonces mandatario mexicano, en pleno desconocimiento de los protocolos diplom\u00e1ticos, le dijo a Fidel castro, <span class=\"s1\">\u201c<\/span>Cenas y te vas\u201d, para quedar bien con su jefe George W. Bush.<\/span><\/p>\n<p class=\"p1\"><span style=\"font-size: 14pt;\">Esa ha sido la \u00fanica ocasi\u00f3n en que la Cumbre se realiz\u00f3 en M\u00e9xico, y, la pr\u00f3xima que se inaugurar\u00e1 el 9 de junio, ser\u00e1 la segunda que se lleva a cabo en Estados Unidos, ya que la primera fue del 9 al 11 de 1994, en Miami, cuando era presidente de Estados Unidos, Bill Clinton.<\/span><\/p>\n<p class=\"p1\"><span style=\"font-size: 14pt;\">Cuando se trata de una reuni\u00f3n continental y, sobre todo, de crear el consenso para consolidar un nuevo orden mundial, es necesario la presencia de todos los pa\u00edses y, sobre todo, a los que difieren de la mayor\u00eda, o, en este caso, los que empiezan a ser mayor\u00eda y que Estados Unidos no se ha dado cuenta de ese cambio.<\/span><\/p>\n<p class=\"p1\"><span style=\"font-size: 14pt;\">Es por eso que el presidente de M\u00e9xico dijo que si no estaban todos incluidos en las invitaciones, \u00e9l simplemente enviar\u00eda a un representante, pero no estar\u00eda ah\u00ed.<\/span><\/p>\n<p class=\"p1\"><span style=\"font-size: 14pt;\">Ante esta situaci\u00f3n, los gobiernos de Argentina, Honduras y Bolivia se sumaron al exhorto del presidente L\u00f3pez Obrador a que Joe Biden invite a los gobiernos de Cuba, Venezuela y Nicaragua en la Cumbre de las Am\u00e9ricas. Hasta el momento, L\u00f3pez Obrador y Luis Arce, el mandatario boliviano, han anunciado que no viajar\u00edan a Estados Unidos para participar en la cumbre en caso de que Washington no invite a todos los gobiernos de la regi\u00f3n, mientras que el argentino, Alberto Fern\u00e1ndez y la hondure\u00f1a, Xiomara Castro se sumaron al exhorto.<\/span><\/p>\n<p>&nbsp;<\/p>\n<p class=\"p1\"><span style=\"font-size: 18pt;\"><b>IX CUMBRES<\/b><\/span><\/p>\n<p class=\"p1\"><span style=\"font-size: 14pt;\">Las nueve cumbres realizadas, ocho y una extraordinaria, tuvieron sus caracter\u00edsticas, ausencias y an\u00e9cdotas, de tal suerte que lo que ahora sucede, a poco menos de un mes de la realizaci\u00f3n, pareciera inflado por ciertos de medios en M\u00e9xico que quieren exaltar la presi\u00f3n de M\u00e9xico para que se incluya a todos como un boicot que nunca ha sido interpretado as\u00ed por nadie, hasta ahora que todo lo que sucede en M\u00e9xico, recibe un nombre radical y extremo trat\u00e1ndose del actual gobierno.<\/span><\/p>\n<p class=\"p1\"><span style=\"font-size: 14pt;\">El presidente L\u00f3pez Obrador ha dedicado espacios p\u00fablicos y esfuerzos diplom\u00e1ticos para convencer a la administraci\u00f3n de Biden de invitar a los gobiernos de Cuba, Venezuela y Nicaragua, y ante la negativa de Washington, elev\u00f3 el tono hasta anunciar que no asistir\u00eda si no se convoca a todos por igual.<\/span><\/p>\n<p class=\"p1\"><span style=\"font-size: 14pt;\">L\u00f3pez Obrador encarg\u00f3 al canciller Marcelo Ebrard Casaub\u00f3n presentar formalmente la petici\u00f3n al gobierno de Estados Unidos, rechazada la semana pasada por el secretario de Estado, Antony Blinken, lo que endureci\u00f3 la postura de L\u00f3pez Obrador.<\/span><\/p>\n<p class=\"p1\"><span style=\"font-size: 14pt;\">Ebrard se\u00f1ala que, en 2015, el entonces presidente estadounidense Barack Obama invit\u00f3 el presidente cubano Ra\u00fal Castro a asistir a la VI Cumbre de las Am\u00e9ricas en Panam\u00e1.<\/span><\/p>\n<p class=\"p1\"><span style=\"font-size: 14pt;\">La primera Cumbre de las Am\u00e9ricas se llev\u00f3 a cabo en Miami, el anfitri\u00f3n fue Bill Clinton, se realiz\u00f3 del 9 al 11 de 1994; la segunda se realiz\u00f3 en Santiago, En Chile, cuando era presidente Eduardo Frei, del 18 al 19 de abril de 1998, s\u00f3lo dos d\u00edas; la siguiente en Quebec, Canad\u00e1, celebrada del 20 al 22 de abril de 2001, su primer mandatario era Jean Chr\u00e9tien; la que deb\u00eda ser la Cuarta Cumbre fue la primera reuni\u00f3n extraordinaria, llevada a cabo en M\u00e9xico del 12 al 13 de enero, en Monterrey, Nuevo Le\u00f3n, siendo presidente Fox. La siguiente se realiz\u00f3 en Mar del Plata, en Argentina, los d\u00edas 4 y 5 de noviembre, bajo la presidencia de N\u00e9stor Kirchner; la quinta Cumbre se llev\u00f3 a cabo en Puerto Espa\u00f1a, Trinidad y Tobago, del 17 al 19 de abril de 2009, siendo el primer ministro Patrick Manning; tres a\u00f1os despu\u00e9s, en 2012, del 9 al 15 de abril, se realiza en Cartagena, Colombia, durante la presidencia de Juan Manuel Santos Calder\u00f3n se realiza la sexta Cumbre; la siguiente Cumbre se realiz\u00f3 en Panam\u00e1, Panam\u00e1, del 10 al 11 de abril de 2015, durante la presidencia de Juan Carlos Varela; la siguiente es la m\u00e1s reciente, ocurrida en 2018, hace m\u00e1s de cuatro a\u00f1os, del 13 al 14 de abril en Lima, Per\u00fa, durante el mandato de Mart\u00edn Vizcarra.<\/span><\/p>\n<p class=\"p1\"><span style=\"font-size: 14pt;\">La pr\u00f3xima ser\u00e1 una de las m\u00e1s extensas se llevar\u00e1 acabo del 6 al 10 de junio, en Los \u00e1ngeles, California. La de mayor duraci\u00f3n ha sido la de Cartagena, Colombia, realizada en siete d\u00edas.<\/span><\/p>\n<p class=\"p1\"><span style=\"font-size: 14pt;\"><span class=\"s1\">\u201c<\/span>El presidente L\u00f3pez Obrador propone retomar el camino iniciado por Obama e interrumpido desde entonces\u201d, se\u00f1al\u00f3 el canciller en un mensaje dirigido a <span class=\"s1\">\u201c<\/span>las cr\u00edticas de los mismos que aplaud\u00edan en 2015 la invitaci\u00f3n del presidente Obama a Ra\u00fal Castro\u201d, coment\u00f3 el secretario de Relaciones Exteriores.<\/span><\/p>\n<p class=\"p1\"><span style=\"font-size: 14pt;\">El anfitri\u00f3n de las cumbres pareciera tener un poder injustificado al decidir qui\u00e9n es invitado y qui\u00e9n rechazado, cuando en realidad tanto la convocatoria como la asistencia y los acuerdos deben realizarse en forma consensuada y no basarse en la tendencia pol\u00edtica del gobierno sede. De otra manera, nunca habr\u00e1 acuerdos firmes y menos a\u00fan con la solidez necesaria como para que se cumplan.<\/span><\/p>\n<p class=\"p1\"><span style=\"font-size: 14pt;\">Para algunos analistas, el Presidente\u00a0L\u00f3pez Obrador\u00a0usa el tema de la\u00a0Cumbre de las Am\u00e9ricas\u00a0para reforzar las relaciones bilaterales con\u00a0Cuba\u00a0y recuperar lo que se perdi\u00f3 durante el Gobierno de\u00a0Fox Quesada, asegur\u00f3\u00a0Lorenzo Meyer, profesor em\u00e9rito del Colegio de M\u00e9xico.<\/span><\/p>\n<p class=\"p1\"><span style=\"font-size: 14pt;\">Pero hay quienes afirman que dada la popularidad del mandatario mexicanos los puentes que construye L\u00f3pez Obrador con los pa\u00edses de Centro y Sudam\u00e9rica lo convierten en l\u00edder de Am\u00e9rica Latina.<\/span><\/p>\n<p>&nbsp;<\/p>\n<p>&nbsp;<\/p>\n<p>&nbsp;<\/p>\n<p>&nbsp;<\/p>\n<p>&nbsp;<\/p>\n","protected":false},"excerpt":{"rendered":"<p>&nbsp; Por \u00c1ngel \u00c1lvaro Pe\u00f1a El af\u00e1n desmedido por desacreditar a la actual administraci\u00f3n p\u00fablica de M\u00e9xico obliga a sus<\/p>\n","protected":false},"author":4,"featured_media":5374,"comment_status":"closed","ping_status":"closed","sticky":false,"template":"","format":"standard","meta":{"colormag_page_container_layout":"default_layout","colormag_page_sidebar_layout":"default_layout","_jetpack_memberships_contains_paid_content":false,"footnotes":"","jetpack_publicize_message":"","jetpack_publicize_feature_enabled":true,"jetpack_social_post_already_shared":true,"jetpack_social_options":{"image_generator_settings":{"template":"highway","default_image_id":0,"font":"","enabled":false},"version":2}},"categories":[33],"tags":[752],"class_list":["post-5370","post","type-post","status-publish","format-standard","has-post-thumbnail","hentry","category-nacional","tag-cumbres-de-las-americas"],"jetpack_publicize_connections":[],"jetpack_featured_media_url":"https:\/\/i0.wp.com\/politicosaldesnudo.com.mx\/wp-content\/uploads\/2022\/05\/P-CUMBRE1.jpg?fit=1440%2C546&ssl=1","jetpack-related-posts":[],"jetpack_sharing_enabled":true,"_links":{"self":[{"href":"https:\/\/politicosaldesnudo.com.mx\/index.php\/wp-json\/wp\/v2\/posts\/5370","targetHints":{"allow":["GET"]}}],"collection":[{"href":"https:\/\/politicosaldesnudo.com.mx\/index.php\/wp-json\/wp\/v2\/posts"}],"about":[{"href":"https:\/\/politicosaldesnudo.com.mx\/index.php\/wp-json\/wp\/v2\/types\/post"}],"author":[{"embeddable":true,"href":"https:\/\/politicosaldesnudo.com.mx\/index.php\/wp-json\/wp\/v2\/users\/4"}],"replies":[{"embeddable":true,"href":"https:\/\/politicosaldesnudo.com.mx\/index.php\/wp-json\/wp\/v2\/comments?post=5370"}],"version-history":[{"count":0,"href":"https:\/\/politicosaldesnudo.com.mx\/index.php\/wp-json\/wp\/v2\/posts\/5370\/revisions"}],"wp:featuredmedia":[{"embeddable":true,"href":"https:\/\/politicosaldesnudo.com.mx\/index.php\/wp-json\/wp\/v2\/media\/5374"}],"wp:attachment":[{"href":"https:\/\/politicosaldesnudo.com.mx\/index.php\/wp-json\/wp\/v2\/media?parent=5370"}],"wp:term":[{"taxonomy":"category","embeddable":true,"href":"https:\/\/politicosaldesnudo.com.mx\/index.php\/wp-json\/wp\/v2\/categories?post=5370"},{"taxonomy":"post_tag","embeddable":true,"href":"https:\/\/politicosaldesnudo.com.mx\/index.php\/wp-json\/wp\/v2\/tags?post=5370"}],"curies":[{"name":"wp","href":"https:\/\/api.w.org\/{rel}","templated":true}]}}