{"id":53706,"date":"2025-01-06T00:02:44","date_gmt":"2025-01-06T06:02:44","guid":{"rendered":"https:\/\/politicosaldesnudo.com.mx\/?p=53706"},"modified":"2025-01-05T21:30:33","modified_gmt":"2025-01-06T03:30:33","slug":"cerro-la-villa-navidena-del-suterm","status":"publish","type":"post","link":"https:\/\/politicosaldesnudo.com.mx\/index.php\/2025\/01\/06\/cerro-la-villa-navidena-del-suterm\/","title":{"rendered":"Cerr\u00f3 la Villa Navide\u00f1a del Suterm"},"content":{"rendered":"<p>Luego de tres semanas en exhibici\u00f3n, desde el pasado 14 de diciembre, este domingo 5 de enero se llev\u00f3 a cabo y cierre de la Villa Navide\u00f1a Suterm 2024, por parte de integrantes del Sindicato Electricista secci\u00f3n 55.<\/p>\n<p>Desde las 6 de la tarde en la planta alta de la plaza comercial de esta ciudad, se llev\u00f3 a cabo un peque\u00f1o programa de clausura, con m\u00fasica, dulces y regalos para todos los ni\u00f1os asistentes, tal y como se hizo en el d\u00eda de la apertura de la Villa.<\/p>\n<p>Por caso una d\u00e9cada esta Villa Navide\u00f1a ha llamado la atenci\u00f3n de chicos y grandes, de tuxpe\u00f1os y turistas, quienes diariamente acud\u00edan a ver toda la decoraci\u00f3n y a tomarse la foto del recuerdo.<\/p>\n<p>Cada a\u00f1o el Sindicato Electricista liderado por Jos\u00e9 Rolando N\u00fa\u00f1ez Uribe, toma esta iniciativa de colar la Villa para brindar momentos de alegr\u00eda y diversi\u00f3n a las familias de este municipio y a los visitantes, por lo que se pueden observar una gran cantidad cosas en las decenas de metros que abarca la instalaci\u00f3n de esta.<\/p>\n<p>Quienes acudieron al largo de estas tres semanas, pudieron observar todo lo tradicional de una Villw Navide\u00f1a, desde juegos mec\u00e1nicos, trenes, el \u00e1rbol navide\u00f1o, hasta un peque\u00f1o mundo de la construcci\u00f3n en miniatura, mu\u00f1ecos de Disney, barcos, aviones de las diversas l\u00edneas comerciales, y distintos edificios emblem\u00e1ticos del mundo, en donde destacan algunas de las maravillas modernas como el Coliseo de Roma, el Taj Mahal, entre muchos otros.<\/p>\n<p>La Villa Navide\u00f1a cerr\u00f3 este domingo 5 de enero con un bonito evento de Reyes, y promete m\u00e1s sorpresas para su instalaci\u00f3n en diciembre del 2025, en donde tambi\u00e9n esperan tener un mayor n\u00famero de visitantes, ya que todo es gratuito.<\/p>\n","protected":false},"excerpt":{"rendered":"<p>Luego de tres semanas en exhibici\u00f3n, desde el pasado 14 de diciembre, este domingo 5 de enero se llev\u00f3 a<\/p>\n","protected":false},"author":4,"featured_media":53707,"comment_status":"closed","ping_status":"closed","sticky":false,"template":"","format":"standard","meta":{"colormag_page_container_layout":"default_layout","colormag_page_sidebar_layout":"default_layout","_jetpack_memberships_contains_paid_content":false,"footnotes":"","jetpack_publicize_message":"","jetpack_publicize_feature_enabled":true,"jetpack_social_post_already_shared":false,"jetpack_social_options":{"image_generator_settings":{"template":"highway","default_image_id":0,"font":"","enabled":false},"version":2}},"categories":[1082],"tags":[],"class_list":["post-53706","post","type-post","status-publish","format-standard","has-post-thumbnail","hentry","category-tuxpan"],"jetpack_publicize_connections":[],"jetpack_featured_media_url":"https:\/\/i0.wp.com\/politicosaldesnudo.com.mx\/wp-content\/uploads\/2025\/01\/4b-1.jpg?fit=1280%2C720&ssl=1","jetpack-related-posts":[],"jetpack_sharing_enabled":true,"_links":{"self":[{"href":"https:\/\/politicosaldesnudo.com.mx\/index.php\/wp-json\/wp\/v2\/posts\/53706","targetHints":{"allow":["GET"]}}],"collection":[{"href":"https:\/\/politicosaldesnudo.com.mx\/index.php\/wp-json\/wp\/v2\/posts"}],"about":[{"href":"https:\/\/politicosaldesnudo.com.mx\/index.php\/wp-json\/wp\/v2\/types\/post"}],"author":[{"embeddable":true,"href":"https:\/\/politicosaldesnudo.com.mx\/index.php\/wp-json\/wp\/v2\/users\/4"}],"replies":[{"embeddable":true,"href":"https:\/\/politicosaldesnudo.com.mx\/index.php\/wp-json\/wp\/v2\/comments?post=53706"}],"version-history":[{"count":0,"href":"https:\/\/politicosaldesnudo.com.mx\/index.php\/wp-json\/wp\/v2\/posts\/53706\/revisions"}],"wp:featuredmedia":[{"embeddable":true,"href":"https:\/\/politicosaldesnudo.com.mx\/index.php\/wp-json\/wp\/v2\/media\/53707"}],"wp:attachment":[{"href":"https:\/\/politicosaldesnudo.com.mx\/index.php\/wp-json\/wp\/v2\/media?parent=53706"}],"wp:term":[{"taxonomy":"category","embeddable":true,"href":"https:\/\/politicosaldesnudo.com.mx\/index.php\/wp-json\/wp\/v2\/categories?post=53706"},{"taxonomy":"post_tag","embeddable":true,"href":"https:\/\/politicosaldesnudo.com.mx\/index.php\/wp-json\/wp\/v2\/tags?post=53706"}],"curies":[{"name":"wp","href":"https:\/\/api.w.org\/{rel}","templated":true}]}}