{"id":53720,"date":"2025-01-06T01:10:49","date_gmt":"2025-01-06T07:10:49","guid":{"rendered":"https:\/\/politicosaldesnudo.com.mx\/?p=53720"},"modified":"2025-01-06T01:10:49","modified_gmt":"2025-01-06T07:10:49","slug":"anuncian-equipo-de-secretaria-anticorrupcion-y-buen-gobierno-encinas-najera-subsecretario","status":"publish","type":"post","link":"https:\/\/politicosaldesnudo.com.mx\/index.php\/2025\/01\/06\/anuncian-equipo-de-secretaria-anticorrupcion-y-buen-gobierno-encinas-najera-subsecretario\/","title":{"rendered":"Anuncian equipo de Secretar\u00eda Anticorrupci\u00f3n y Buen Gobierno; Encinas N\u00e1jera, subsecretario"},"content":{"rendered":"<p>La Secretar\u00eda Anticorrupci\u00f3n y Buen Gobierno dio a conocer el equipo de trabajo que acompa\u00f1ara a su titular, Raquel Buenrostro.<\/p>\n<p>Tras el decreto de creaci\u00f3n de esta dependencia, que se public\u00f3 el pasado 31 de diciembre en el Diario Oficial de la Federaci\u00f3n, este domingo se present\u00f3 a los funcionarios que conformar\u00e1n las subsecretar\u00edas, unidades y otros espacios.<\/p>\n<p>A trav\u00e9s de un comunicado, esta secretar\u00eda indic\u00f3 que su misi\u00f3n \u201cprevenir, detectar y sancionar actos de corrupci\u00f3n, dando un mayor enfoque a los procesos y controles que aseguran la eficacia, eficiencia, econom\u00eda y transparencia de la administraci\u00f3n p\u00fablica federal, fundamentales para garantizar la confianza ciudadana y promover un gobierno m\u00e1s \u00e9tico y responsable que dignifique el servicio p\u00fablico\u201d.<\/p>\n<p>La secretar\u00eda Buenrostro anunci\u00f3 que al frente de la subsecretar\u00eda de Buen Gobierno estar\u00e1 Alejandro Encinas N\u00e1jera, quien tiene m\u00e1s de 15 a\u00f1os de experiencia en el servicio p\u00fablico. Es licenciado en ciencias pol\u00edticas y administraci\u00f3n p\u00fablica por la Universidad Nacional Aut\u00f3noma de M\u00e9xico, maestro en ciencias pol\u00edticas por la Universidad Aut\u00f3noma de Barcelona y doctor en ciencias sociales por la Universidad Aut\u00f3noma Metropolitana.<\/p>\n<p>En la administraci\u00f3n del ex presidente Andr\u00e9s Manuel L\u00f3pez Obrador fue subsecretario de Comercio Exterior en la Secretar\u00eda de Econom\u00eda y titular de la unidad de pol\u00edtica laboral y relaciones institucionales en la Secretar\u00eda del Trabajo y Previsi\u00f3n Social.<\/p>\n<p>Se se\u00f1al\u00f3 que la subsecretar\u00eda de Buen Gobierno se enfocar\u00e1 en profesionalizar la carrera en el servicio p\u00fablico mediante programas de capacitaci\u00f3n y mayores controles de confianza y reconocimiento de la integridad.<\/p>\n<p>Adem\u00e1s, buscar\u00e1 garantizar el uso eficiente de los recursos en los programas prioritarios del gobierno y fomentar la mejora continua en las dependencias p\u00fablicas; y coordinar\u00e1 esfuerzos con el sector privado y la sociedad civil para construir una cultura de integridad desde una perspectiva de responsabilidad compartida.<\/p>\n<p>Como subsecretaria de Anticorrupci\u00f3n fue designada Guadalupe Araceli Garc\u00eda Mart\u00ednez. Es licenciada en derecho, maestra en hacienda p\u00fablica y administraci\u00f3n financiera y tributaria y doctoranda en derecho y ciencias sociales.<\/p>\n<p>Cuenta con una trayectoria de m\u00e1s de 32 a\u00f1os en el servicio p\u00fablico, entre los cargos que destacan: directora general de Legislaci\u00f3n y Consulta Fiscal y Presupuestaria de la Secretar\u00eda de Hacienda y Cr\u00e9dito P\u00fablico (SHCP), directora general de Asuntos Jur\u00eddicos de la SHCP, directora Jur\u00eddica del Instituto de Seguridad y Servicios Sociales de los Trabajadores del Estado (ISSSTE), administradora general Jur\u00eddica del Servicio de Administraci\u00f3n Tributaria (SAT) y titular de la Unidad de Apoyo Jur\u00eddico de la Secretar\u00eda de Econom\u00eda.<\/p>\n<p>La subsecretar\u00eda a su cargo encabezar\u00e1 los actos de fiscalizaci\u00f3n, coordinaci\u00f3n con entes fiscalizadores estatales y federales, y la implementaci\u00f3n de estrategias para prevenir irregularidades en \u00e1reas prioritarias. Tambi\u00e9n ser\u00e1 responsable de fortalecer los \u00d3rganos Internos de Control en las dependencias gubernamentales.<\/p>\n<p>Como titular del \u00f3rgano Interno de Control se nombr\u00f3 a Carlos Patterson Olivas. Esta \u00e1rea se encargar\u00e1 de supervisar la correcta aplicaci\u00f3n de los recursos y evitar pr\u00e1cticas irregulares.<\/p>\n<p>Omar S\u00e1nchez Villegas ser\u00e1 el titular de la Unidad de Combate a la Impunidad, desde donde se liderar\u00e1n los esfuerzos para sancionar actos de corrupci\u00f3n.<\/p>\n<p>Al frente de la Unidad T\u00e9cnica de Apoyo, responsable de fortalecer la planeaci\u00f3n estrat\u00e9gica de la dependencia, fue designado Oth\u00f3n Francisco Valverde Y\u00e1\u00f1ez; Laura Leticia Ju\u00e1rez Jim\u00e9nez en la Unidad de Asuntos Jur\u00eddicos; y Marco Antonio Hern\u00e1ndez Mart\u00ednez como titular de la Unidad de Administraci\u00f3n y Finanzas.<\/p>\n","protected":false},"excerpt":{"rendered":"<p>La Secretar\u00eda Anticorrupci\u00f3n y Buen Gobierno dio a conocer el equipo de trabajo que acompa\u00f1ara a su titular, Raquel Buenrostro.<\/p>\n","protected":false},"author":4,"featured_media":53721,"comment_status":"closed","ping_status":"closed","sticky":false,"template":"","format":"standard","meta":{"colormag_page_container_layout":"default_layout","colormag_page_sidebar_layout":"default_layout","_jetpack_memberships_contains_paid_content":false,"footnotes":"","jetpack_publicize_message":"","jetpack_publicize_feature_enabled":true,"jetpack_social_post_already_shared":false,"jetpack_social_options":{"image_generator_settings":{"template":"highway","default_image_id":0,"font":"","enabled":false},"version":2}},"categories":[33],"tags":[],"class_list":["post-53720","post","type-post","status-publish","format-standard","has-post-thumbnail","hentry","category-nacional"],"jetpack_publicize_connections":[],"jetpack_featured_media_url":"https:\/\/i0.wp.com\/politicosaldesnudo.com.mx\/wp-content\/uploads\/2025\/01\/279175521-383219257147798-17226631012_1-9066760_20250105171937.jpg?fit=768%2C432&ssl=1","jetpack-related-posts":[],"jetpack_sharing_enabled":true,"_links":{"self":[{"href":"https:\/\/politicosaldesnudo.com.mx\/index.php\/wp-json\/wp\/v2\/posts\/53720","targetHints":{"allow":["GET"]}}],"collection":[{"href":"https:\/\/politicosaldesnudo.com.mx\/index.php\/wp-json\/wp\/v2\/posts"}],"about":[{"href":"https:\/\/politicosaldesnudo.com.mx\/index.php\/wp-json\/wp\/v2\/types\/post"}],"author":[{"embeddable":true,"href":"https:\/\/politicosaldesnudo.com.mx\/index.php\/wp-json\/wp\/v2\/users\/4"}],"replies":[{"embeddable":true,"href":"https:\/\/politicosaldesnudo.com.mx\/index.php\/wp-json\/wp\/v2\/comments?post=53720"}],"version-history":[{"count":0,"href":"https:\/\/politicosaldesnudo.com.mx\/index.php\/wp-json\/wp\/v2\/posts\/53720\/revisions"}],"wp:featuredmedia":[{"embeddable":true,"href":"https:\/\/politicosaldesnudo.com.mx\/index.php\/wp-json\/wp\/v2\/media\/53721"}],"wp:attachment":[{"href":"https:\/\/politicosaldesnudo.com.mx\/index.php\/wp-json\/wp\/v2\/media?parent=53720"}],"wp:term":[{"taxonomy":"category","embeddable":true,"href":"https:\/\/politicosaldesnudo.com.mx\/index.php\/wp-json\/wp\/v2\/categories?post=53720"},{"taxonomy":"post_tag","embeddable":true,"href":"https:\/\/politicosaldesnudo.com.mx\/index.php\/wp-json\/wp\/v2\/tags?post=53720"}],"curies":[{"name":"wp","href":"https:\/\/api.w.org\/{rel}","templated":true}]}}