{"id":53726,"date":"2025-01-06T01:15:22","date_gmt":"2025-01-06T07:15:22","guid":{"rendered":"https:\/\/politicosaldesnudo.com.mx\/?p=53726"},"modified":"2025-01-06T01:15:22","modified_gmt":"2025-01-06T07:15:22","slug":"iniciaran-foros-del-pnd-2025-2030","status":"publish","type":"post","link":"https:\/\/politicosaldesnudo.com.mx\/index.php\/2025\/01\/06\/iniciaran-foros-del-pnd-2025-2030\/","title":{"rendered":"Iniciar\u00e1n foros del PND 2025-2030"},"content":{"rendered":"<p>El gobierno federal dio a conocer la agenda de actividades de la semana por iniciar para los foros de consulta del Plan Nacional de Desarrollo (PND) 2025-2030.<\/p>\n<p>El objetivo de los foros es fomentar la participaci\u00f3n ciudadana en la construcci\u00f3n de dicho plan, el cual \u201cservir\u00e1 de gu\u00eda para definir las prioridades en materia econ\u00f3mica, social y pol\u00edtica durante el sexenio\u201d.<\/p>\n<p>Los foros para la construcci\u00f3n del PND del sexenio de la presidenta Claudia Sheinbaum Pardo se realizar\u00e1n del 6 al 19 de enero en diferentes puntos del territorio nacional.<\/p>\n<p>La idea es \u201cconocer las propuestas de diferentes sectores de la sociedad\u201d. Los planteamientos podr\u00e1n presentarse de manera presencial o a trav\u00e9s del la p\u00e1gina web: https:\/\/www.planeandojuntos.gob.mx\/, la cual se habilitar\u00e1 a partir de ma\u00f1ana lunes.<\/p>\n<p>En la semana del 6 al 11 de enero las sedes y temas ser\u00e1n: lunes 6 a las 11 de la ma\u00f1ana en el Baja California Center, ubicado en Playas de Rosarito, con el tema de gobernanza con justicia y participaci\u00f3n ciudadana.<\/p>\n<p>El martes y el mi\u00e9rcoles se tocar\u00e1 el tema es econom\u00eda moral y de trabajo y se realizar\u00e1 en el auditorio Ra\u00fal Padilla L\u00f3pez del Centro Universitario de Ciencias Econ\u00f3mico Administrativas de la Universidad de Guadalajara, en la sede de Zapopan, Jalisco. El primer d\u00eda a las cuatro de la tarde y el mi\u00e9rcoles 8 a las dices de la ma\u00f1ana.<\/p>\n<p>El jueves 9 de enero, la sede ser\u00e1 el Centro de Convenciones Siglo XXI en M\u00e9rida, Yucat\u00e1n, a las ocho de la ma\u00f1ana con el foro desarrollo sustentable.<\/p>\n<p>Un d\u00eda despu\u00e9s, el tema es gobernanza con justicia y participaci\u00f3n ciudadana, se realizar\u00e1 a las 10:30 de la ma\u00f1ana en el el Laboratorio Cultural Ciudadano Centro Cultural, en Monterrey, Nuevo Le\u00f3n.<\/p>\n<p>Ese mismo d\u00eda habr\u00eda otra sesi\u00f3n a las nueve de la ma\u00f1ana en el Hospital de la Mujer de Tepic, Nayarit, con el tema econom\u00eda moral y trabajo.<\/p>\n<p>Finalmente, el s\u00e1bado 11 de enero habr\u00e1 siete sesiones, de ellas en cinco se discutir\u00e1 sobre desarrollo con bienestar y humanismo, en Sonora, Guanajuato, Hidalgo, Coahuila y Tlaxcala. En tanto que ese d\u00eda en Colima se realizar\u00e1 el foro de transici\u00f3n agr\u00edcola y desarrollo sustentable y en Aguascalientes otro sobre econom\u00eda moral y trabajo.<\/p>\n","protected":false},"excerpt":{"rendered":"<p>El gobierno federal dio a conocer la agenda de actividades de la semana por iniciar para los foros de consulta<\/p>\n","protected":false},"author":4,"featured_media":53727,"comment_status":"closed","ping_status":"closed","sticky":false,"template":"","format":"standard","meta":{"colormag_page_container_layout":"default_layout","colormag_page_sidebar_layout":"default_layout","_jetpack_memberships_contains_paid_content":false,"footnotes":"","jetpack_publicize_message":"","jetpack_publicize_feature_enabled":true,"jetpack_social_post_already_shared":false,"jetpack_social_options":{"image_generator_settings":{"template":"highway","default_image_id":0,"font":"","enabled":false},"version":2}},"categories":[33],"tags":[],"class_list":["post-53726","post","type-post","status-publish","format-standard","has-post-thumbnail","hentry","category-nacional"],"jetpack_publicize_connections":[],"jetpack_featured_media_url":"https:\/\/i0.wp.com\/politicosaldesnudo.com.mx\/wp-content\/uploads\/2025\/01\/2a.jpg?fit=1200%2C800&ssl=1","jetpack-related-posts":[],"jetpack_sharing_enabled":true,"_links":{"self":[{"href":"https:\/\/politicosaldesnudo.com.mx\/index.php\/wp-json\/wp\/v2\/posts\/53726","targetHints":{"allow":["GET"]}}],"collection":[{"href":"https:\/\/politicosaldesnudo.com.mx\/index.php\/wp-json\/wp\/v2\/posts"}],"about":[{"href":"https:\/\/politicosaldesnudo.com.mx\/index.php\/wp-json\/wp\/v2\/types\/post"}],"author":[{"embeddable":true,"href":"https:\/\/politicosaldesnudo.com.mx\/index.php\/wp-json\/wp\/v2\/users\/4"}],"replies":[{"embeddable":true,"href":"https:\/\/politicosaldesnudo.com.mx\/index.php\/wp-json\/wp\/v2\/comments?post=53726"}],"version-history":[{"count":0,"href":"https:\/\/politicosaldesnudo.com.mx\/index.php\/wp-json\/wp\/v2\/posts\/53726\/revisions"}],"wp:featuredmedia":[{"embeddable":true,"href":"https:\/\/politicosaldesnudo.com.mx\/index.php\/wp-json\/wp\/v2\/media\/53727"}],"wp:attachment":[{"href":"https:\/\/politicosaldesnudo.com.mx\/index.php\/wp-json\/wp\/v2\/media?parent=53726"}],"wp:term":[{"taxonomy":"category","embeddable":true,"href":"https:\/\/politicosaldesnudo.com.mx\/index.php\/wp-json\/wp\/v2\/categories?post=53726"},{"taxonomy":"post_tag","embeddable":true,"href":"https:\/\/politicosaldesnudo.com.mx\/index.php\/wp-json\/wp\/v2\/tags?post=53726"}],"curies":[{"name":"wp","href":"https:\/\/api.w.org\/{rel}","templated":true}]}}