{"id":53794,"date":"2025-01-06T21:23:13","date_gmt":"2025-01-07T03:23:13","guid":{"rendered":"https:\/\/politicosaldesnudo.com.mx\/?p=53794"},"modified":"2025-01-06T21:23:13","modified_gmt":"2025-01-07T03:23:13","slug":"con-el-apoyo-del-gobierno-del-estado-y-caev-tuxpan-es-el-primer-municipio-de-veracruz-en-poner-en-marcha-un-intensivo-programa-de-reparacion-de-fugas-de-agua-y-baches","status":"publish","type":"post","link":"https:\/\/politicosaldesnudo.com.mx\/index.php\/2025\/01\/06\/con-el-apoyo-del-gobierno-del-estado-y-caev-tuxpan-es-el-primer-municipio-de-veracruz-en-poner-en-marcha-un-intensivo-programa-de-reparacion-de-fugas-de-agua-y-baches\/","title":{"rendered":"Con el apoyo del Gobierno del Estado y CAEV, Tuxpan es el primer municipio de Veracruz en poner en marcha un intensivo programa de reparaci\u00f3n de fugas de agua y baches"},"content":{"rendered":"<p>\u2022 El alcalde Dr. Jes\u00fas Fomperoza Torres agradeci\u00f3 a la gobernadora Roc\u00edo Nahle, su respaldo al municipio de Tuxpan.<br \/>\n\u2022 En estos trabajos, a los que se suma la limpieza y desazolve, participan CAEV, Gobierno de Tuxpan y SEDENA.<\/p>\n<p><img data-recalc-dims=\"1\" loading=\"lazy\" decoding=\"async\" class=\"aligncenter size-large wp-image-53808\" src=\"https:\/\/i0.wp.com\/politicosaldesnudo.com.mx\/wp-content\/uploads\/2025\/01\/WhatsApp-Image-2025-01-06-at-19.31.23-1024x735.jpeg?resize=800%2C574&#038;ssl=1\" alt=\"\" width=\"800\" height=\"574\" srcset=\"https:\/\/i0.wp.com\/politicosaldesnudo.com.mx\/wp-content\/uploads\/2025\/01\/WhatsApp-Image-2025-01-06-at-19.31.23.jpeg?resize=1024%2C735&amp;ssl=1 1024w, https:\/\/i0.wp.com\/politicosaldesnudo.com.mx\/wp-content\/uploads\/2025\/01\/WhatsApp-Image-2025-01-06-at-19.31.23.jpeg?resize=300%2C215&amp;ssl=1 300w, https:\/\/i0.wp.com\/politicosaldesnudo.com.mx\/wp-content\/uploads\/2025\/01\/WhatsApp-Image-2025-01-06-at-19.31.23.jpeg?resize=768%2C551&amp;ssl=1 768w, https:\/\/i0.wp.com\/politicosaldesnudo.com.mx\/wp-content\/uploads\/2025\/01\/WhatsApp-Image-2025-01-06-at-19.31.23.jpeg?resize=1536%2C1102&amp;ssl=1 1536w, https:\/\/i0.wp.com\/politicosaldesnudo.com.mx\/wp-content\/uploads\/2025\/01\/WhatsApp-Image-2025-01-06-at-19.31.23.jpeg?w=1600&amp;ssl=1 1600w\" sizes=\"auto, (max-width: 800px) 100vw, 800px\" \/><\/p>\n<p>Tuxpan, Ver., 6 de enero de 2025.- Gracias al respaldo de la gobernadora Roc\u00edo Nahle, Tuxpan es el primer municipio del estado de Veracruz en poner en marcha los programas \u201cBachet\u00f3n\u201d y \u201cFugat\u00f3n\u201d, que impulsa el Gobierno del Estado, a trav\u00e9s de la CAEV.<\/p>\n<p><img data-recalc-dims=\"1\" loading=\"lazy\" decoding=\"async\" class=\"aligncenter size-large wp-image-53807\" src=\"https:\/\/i0.wp.com\/politicosaldesnudo.com.mx\/wp-content\/uploads\/2025\/01\/WhatsApp-Image-2025-01-06-at-19.31.22-1024x681.jpeg?resize=800%2C532&#038;ssl=1\" alt=\"\" width=\"800\" height=\"532\" srcset=\"https:\/\/i0.wp.com\/politicosaldesnudo.com.mx\/wp-content\/uploads\/2025\/01\/WhatsApp-Image-2025-01-06-at-19.31.22.jpeg?resize=1024%2C681&amp;ssl=1 1024w, https:\/\/i0.wp.com\/politicosaldesnudo.com.mx\/wp-content\/uploads\/2025\/01\/WhatsApp-Image-2025-01-06-at-19.31.22.jpeg?resize=300%2C200&amp;ssl=1 300w, https:\/\/i0.wp.com\/politicosaldesnudo.com.mx\/wp-content\/uploads\/2025\/01\/WhatsApp-Image-2025-01-06-at-19.31.22.jpeg?resize=768%2C511&amp;ssl=1 768w, https:\/\/i0.wp.com\/politicosaldesnudo.com.mx\/wp-content\/uploads\/2025\/01\/WhatsApp-Image-2025-01-06-at-19.31.22.jpeg?resize=1536%2C1021&amp;ssl=1 1536w, https:\/\/i0.wp.com\/politicosaldesnudo.com.mx\/wp-content\/uploads\/2025\/01\/WhatsApp-Image-2025-01-06-at-19.31.22.jpeg?w=1600&amp;ssl=1 1600w\" sizes=\"auto, (max-width: 800px) 100vw, 800px\" \/><\/p>\n<p>Desde la ma\u00f1ana de este lunes y por los pr\u00f3ximos 90 d\u00edas, el personal de CAEV, Ayuntamiento y SEDENA trabajar\u00e1n de manera intensiva para reparar las fugas de agua, los baches de las calles y otras acciones de saneamiento y limpieza.<\/p>\n<p><img data-recalc-dims=\"1\" loading=\"lazy\" decoding=\"async\" class=\"aligncenter size-large wp-image-53806\" src=\"https:\/\/i0.wp.com\/politicosaldesnudo.com.mx\/wp-content\/uploads\/2025\/01\/WhatsApp-Image-2025-01-06-at-19.31.22-2-1024x681.jpeg?resize=800%2C532&#038;ssl=1\" alt=\"\" width=\"800\" height=\"532\" srcset=\"https:\/\/i0.wp.com\/politicosaldesnudo.com.mx\/wp-content\/uploads\/2025\/01\/WhatsApp-Image-2025-01-06-at-19.31.22-2.jpeg?resize=1024%2C681&amp;ssl=1 1024w, https:\/\/i0.wp.com\/politicosaldesnudo.com.mx\/wp-content\/uploads\/2025\/01\/WhatsApp-Image-2025-01-06-at-19.31.22-2.jpeg?resize=300%2C200&amp;ssl=1 300w, https:\/\/i0.wp.com\/politicosaldesnudo.com.mx\/wp-content\/uploads\/2025\/01\/WhatsApp-Image-2025-01-06-at-19.31.22-2.jpeg?resize=768%2C511&amp;ssl=1 768w, https:\/\/i0.wp.com\/politicosaldesnudo.com.mx\/wp-content\/uploads\/2025\/01\/WhatsApp-Image-2025-01-06-at-19.31.22-2.jpeg?resize=1536%2C1021&amp;ssl=1 1536w, https:\/\/i0.wp.com\/politicosaldesnudo.com.mx\/wp-content\/uploads\/2025\/01\/WhatsApp-Image-2025-01-06-at-19.31.22-2.jpeg?w=1600&amp;ssl=1 1600w\" sizes=\"auto, (max-width: 800px) 100vw, 800px\" \/><\/p>\n<p>En el arranque de estas acciones estuvo presente el alcalde, Dr. Jes\u00fas Fomperoza Torres; el director general de la Comisi\u00f3n de Agua del Estado de Veracruz, Lic. Luis Fernando Cervantes Cruz; el Gral. de Brigada D.E.M. Jos\u00e9 Antonio Maldonado Guevara, comandante de la 19\u00aa Zona Militar; la s\u00edndica \u00fanica Beatriz Pi\u00f1a Vergara; las regidoras y los regidores Maryanela Monroy Flores, Anah\u00ed Aguilar L\u00f3pez, Lucero Res\u00e9ndis Ambrocio, Luis Demetrio L\u00f3pez Mar\u00edn, Axel Bernal Herrera y Luciano Folgueras Pioli.<\/p>\n<p><img data-recalc-dims=\"1\" loading=\"lazy\" decoding=\"async\" class=\"aligncenter size-large wp-image-53805\" src=\"https:\/\/i0.wp.com\/politicosaldesnudo.com.mx\/wp-content\/uploads\/2025\/01\/WhatsApp-Image-2025-01-06-at-19.31.22-1-1024x681.jpeg?resize=800%2C532&#038;ssl=1\" alt=\"\" width=\"800\" height=\"532\" srcset=\"https:\/\/i0.wp.com\/politicosaldesnudo.com.mx\/wp-content\/uploads\/2025\/01\/WhatsApp-Image-2025-01-06-at-19.31.22-1.jpeg?resize=1024%2C681&amp;ssl=1 1024w, https:\/\/i0.wp.com\/politicosaldesnudo.com.mx\/wp-content\/uploads\/2025\/01\/WhatsApp-Image-2025-01-06-at-19.31.22-1.jpeg?resize=300%2C200&amp;ssl=1 300w, https:\/\/i0.wp.com\/politicosaldesnudo.com.mx\/wp-content\/uploads\/2025\/01\/WhatsApp-Image-2025-01-06-at-19.31.22-1.jpeg?resize=768%2C511&amp;ssl=1 768w, https:\/\/i0.wp.com\/politicosaldesnudo.com.mx\/wp-content\/uploads\/2025\/01\/WhatsApp-Image-2025-01-06-at-19.31.22-1.jpeg?resize=1536%2C1021&amp;ssl=1 1536w, https:\/\/i0.wp.com\/politicosaldesnudo.com.mx\/wp-content\/uploads\/2025\/01\/WhatsApp-Image-2025-01-06-at-19.31.22-1.jpeg?w=1600&amp;ssl=1 1600w\" sizes=\"auto, (max-width: 800px) 100vw, 800px\" \/><\/p>\n<p>La QI. Melba L\u00f3pez Guti\u00e9rrez, directora del DIF Tuxpan; el Lic. Daniel Cortina Mart\u00ednez, diputado local por el Tercer Distrito; el jefe de la Oficina Operadora CAEV Tuxpan, Jorge Alberto Vargas Chavelo y el director del IMSS Bienestar, Dr. Romualdo Cruz Cerecedo.<\/p>\n<p><img data-recalc-dims=\"1\" loading=\"lazy\" decoding=\"async\" class=\"aligncenter size-large wp-image-53804\" src=\"https:\/\/i0.wp.com\/politicosaldesnudo.com.mx\/wp-content\/uploads\/2025\/01\/WhatsApp-Image-2025-01-06-at-19.31.21-1024x681.jpeg?resize=800%2C532&#038;ssl=1\" alt=\"\" width=\"800\" height=\"532\" srcset=\"https:\/\/i0.wp.com\/politicosaldesnudo.com.mx\/wp-content\/uploads\/2025\/01\/WhatsApp-Image-2025-01-06-at-19.31.21.jpeg?resize=1024%2C681&amp;ssl=1 1024w, https:\/\/i0.wp.com\/politicosaldesnudo.com.mx\/wp-content\/uploads\/2025\/01\/WhatsApp-Image-2025-01-06-at-19.31.21.jpeg?resize=300%2C200&amp;ssl=1 300w, https:\/\/i0.wp.com\/politicosaldesnudo.com.mx\/wp-content\/uploads\/2025\/01\/WhatsApp-Image-2025-01-06-at-19.31.21.jpeg?resize=768%2C511&amp;ssl=1 768w, https:\/\/i0.wp.com\/politicosaldesnudo.com.mx\/wp-content\/uploads\/2025\/01\/WhatsApp-Image-2025-01-06-at-19.31.21.jpeg?resize=1536%2C1021&amp;ssl=1 1536w, https:\/\/i0.wp.com\/politicosaldesnudo.com.mx\/wp-content\/uploads\/2025\/01\/WhatsApp-Image-2025-01-06-at-19.31.21.jpeg?w=1600&amp;ssl=1 1600w\" sizes=\"auto, (max-width: 800px) 100vw, 800px\" \/><\/p>\n<p>\u201cOrgullosamente Tuxpan es punto de partida del m\u00e1s grande proyecto de reparaci\u00f3n de fugas de agua y bacheo de las \u00faltimas d\u00e9cadas, que a nivel estatal impulsa el Gobierno del Estado y CAEV, como parte del programa 100 D\u00edas de Gobierno de nuestra gobernadora la Ing. Roc\u00edo Nahle Garc\u00eda\u201d, mencion\u00f3 el alcalde Jes\u00fas Fomperoza.<\/p>\n<p><img data-recalc-dims=\"1\" loading=\"lazy\" decoding=\"async\" class=\"aligncenter size-large wp-image-53803\" src=\"https:\/\/i0.wp.com\/politicosaldesnudo.com.mx\/wp-content\/uploads\/2025\/01\/WhatsApp-Image-2025-01-06-at-19.31.21-1-1024x681.jpeg?resize=800%2C532&#038;ssl=1\" alt=\"\" width=\"800\" height=\"532\" srcset=\"https:\/\/i0.wp.com\/politicosaldesnudo.com.mx\/wp-content\/uploads\/2025\/01\/WhatsApp-Image-2025-01-06-at-19.31.21-1.jpeg?resize=1024%2C681&amp;ssl=1 1024w, https:\/\/i0.wp.com\/politicosaldesnudo.com.mx\/wp-content\/uploads\/2025\/01\/WhatsApp-Image-2025-01-06-at-19.31.21-1.jpeg?resize=300%2C200&amp;ssl=1 300w, https:\/\/i0.wp.com\/politicosaldesnudo.com.mx\/wp-content\/uploads\/2025\/01\/WhatsApp-Image-2025-01-06-at-19.31.21-1.jpeg?resize=768%2C511&amp;ssl=1 768w, https:\/\/i0.wp.com\/politicosaldesnudo.com.mx\/wp-content\/uploads\/2025\/01\/WhatsApp-Image-2025-01-06-at-19.31.21-1.jpeg?resize=1536%2C1021&amp;ssl=1 1536w, https:\/\/i0.wp.com\/politicosaldesnudo.com.mx\/wp-content\/uploads\/2025\/01\/WhatsApp-Image-2025-01-06-at-19.31.21-1.jpeg?w=1600&amp;ssl=1 1600w\" sizes=\"auto, (max-width: 800px) 100vw, 800px\" \/><\/p>\n<p>\u201cReparar los baches es esencial para garantizar la seguridad de quienes transitan por nuestras calles, y es un s\u00edmbolo de compromiso del gobierno para atender las necesidades de la comunidad, y la reparaci\u00f3n de fugas nos permitir\u00e1 aprovechar al m\u00e1ximo el agua disponible para cubrir las necesidades de las colonias\u201d.<\/p>\n<p><img data-recalc-dims=\"1\" loading=\"lazy\" decoding=\"async\" class=\"aligncenter size-large wp-image-53801\" src=\"https:\/\/i0.wp.com\/politicosaldesnudo.com.mx\/wp-content\/uploads\/2025\/01\/WhatsApp-Image-2025-01-06-at-19.31.20-2-1024x681.jpeg?resize=800%2C532&#038;ssl=1\" alt=\"\" width=\"800\" height=\"532\" srcset=\"https:\/\/i0.wp.com\/politicosaldesnudo.com.mx\/wp-content\/uploads\/2025\/01\/WhatsApp-Image-2025-01-06-at-19.31.20-2.jpeg?resize=1024%2C681&amp;ssl=1 1024w, https:\/\/i0.wp.com\/politicosaldesnudo.com.mx\/wp-content\/uploads\/2025\/01\/WhatsApp-Image-2025-01-06-at-19.31.20-2.jpeg?resize=300%2C200&amp;ssl=1 300w, https:\/\/i0.wp.com\/politicosaldesnudo.com.mx\/wp-content\/uploads\/2025\/01\/WhatsApp-Image-2025-01-06-at-19.31.20-2.jpeg?resize=768%2C511&amp;ssl=1 768w, https:\/\/i0.wp.com\/politicosaldesnudo.com.mx\/wp-content\/uploads\/2025\/01\/WhatsApp-Image-2025-01-06-at-19.31.20-2.jpeg?resize=1536%2C1021&amp;ssl=1 1536w, https:\/\/i0.wp.com\/politicosaldesnudo.com.mx\/wp-content\/uploads\/2025\/01\/WhatsApp-Image-2025-01-06-at-19.31.20-2.jpeg?w=1600&amp;ssl=1 1600w\" sizes=\"auto, (max-width: 800px) 100vw, 800px\" \/><\/p>\n<p>Inform\u00f3 que los trabajos se realizar\u00e1n en toda la ciudad, haciendo las reparaciones necesarias en la red de distribuci\u00f3n, y en forma paralela se atender\u00e1 el pavimento da\u00f1ado y las excavaciones abiertas.<\/p>\n<p><img data-recalc-dims=\"1\" loading=\"lazy\" decoding=\"async\" class=\"aligncenter size-large wp-image-53800\" src=\"https:\/\/i0.wp.com\/politicosaldesnudo.com.mx\/wp-content\/uploads\/2025\/01\/WhatsApp-Image-2025-01-06-at-19.31.20-1-1024x681.jpeg?resize=800%2C532&#038;ssl=1\" alt=\"\" width=\"800\" height=\"532\" srcset=\"https:\/\/i0.wp.com\/politicosaldesnudo.com.mx\/wp-content\/uploads\/2025\/01\/WhatsApp-Image-2025-01-06-at-19.31.20-1.jpeg?resize=1024%2C681&amp;ssl=1 1024w, https:\/\/i0.wp.com\/politicosaldesnudo.com.mx\/wp-content\/uploads\/2025\/01\/WhatsApp-Image-2025-01-06-at-19.31.20-1.jpeg?resize=300%2C200&amp;ssl=1 300w, https:\/\/i0.wp.com\/politicosaldesnudo.com.mx\/wp-content\/uploads\/2025\/01\/WhatsApp-Image-2025-01-06-at-19.31.20-1.jpeg?resize=768%2C511&amp;ssl=1 768w, https:\/\/i0.wp.com\/politicosaldesnudo.com.mx\/wp-content\/uploads\/2025\/01\/WhatsApp-Image-2025-01-06-at-19.31.20-1.jpeg?resize=1536%2C1021&amp;ssl=1 1536w, https:\/\/i0.wp.com\/politicosaldesnudo.com.mx\/wp-content\/uploads\/2025\/01\/WhatsApp-Image-2025-01-06-at-19.31.20-1.jpeg?w=1600&amp;ssl=1 1600w\" sizes=\"auto, (max-width: 800px) 100vw, 800px\" \/><\/p>\n<p>Jes\u00fas Fomperoza reconoci\u00f3 la labor de la gobernadora Roc\u00edo Nahle y del director estatal de CAEV, Luis Fernando Cervantes Cruz, y su apoyo para iniciar en forma inmediata estos programas que, sin duda, ser\u00e1n de gran beneficio para las y los veracruzanos.<\/p>\n<p><img data-recalc-dims=\"1\" loading=\"lazy\" decoding=\"async\" class=\"aligncenter size-large wp-image-53799\" src=\"https:\/\/i0.wp.com\/politicosaldesnudo.com.mx\/wp-content\/uploads\/2025\/01\/WhatsApp-Image-2025-01-06-at-19.31.19-1024x681.jpeg?resize=800%2C532&#038;ssl=1\" alt=\"\" width=\"800\" height=\"532\" srcset=\"https:\/\/i0.wp.com\/politicosaldesnudo.com.mx\/wp-content\/uploads\/2025\/01\/WhatsApp-Image-2025-01-06-at-19.31.19.jpeg?resize=1024%2C681&amp;ssl=1 1024w, https:\/\/i0.wp.com\/politicosaldesnudo.com.mx\/wp-content\/uploads\/2025\/01\/WhatsApp-Image-2025-01-06-at-19.31.19.jpeg?resize=300%2C200&amp;ssl=1 300w, https:\/\/i0.wp.com\/politicosaldesnudo.com.mx\/wp-content\/uploads\/2025\/01\/WhatsApp-Image-2025-01-06-at-19.31.19.jpeg?resize=768%2C511&amp;ssl=1 768w, https:\/\/i0.wp.com\/politicosaldesnudo.com.mx\/wp-content\/uploads\/2025\/01\/WhatsApp-Image-2025-01-06-at-19.31.19.jpeg?resize=1536%2C1021&amp;ssl=1 1536w, https:\/\/i0.wp.com\/politicosaldesnudo.com.mx\/wp-content\/uploads\/2025\/01\/WhatsApp-Image-2025-01-06-at-19.31.19.jpeg?w=1600&amp;ssl=1 1600w\" sizes=\"auto, (max-width: 800px) 100vw, 800px\" \/><\/p>\n<p>Por su parte, Luis Fernando Cervantes destac\u00f3 que el objetivo de estos programas es abatir, en tres meses, el 90 % de las fugas y la totalidad de los baches ocasionados por trabajos operativos:<\/p>\n<p>\u201cSe intervendr\u00e1n 700 sistemas en 600 localidades de 92 municipios, beneficiando a 1.8 millones de habitantes, aproximadamente, con atenci\u00f3n especial a tuber\u00edas obsoletas, algunas sin mantenimiento desde hace d\u00e9cadas\u201d.<\/p>\n<p><img data-recalc-dims=\"1\" loading=\"lazy\" decoding=\"async\" class=\"aligncenter size-large wp-image-53798\" src=\"https:\/\/i0.wp.com\/politicosaldesnudo.com.mx\/wp-content\/uploads\/2025\/01\/WhatsApp-Image-2025-01-06-at-19.31.19-2-1024x681.jpeg?resize=800%2C532&#038;ssl=1\" alt=\"\" width=\"800\" height=\"532\" srcset=\"https:\/\/i0.wp.com\/politicosaldesnudo.com.mx\/wp-content\/uploads\/2025\/01\/WhatsApp-Image-2025-01-06-at-19.31.19-2.jpeg?resize=1024%2C681&amp;ssl=1 1024w, https:\/\/i0.wp.com\/politicosaldesnudo.com.mx\/wp-content\/uploads\/2025\/01\/WhatsApp-Image-2025-01-06-at-19.31.19-2.jpeg?resize=300%2C200&amp;ssl=1 300w, https:\/\/i0.wp.com\/politicosaldesnudo.com.mx\/wp-content\/uploads\/2025\/01\/WhatsApp-Image-2025-01-06-at-19.31.19-2.jpeg?resize=768%2C511&amp;ssl=1 768w, https:\/\/i0.wp.com\/politicosaldesnudo.com.mx\/wp-content\/uploads\/2025\/01\/WhatsApp-Image-2025-01-06-at-19.31.19-2.jpeg?resize=1536%2C1021&amp;ssl=1 1536w, https:\/\/i0.wp.com\/politicosaldesnudo.com.mx\/wp-content\/uploads\/2025\/01\/WhatsApp-Image-2025-01-06-at-19.31.19-2.jpeg?w=1600&amp;ssl=1 1600w\" sizes=\"auto, (max-width: 800px) 100vw, 800px\" \/><\/p>\n<p>Manifest\u00f3 conocer la problem\u00e1tica que se enfrenta en el norte del estado con la falta de agua, derivado de la falta de mantenimiento de los sistemas, las fugas que ocasionan estos mismos y los baches que dejan las reparaciones y que por muchos a\u00f1os no se hab\u00edan atendido de manera correcta.<\/p>\n<p><img data-recalc-dims=\"1\" loading=\"lazy\" decoding=\"async\" class=\"aligncenter size-large wp-image-53797\" src=\"https:\/\/i0.wp.com\/politicosaldesnudo.com.mx\/wp-content\/uploads\/2025\/01\/WhatsApp-Image-2025-01-06-at-19.31.19-1-1024x681.jpeg?resize=800%2C532&#038;ssl=1\" alt=\"\" width=\"800\" height=\"532\" srcset=\"https:\/\/i0.wp.com\/politicosaldesnudo.com.mx\/wp-content\/uploads\/2025\/01\/WhatsApp-Image-2025-01-06-at-19.31.19-1.jpeg?resize=1024%2C681&amp;ssl=1 1024w, https:\/\/i0.wp.com\/politicosaldesnudo.com.mx\/wp-content\/uploads\/2025\/01\/WhatsApp-Image-2025-01-06-at-19.31.19-1.jpeg?resize=300%2C200&amp;ssl=1 300w, https:\/\/i0.wp.com\/politicosaldesnudo.com.mx\/wp-content\/uploads\/2025\/01\/WhatsApp-Image-2025-01-06-at-19.31.19-1.jpeg?resize=768%2C511&amp;ssl=1 768w, https:\/\/i0.wp.com\/politicosaldesnudo.com.mx\/wp-content\/uploads\/2025\/01\/WhatsApp-Image-2025-01-06-at-19.31.19-1.jpeg?resize=1536%2C1021&amp;ssl=1 1536w, https:\/\/i0.wp.com\/politicosaldesnudo.com.mx\/wp-content\/uploads\/2025\/01\/WhatsApp-Image-2025-01-06-at-19.31.19-1.jpeg?w=1600&amp;ssl=1 1600w\" sizes=\"auto, (max-width: 800px) 100vw, 800px\" \/><\/p>\n<p>Por ello agradeci\u00f3 a la gente de Tuxpan, al alcalde Jes\u00fas Fomperoza y a la SEDENA por unirse de manera solidaria al desarrollo de estos programas.<\/p>\n<p>Se\u00f1al\u00f3 que estas acciones refrendan el compromiso de la gobernadora de mejorar la calidad de vida de los veracruzanos, pero sobre todo su gran amor por el pueblo de Veracruz.<\/p>\n<p><img data-recalc-dims=\"1\" loading=\"lazy\" decoding=\"async\" class=\"aligncenter size-large wp-image-53796\" src=\"https:\/\/i0.wp.com\/politicosaldesnudo.com.mx\/wp-content\/uploads\/2025\/01\/WhatsApp-Image-2025-01-06-at-19.31.18-1024x771.jpeg?resize=800%2C602&#038;ssl=1\" alt=\"\" width=\"800\" height=\"602\" srcset=\"https:\/\/i0.wp.com\/politicosaldesnudo.com.mx\/wp-content\/uploads\/2025\/01\/WhatsApp-Image-2025-01-06-at-19.31.18.jpeg?resize=1024%2C771&amp;ssl=1 1024w, https:\/\/i0.wp.com\/politicosaldesnudo.com.mx\/wp-content\/uploads\/2025\/01\/WhatsApp-Image-2025-01-06-at-19.31.18.jpeg?resize=300%2C226&amp;ssl=1 300w, https:\/\/i0.wp.com\/politicosaldesnudo.com.mx\/wp-content\/uploads\/2025\/01\/WhatsApp-Image-2025-01-06-at-19.31.18.jpeg?resize=768%2C578&amp;ssl=1 768w, https:\/\/i0.wp.com\/politicosaldesnudo.com.mx\/wp-content\/uploads\/2025\/01\/WhatsApp-Image-2025-01-06-at-19.31.18.jpeg?resize=1536%2C1156&amp;ssl=1 1536w, https:\/\/i0.wp.com\/politicosaldesnudo.com.mx\/wp-content\/uploads\/2025\/01\/WhatsApp-Image-2025-01-06-at-19.31.18.jpeg?w=1600&amp;ssl=1 1600w\" sizes=\"auto, (max-width: 800px) 100vw, 800px\" \/><\/p>\n<p>Posteriormente, el Ayuntamiento de Tuxpan puso en marcha el programa de limpieza de camellones y desazolve de drenes pluviales.<\/p>\n<p><img data-recalc-dims=\"1\" loading=\"lazy\" decoding=\"async\" class=\"aligncenter size-large wp-image-53795\" src=\"https:\/\/i0.wp.com\/politicosaldesnudo.com.mx\/wp-content\/uploads\/2025\/01\/WhatsApp-Image-2025-01-06-at-19.31.18-1-1024x681.jpeg?resize=800%2C532&#038;ssl=1\" alt=\"\" width=\"800\" height=\"532\" srcset=\"https:\/\/i0.wp.com\/politicosaldesnudo.com.mx\/wp-content\/uploads\/2025\/01\/WhatsApp-Image-2025-01-06-at-19.31.18-1.jpeg?resize=1024%2C681&amp;ssl=1 1024w, https:\/\/i0.wp.com\/politicosaldesnudo.com.mx\/wp-content\/uploads\/2025\/01\/WhatsApp-Image-2025-01-06-at-19.31.18-1.jpeg?resize=300%2C200&amp;ssl=1 300w, https:\/\/i0.wp.com\/politicosaldesnudo.com.mx\/wp-content\/uploads\/2025\/01\/WhatsApp-Image-2025-01-06-at-19.31.18-1.jpeg?resize=768%2C511&amp;ssl=1 768w, https:\/\/i0.wp.com\/politicosaldesnudo.com.mx\/wp-content\/uploads\/2025\/01\/WhatsApp-Image-2025-01-06-at-19.31.18-1.jpeg?resize=1536%2C1021&amp;ssl=1 1536w, https:\/\/i0.wp.com\/politicosaldesnudo.com.mx\/wp-content\/uploads\/2025\/01\/WhatsApp-Image-2025-01-06-at-19.31.18-1.jpeg?w=1600&amp;ssl=1 1600w\" sizes=\"auto, (max-width: 800px) 100vw, 800px\" \/><\/p>\n<p>DESAZOLVE Y LIMPIEZA EN LA CALLE CUAUHT\u00c9MOC.<\/p>\n<p>Personal del Gobierno de Tuxpan, CAEV, SEDENA tambi\u00e9n participaron en las tareas de limpieza y desazolve del camell\u00f3n central de la calle Cuauht\u00e9moc. Estos trabajos se extender\u00e1n a otras calles, en los pr\u00f3ximos d\u00edas.<\/p>\n<p>Otro tema importante que se est\u00e1 solucionando es la reparaci\u00f3n del colector sanitario de Santiago de la Pe\u00f1a, bajo el puente Tuxpan.<\/p>\n","protected":false},"excerpt":{"rendered":"<p>\u2022 El alcalde Dr. Jes\u00fas Fomperoza Torres agradeci\u00f3 a la gobernadora Roc\u00edo Nahle, su respaldo al municipio de Tuxpan. \u2022<\/p>\n","protected":false},"author":4,"featured_media":53802,"comment_status":"closed","ping_status":"closed","sticky":false,"template":"","format":"standard","meta":{"colormag_page_container_layout":"default_layout","colormag_page_sidebar_layout":"default_layout","_jetpack_memberships_contains_paid_content":false,"footnotes":"","jetpack_publicize_message":"","jetpack_publicize_feature_enabled":true,"jetpack_social_post_already_shared":false,"jetpack_social_options":{"image_generator_settings":{"template":"highway","default_image_id":0,"font":"","enabled":false},"version":2}},"categories":[3205,1082],"tags":[],"class_list":["post-53794","post","type-post","status-publish","format-standard","has-post-thumbnail","hentry","category-gobierno-tuxpan","category-tuxpan"],"jetpack_publicize_connections":[],"jetpack_featured_media_url":"https:\/\/i0.wp.com\/politicosaldesnudo.com.mx\/wp-content\/uploads\/2025\/01\/WhatsApp-Image-2025-01-06-at-19.31.20.jpeg?fit=1600%2C1064&ssl=1","jetpack-related-posts":[],"jetpack_sharing_enabled":true,"_links":{"self":[{"href":"https:\/\/politicosaldesnudo.com.mx\/index.php\/wp-json\/wp\/v2\/posts\/53794","targetHints":{"allow":["GET"]}}],"collection":[{"href":"https:\/\/politicosaldesnudo.com.mx\/index.php\/wp-json\/wp\/v2\/posts"}],"about":[{"href":"https:\/\/politicosaldesnudo.com.mx\/index.php\/wp-json\/wp\/v2\/types\/post"}],"author":[{"embeddable":true,"href":"https:\/\/politicosaldesnudo.com.mx\/index.php\/wp-json\/wp\/v2\/users\/4"}],"replies":[{"embeddable":true,"href":"https:\/\/politicosaldesnudo.com.mx\/index.php\/wp-json\/wp\/v2\/comments?post=53794"}],"version-history":[{"count":0,"href":"https:\/\/politicosaldesnudo.com.mx\/index.php\/wp-json\/wp\/v2\/posts\/53794\/revisions"}],"wp:featuredmedia":[{"embeddable":true,"href":"https:\/\/politicosaldesnudo.com.mx\/index.php\/wp-json\/wp\/v2\/media\/53802"}],"wp:attachment":[{"href":"https:\/\/politicosaldesnudo.com.mx\/index.php\/wp-json\/wp\/v2\/media?parent=53794"}],"wp:term":[{"taxonomy":"category","embeddable":true,"href":"https:\/\/politicosaldesnudo.com.mx\/index.php\/wp-json\/wp\/v2\/categories?post=53794"},{"taxonomy":"post_tag","embeddable":true,"href":"https:\/\/politicosaldesnudo.com.mx\/index.php\/wp-json\/wp\/v2\/tags?post=53794"}],"curies":[{"name":"wp","href":"https:\/\/api.w.org\/{rel}","templated":true}]}}